{"id":25056,"date":"2020-12-29T12:56:01","date_gmt":"2020-12-29T15:56:01","guid":{"rendered":"http:\/\/www.rtvnoticias.com.ar\/?p=25056"},"modified":"2020-12-29T12:56:01","modified_gmt":"2020-12-29T15:56:01","slug":"tucuman-por-un-temporal-dos-personas-murieron-electrocutadas","status":"publish","type":"post","link":"http:\/\/www.rtvnoticias.com.ar\/?p=25056","title":{"rendered":"Tucum\u00e1n: por un temporal, dos personas murieron electrocutadas"},"content":{"rendered":"\n<p style=\"text-align:center\"><strong>Las fuertes lluvias se registraron este lunes provocando la muerte de dos personas electrocutadas, m\u00e1s de 30 mil peronas sin luz, anegamientos, ca\u00edda de \u00e1rboles y voladura de techos.<\/strong><\/p>\n\n\n\n<p>Seg\u00fan el Servicio Meteorol\u00f3gico cayeron 105 mil\u00edmetros de agua entre las 20 y 21.08 del lunes.<br>Dos hombres muertos por electrocuci\u00f3n, m\u00e1s de 30 mil personas sin luz, anegamientos en casas, comercios, hospitales y calles, fue el saldo un temporal ocurrido este lunes en la provincia de Tucum\u00e1n, informaron esta ma\u00f1ana fuentes policiales.<\/p>\n\n\n\n<p>Las fuertes lluvias provocaron adem\u00e1s ca\u00edda de \u00e1rboles y voladuras de techos.<\/p>\n\n\n\n<p>Una de las v\u00edctimas fatales fue identificada como Juan Manuel Monteros, quien de acuerdo al testimonio de su hijo, se hab\u00eda dirigido al fondo de su casa, ubicada en la ciudad de Yerba Buena, con la intenci\u00f3n de encender un artefacto el\u00e9ctrico cuando recibi\u00f3 una fuerte descarga que le provoc\u00f3 la muerte.<\/p>\n\n\n\n<p>Seg\u00fan informaron las fuentes, Monteros fue trasladado Hospital Ram\u00f3n Carrillo donde los m\u00e9dicos indicaron que ingres\u00f3 sin vida debido a un paro cardiorespiratorio por electrocuci\u00f3n.<\/p>\n\n\n\n<p>La otra v\u00edctima es un joven de 22 a\u00f1os cuya identidad no fue informada, quien falleci\u00f3 tambi\u00e9n electrocutado al entrar en contacto con un tr\u00e1iler estacionado en un garaje, ubicado en la calle Am\u00e9rico Vespucio al 1400.<\/p>\n\n\n\n<p>Fernando Torres, director de Defensa Civil de Tucum\u00e1n, se\u00f1al\u00f3 que los puntos m\u00e1s afectadas por el temporal fueron la zona del Gran San Miguel y Yerba Buena donde m\u00e1s de 30 mil usuarios sufrieron cortes de luz y hubo voladuras de techos y ca\u00eddas de arboles sobre autos<\/p>\n\n\n\n<p>Adem\u00e1s, se registraron inundaciones en calles de la capital, donde se formaron fuertes corrientes de agua fuerte que arrastraron autos y motos.<\/p>\n\n\n\n<figure class=\"wp-block-image\"><img decoding=\"async\" src=\"https:\/\/www.telam.com.ar\/advf\/imagenes\/2020\/12\/5feb37a7dca78_1004x565.jpg\" alt=\"se registraron inundaciones en calles de la capital, donde se formaron fuertes corrientes de agua fuerte que arrastraron autos y motos.\"\/><figcaption> <br>Se registraron inundaciones en calles de la capital, donde se formaron fuertes corrientes de agua fuerte que arrastraron autos y motos. <\/figcaption><\/figure>\n\n\n\n<p>Tambi\u00e9n se inundaron los Hospitales Centro de Salud y de Ni\u00f1os, donde algunos pacientes tuvieron que ser trasladados de la zona de internaci\u00f3n a otros sectores donde el agua no ingres\u00f3.<\/p>\n\n\n\n<p>Seg\u00fan el Servicio Meteorol\u00f3gico cayeron 105 mil\u00edmetros de agua entre las 20 y 21.08 del lunes.\n\n<\/p>\n<div class=\"sharedaddy sd-sharing-enabled\"><div class=\"robots-nocontent sd-block sd-social sd-social-icon sd-sharing\"><h3 class=\"sd-title\">Comparte esto:<\/h3><div class=\"sd-content\"><ul><li class=\"share-twitter\"><a rel=\"nofollow noopener noreferrer\" data-shared=\"sharing-twitter-25056\" class=\"share-twitter sd-button share-icon no-text\" href=\"http:\/\/www.rtvnoticias.com.ar\/?p=25056&amp;share=twitter\" target=\"_blank\" title=\"Haz clic para compartir en Twitter\"><span><\/span><span class=\"sharing-screen-reader-text\">Haz clic para compartir en Twitter (Se abre en una ventana nueva)<\/span><\/a><\/li><li class=\"share-facebook\"><a rel=\"nofollow noopener noreferrer\" data-shared=\"sharing-facebook-25056\" class=\"share-facebook sd-button share-icon no-text\" href=\"http:\/\/www.rtvnoticias.com.ar\/?p=25056&amp;share=facebook\" target=\"_blank\" title=\"Haz clic para compartir en Facebook\"><span><\/span><span class=\"sharing-screen-reader-text\">Haz clic para compartir en Facebook (Se abre en una ventana nueva)<\/span><\/a><\/li><li class=\"share-jetpack-whatsapp\"><a rel=\"nofollow noopener noreferrer\" data-shared=\"\" class=\"share-jetpack-whatsapp sd-button share-icon no-text\" href=\"http:\/\/www.rtvnoticias.com.ar\/?p=25056&amp;share=jetpack-whatsapp\" target=\"_blank\" title=\"Haz clic para compartir en WhatsApp\"><span><\/span><span class=\"sharing-screen-reader-text\">Haz clic para compartir en WhatsApp (Se abre en una ventana nueva)<\/span><\/a><\/li><li class=\"share-telegram\"><a rel=\"nofollow noopener noreferrer\" data-shared=\"\" class=\"share-telegram sd-button share-icon no-text\" href=\"http:\/\/www.rtvnoticias.com.ar\/?p=25056&amp;share=telegram\" target=\"_blank\" title=\"Haz clic para compartir en Telegram\"><span><\/span><span class=\"sharing-screen-reader-text\">Haz clic para compartir en Telegram (Se abre en una ventana nueva)<\/span><\/a><\/li><li class=\"share-end\"><\/li><\/ul><\/div><\/div><\/div>","protected":false},"excerpt":{"rendered":"<p>Las fuertes lluvias se registraron este lunes provocando la muerte de dos personas electrocutadas, m\u00e1s de 30 mil peronas sin luz, anegamientos, ca\u00edda de \u00e1rboles<\/p>\n<div class=\"sharedaddy sd-sharing-enabled\"><div class=\"robots-nocontent sd-block sd-social sd-social-icon sd-sharing\"><h3 class=\"sd-title\">Comparte esto:<\/h3><div class=\"sd-content\"><ul><li class=\"share-twitter\"><a rel=\"nofollow noopener noreferrer\" data-shared=\"sharing-twitter-25056\" class=\"share-twitter sd-button share-icon no-text\" href=\"http:\/\/www.rtvnoticias.com.ar\/?p=25056&amp;share=twitter\" target=\"_blank\" title=\"Haz clic para compartir en Twitter\"><span><\/span><span class=\"sharing-screen-reader-text\">Haz clic para compartir en Twitter (Se abre en una ventana nueva)<\/span><\/a><\/li><li class=\"share-facebook\"><a rel=\"nofollow noopener noreferrer\" data-shared=\"sharing-facebook-25056\" class=\"share-facebook sd-button share-icon no-text\" href=\"http:\/\/www.rtvnoticias.com.ar\/?p=25056&amp;share=facebook\" target=\"_blank\" title=\"Haz clic para compartir en Facebook\"><span><\/span><span class=\"sharing-screen-reader-text\">Haz clic para compartir en Facebook (Se abre en una ventana nueva)<\/span><\/a><\/li><li class=\"share-jetpack-whatsapp\"><a rel=\"nofollow noopener noreferrer\" data-shared=\"\" class=\"share-jetpack-whatsapp sd-button share-icon no-text\" href=\"http:\/\/www.rtvnoticias.com.ar\/?p=25056&amp;share=jetpack-whatsapp\" target=\"_blank\" title=\"Haz clic para compartir en WhatsApp\"><span><\/span><span class=\"sharing-screen-reader-text\">Haz clic para compartir en WhatsApp (Se abre en una ventana nueva)<\/span><\/a><\/li><li class=\"share-telegram\"><a rel=\"nofollow noopener noreferrer\" data-shared=\"\" class=\"share-telegram sd-button share-icon no-text\" href=\"http:\/\/www.rtvnoticias.com.ar\/?p=25056&amp;share=telegram\" target=\"_blank\" title=\"Haz clic para compartir en Telegram\"><span><\/span><span class=\"sharing-screen-reader-text\">Haz clic para compartir en Telegram (Se abre en una ventana nueva)<\/span><\/a><\/li><li class=\"share-end\"><\/li><\/ul><\/div><\/div><\/div>","protected":false},"author":7,"featured_media":25057,"comment_status":"closed","ping_status":"closed","sticky":false,"template":"","format":"standard","meta":{"spay_email":"","jetpack_publicize_message":"","jetpack_is_tweetstorm":false,"jetpack_publicize_feature_enabled":true},"categories":[1],"tags":[],"jetpack_featured_media_url":"http:\/\/www.rtvnoticias.com.ar\/wp-content\/uploads\/2020\/12\/lluvia-tucuman.jpg","jetpack_publicize_connections":[],"jetpack_sharing_enabled":true,"_links":{"self":[{"href":"http:\/\/www.rtvnoticias.com.ar\/index.php?rest_route=\/wp\/v2\/posts\/25056"}],"collection":[{"href":"http:\/\/www.rtvnoticias.com.ar\/index.php?rest_route=\/wp\/v2\/posts"}],"about":[{"href":"http:\/\/www.rtvnoticias.com.ar\/index.php?rest_route=\/wp\/v2\/types\/post"}],"author":[{"embeddable":true,"href":"http:\/\/www.rtvnoticias.com.ar\/index.php?rest_route=\/wp\/v2\/users\/7"}],"replies":[{"embeddable":true,"href":"http:\/\/www.rtvnoticias.com.ar\/index.php?rest_route=%2Fwp%2Fv2%2Fcomments&post=25056"}],"version-history":[{"count":2,"href":"http:\/\/www.rtvnoticias.com.ar\/index.php?rest_route=\/wp\/v2\/posts\/25056\/revisions"}],"predecessor-version":[{"id":25059,"href":"http:\/\/www.rtvnoticias.com.ar\/index.php?rest_route=\/wp\/v2\/posts\/25056\/revisions\/25059"}],"wp:featuredmedia":[{"embeddable":true,"href":"http:\/\/www.rtvnoticias.com.ar\/index.php?rest_route=\/wp\/v2\/media\/25057"}],"wp:attachment":[{"href":"http:\/\/www.rtvnoticias.com.ar\/index.php?rest_route=%2Fwp%2Fv2%2Fmedia&parent=25056"}],"wp:term":[{"taxonomy":"category","embeddable":true,"href":"http:\/\/www.rtvnoticias.com.ar\/index.php?rest_route=%2Fwp%2Fv2%2Fcategories&post=25056"},{"taxonomy":"post_tag","embeddable":true,"href":"http:\/\/www.rtvnoticias.com.ar\/index.php?rest_route=%2Fwp%2Fv2%2Ftags&post=25056"}],"curies":[{"name":"wp","href":"https:\/\/api.w.org\/{rel}","templated":true}]}}