{"id":25065,"date":"2020-12-30T09:58:03","date_gmt":"2020-12-30T12:58:03","guid":{"rendered":"http:\/\/www.rtvnoticias.com.ar\/?p=25065"},"modified":"2020-12-30T09:58:05","modified_gmt":"2020-12-30T12:58:05","slug":"aborto-legal-con-38-votos-positivos-29-negativos-y-una-abstencion-el-senado-aprobo-la-ley","status":"publish","type":"post","link":"http:\/\/www.rtvnoticias.com.ar\/?p=25065","title":{"rendered":"Aborto legal: con 38 votos positivos, 29 negativos y una abstenci\u00f3n, el Senado aprob\u00f3 la ley"},"content":{"rendered":"\n<p style=\"text-align:center\"><strong>Se vot\u00f3 pasadas las 4 de la madrugada. El cambio de una palabra en el proyecto fue clave para conseguir los votos \u201cverdes\u201d que faltaban.<\/strong><\/p>\n\n\n\n<p>El Senado convirti\u00f3 este mi\u00e9rcoles a la madrugada en ley la legalizaci\u00f3n del aborto, en una hist\u00f3rica sesi\u00f3n que fue seguida por miles de manifestantes y colectivos de mujeres de todo el pa\u00eds. Tambi\u00e9n se sancion\u00f3 el Plan de los 1000 d\u00edas de cuidado integral de la salud durante el embarazo y la primera infancia.<\/p>\n\n\n\n<p>El \u201cs\u00ed\u201d a la legalizaci\u00f3n del aborto hasta la semana 14 de gestaci\u00f3n se impuso por 38 votos afirmativos y 29 negativos y una abstenci\u00f3n, tras un acuerdo alcanzado con algunos senadores indefinidos para retoques en el texto al momento de la promulgaci\u00f3n, en una sesi\u00f3n que comenz\u00f3 el martes y se extendi\u00f3 durante 12 horas.<\/p>\n\n\n\n<p>As\u00ed, la C\u00e1mara tradicionalmente m\u00e1s conservadora del Congreso, que fren\u00f3 hace dos a\u00f1os la misma iniciativa por 38 votos contra 31, logr\u00f3 esta vez darle luz verde a una ley que prioriza el derecho de la mujer a decidir sobre su cuerpo por sobre las objeciones basadas en los preceptos constitucionales de defensa de la vida desde la concepci\u00f3n.<\/p>\n\n\n\n<p>El suspenso sobre el resultado se mantuvo en el Senado hasta el \u00faltimo minuto y la opci\u00f3n por el \u201cs\u00ed\u201d al aborto se defini\u00f3 finalmente con el anuncio del oficialismo de que se vetar\u00eda parcialmente un art\u00edculo cuya interpretaci\u00f3n sobre la alternativa del aborto despu\u00e9s de la semana 14 de gestaci\u00f3n era muy amplio.<\/p>\n\n\n\n<p>El respaldo de los senadores del Juntos Somos R\u00edo Negro, Alberto Weretilneck, y los del Frente de Todos Eduardo Kueider y Sergio Leavy, as\u00ed como el de la neuquina opositora Lucila Crexell, fue decisivo para consolidar el aval a la propuesta del Gobierno.<\/p>\n\n\n\n<p>Tras la sanci\u00f3n de la norma sobre el aborto, el Senado aprob\u00f3 por unanimidad el proyecto de Ley Nacional de Atenci\u00f3n y Cuidado Integral de la Salud durante el Embarazo y la Primera Infancia, conocido tambi\u00e9n como el Plan de los 1000 d\u00edas.<\/p>\n\n\n\n<p>La nueva ley de aborto, llevada al Congreso por el Gobierno de Alberto Fern\u00e1ndez en l\u00ednea con una de sus promesas de campa\u00f1a, deja atr\u00e1s una legislaci\u00f3n de 99 a\u00f1os que castigaba con cuatro a\u00f1os de c\u00e1rcel a las mujeres que abortaban y s\u00f3lo permit\u00eda la interrupci\u00f3n de los embarazos en casos de violaci\u00f3n o de peligro de vida para la persona gestante.<\/p>\n\n\n\n<p>Ahora, con la flamante normativa lograda tras al menos seis env\u00edos fallidos de proyectos de ley similares en los \u00faltimos 15 a\u00f1os, las mujeres podr\u00e1n interrumpir un embarazo sin temor de ir a prisi\u00f3n hasta la semana 14 y el sistema de salud p\u00fablico deber\u00e1 garantizar la cobertura de la intervenci\u00f3n de manera gratuita.<\/p>\n\n\n\n<p>La intervenci\u00f3n del papa Francisco, en la previa de la sesi\u00f3n, con un tuit en favor de \u201clas dos vidas\u201d, y la apelaci\u00f3n a la inconstitucionalidad, no logr\u00f3 consolidar el voto de los detractores de la legalizaci\u00f3n, que anunciaron que llevar\u00edan su demanda a la Justicia.<\/p>\n\n\n\n<p>El resultado en favor del fin de la despenalizaci\u00f3n y la legalizaci\u00f3n del aborto fue festejado en la calle por los partidarios \u201cverdes\u201d, en su mayor\u00eda mujeres y j\u00f3venes que siguieron el minuto a minuto de la sesi\u00f3n en las afueras del Palacio Legislativo.<\/p>\n\n\n\n<p>La indefinici\u00f3n de algunos senadores que mantuvieron en reserva su posici\u00f3n hasta el \u00faltimo minuto hicieron que esta sesi\u00f3n sea una de las que mayores expectativas concit\u00f3 no s\u00f3lo en la opini\u00f3n p\u00fablica argentina sino en pa\u00edses de habla hispana.<\/p>\n\n\n\n<p>Pocas leyes como esta -con excepci\u00f3n de la referida a la resoluci\u00f3n 125 de retenciones para el campo, en 2008- llegaron al recinto con un resultado tan incierto y una paridad tal que hasta se especul\u00f3 con que la vicepresidenta y presidenta del Senado, Cristina Fern\u00e1ndez de Kirchner, podr\u00eda llegar a tener que desempatar.<\/p>\n\n\n\n<p>La transversalidad de la medida, que atraves\u00f3 a las dos principales fuerzas pol\u00edticas del pa\u00eds pero en general a toda la sociedad, transform\u00f3 a esta norma en una de las pocas que logr\u00f3 trascender la llamada \u201cgrieta\u201d que divide a los argentinos.<\/p>\n\n\n\n<p><\/p>\n<div class=\"sharedaddy sd-sharing-enabled\"><div class=\"robots-nocontent sd-block sd-social sd-social-icon sd-sharing\"><h3 class=\"sd-title\">Comparte esto:<\/h3><div class=\"sd-content\"><ul><li class=\"share-twitter\"><a rel=\"nofollow noopener noreferrer\" data-shared=\"sharing-twitter-25065\" class=\"share-twitter sd-button share-icon no-text\" href=\"http:\/\/www.rtvnoticias.com.ar\/?p=25065&amp;share=twitter\" target=\"_blank\" title=\"Haz clic para compartir en Twitter\"><span><\/span><span class=\"sharing-screen-reader-text\">Haz clic para compartir en Twitter (Se abre en una ventana nueva)<\/span><\/a><\/li><li class=\"share-facebook\"><a rel=\"nofollow noopener noreferrer\" data-shared=\"sharing-facebook-25065\" class=\"share-facebook sd-button share-icon no-text\" href=\"http:\/\/www.rtvnoticias.com.ar\/?p=25065&amp;share=facebook\" target=\"_blank\" title=\"Haz clic para compartir en Facebook\"><span><\/span><span class=\"sharing-screen-reader-text\">Haz clic para compartir en Facebook (Se abre en una ventana nueva)<\/span><\/a><\/li><li class=\"share-jetpack-whatsapp\"><a rel=\"nofollow noopener noreferrer\" data-shared=\"\" class=\"share-jetpack-whatsapp sd-button share-icon no-text\" href=\"http:\/\/www.rtvnoticias.com.ar\/?p=25065&amp;share=jetpack-whatsapp\" target=\"_blank\" title=\"Haz clic para compartir en WhatsApp\"><span><\/span><span class=\"sharing-screen-reader-text\">Haz clic para compartir en WhatsApp (Se abre en una ventana nueva)<\/span><\/a><\/li><li class=\"share-telegram\"><a rel=\"nofollow noopener noreferrer\" data-shared=\"\" class=\"share-telegram sd-button share-icon no-text\" href=\"http:\/\/www.rtvnoticias.com.ar\/?p=25065&amp;share=telegram\" target=\"_blank\" title=\"Haz clic para compartir en Telegram\"><span><\/span><span class=\"sharing-screen-reader-text\">Haz clic para compartir en Telegram (Se abre en una ventana nueva)<\/span><\/a><\/li><li class=\"share-end\"><\/li><\/ul><\/div><\/div><\/div>","protected":false},"excerpt":{"rendered":"<p>Se vot\u00f3 pasadas las 4 de la madrugada. El cambio de una palabra en el proyecto fue clave para conseguir los votos \u201cverdes\u201d que faltaban.<\/p>\n<div class=\"sharedaddy sd-sharing-enabled\"><div class=\"robots-nocontent sd-block sd-social sd-social-icon sd-sharing\"><h3 class=\"sd-title\">Comparte esto:<\/h3><div class=\"sd-content\"><ul><li class=\"share-twitter\"><a rel=\"nofollow noopener noreferrer\" data-shared=\"sharing-twitter-25065\" class=\"share-twitter sd-button share-icon no-text\" href=\"http:\/\/www.rtvnoticias.com.ar\/?p=25065&amp;share=twitter\" target=\"_blank\" title=\"Haz clic para compartir en Twitter\"><span><\/span><span class=\"sharing-screen-reader-text\">Haz clic para compartir en Twitter (Se abre en una ventana nueva)<\/span><\/a><\/li><li class=\"share-facebook\"><a rel=\"nofollow noopener noreferrer\" data-shared=\"sharing-facebook-25065\" class=\"share-facebook sd-button share-icon no-text\" href=\"http:\/\/www.rtvnoticias.com.ar\/?p=25065&amp;share=facebook\" target=\"_blank\" title=\"Haz clic para compartir en Facebook\"><span><\/span><span class=\"sharing-screen-reader-text\">Haz clic para compartir en Facebook (Se abre en una ventana nueva)<\/span><\/a><\/li><li class=\"share-jetpack-whatsapp\"><a rel=\"nofollow noopener noreferrer\" data-shared=\"\" class=\"share-jetpack-whatsapp sd-button share-icon no-text\" href=\"http:\/\/www.rtvnoticias.com.ar\/?p=25065&amp;share=jetpack-whatsapp\" target=\"_blank\" title=\"Haz clic para compartir en WhatsApp\"><span><\/span><span class=\"sharing-screen-reader-text\">Haz clic para compartir en WhatsApp (Se abre en una ventana nueva)<\/span><\/a><\/li><li class=\"share-telegram\"><a rel=\"nofollow noopener noreferrer\" data-shared=\"\" class=\"share-telegram sd-button share-icon no-text\" href=\"http:\/\/www.rtvnoticias.com.ar\/?p=25065&amp;share=telegram\" target=\"_blank\" title=\"Haz clic para compartir en Telegram\"><span><\/span><span class=\"sharing-screen-reader-text\">Haz clic para compartir en Telegram (Se abre en una ventana nueva)<\/span><\/a><\/li><li class=\"share-end\"><\/li><\/ul><\/div><\/div><\/div>","protected":false},"author":7,"featured_media":25066,"comment_status":"closed","ping_status":"closed","sticky":false,"template":"","format":"standard","meta":{"spay_email":"","jetpack_publicize_message":"","jetpack_is_tweetstorm":false,"jetpack_publicize_feature_enabled":true},"categories":[1],"tags":[],"jetpack_featured_media_url":"http:\/\/www.rtvnoticias.com.ar\/wp-content\/uploads\/2020\/12\/ley-aborto.jpeg","jetpack_publicize_connections":[],"jetpack_sharing_enabled":true,"_links":{"self":[{"href":"http:\/\/www.rtvnoticias.com.ar\/index.php?rest_route=\/wp\/v2\/posts\/25065"}],"collection":[{"href":"http:\/\/www.rtvnoticias.com.ar\/index.php?rest_route=\/wp\/v2\/posts"}],"about":[{"href":"http:\/\/www.rtvnoticias.com.ar\/index.php?rest_route=\/wp\/v2\/types\/post"}],"author":[{"embeddable":true,"href":"http:\/\/www.rtvnoticias.com.ar\/index.php?rest_route=\/wp\/v2\/users\/7"}],"replies":[{"embeddable":true,"href":"http:\/\/www.rtvnoticias.com.ar\/index.php?rest_route=%2Fwp%2Fv2%2Fcomments&post=25065"}],"version-history":[{"count":1,"href":"http:\/\/www.rtvnoticias.com.ar\/index.php?rest_route=\/wp\/v2\/posts\/25065\/revisions"}],"predecessor-version":[{"id":25067,"href":"http:\/\/www.rtvnoticias.com.ar\/index.php?rest_route=\/wp\/v2\/posts\/25065\/revisions\/25067"}],"wp:featuredmedia":[{"embeddable":true,"href":"http:\/\/www.rtvnoticias.com.ar\/index.php?rest_route=\/wp\/v2\/media\/25066"}],"wp:attachment":[{"href":"http:\/\/www.rtvnoticias.com.ar\/index.php?rest_route=%2Fwp%2Fv2%2Fmedia&parent=25065"}],"wp:term":[{"taxonomy":"category","embeddable":true,"href":"http:\/\/www.rtvnoticias.com.ar\/index.php?rest_route=%2Fwp%2Fv2%2Fcategories&post=25065"},{"taxonomy":"post_tag","embeddable":true,"href":"http:\/\/www.rtvnoticias.com.ar\/index.php?rest_route=%2Fwp%2Fv2%2Ftags&post=25065"}],"curies":[{"name":"wp","href":"https:\/\/api.w.org\/{rel}","templated":true}]}}