{"id":25074,"date":"2020-12-31T11:57:16","date_gmt":"2020-12-31T14:57:16","guid":{"rendered":"http:\/\/www.rtvnoticias.com.ar\/?p=25074"},"modified":"2020-12-31T11:57:20","modified_gmt":"2020-12-31T14:57:20","slug":"caso-ciccone-amado-boudou-debera-volver-a-la-carcel","status":"publish","type":"post","link":"http:\/\/www.rtvnoticias.com.ar\/?p=25074","title":{"rendered":"Caso Ciccone: Amado Boudou deber\u00e1 volver a la c\u00e1rcel"},"content":{"rendered":"\n<p>El juez de Ejecuci\u00f3n Penal Daniel Obligado dictamin\u00f3 que el expresidente Amado Boudou debe regresar a prisi\u00f3n. Lo hizo casi un mes despu\u00e9s de que la Corte Suprema confirmara su condena en el caso Ciccone y tras los nuevos reclamos de los dos fiscales, quienes aseguraron que \u201cgoza de buena salud\u201d, por lo que no necesita la prisi\u00f3n domiciliaria. Sin embargo, la medida no entrar\u00e1 en vigor de inmediato: el exvicepresidente puede apelar la decisi\u00f3n.<\/p>\n\n\n\n<p>En los primeros d\u00edas de la pandemia, fue Obligado el mismo juez que benefici\u00f3 a Boudou con el arresto domiciliario, el cual el exmandatario cumple desde abril. \u201cEn atenci\u00f3n a que la sentencia reca\u00edda en estos actuados adquiri\u00f3 firmeza el pasado 3 de diciembre y a los fines de dictar un nuevo pronunciamiento sobre las condiciones de detenci\u00f3n de conformidad con las previsiones de la ley n\u00famero 24.660 y sus modificatorias, pase en vista por el t\u00e9rmino de 24 horas a la defensa del encartado Amado Boudou, como as\u00ed tambi\u00e9n al se\u00f1or defensor p\u00fablico que coordina la unidad funcional para la asistencia de menores de 16 a\u00f1os, para que se expida a los fines que estime corresponder\u201d, sostuvo el juez en la resoluci\u00f3n.<\/p>\n\n\n\n<p>El vicepresidente, junto a otros imputados, fue juzgado por el Tribunal Oral Federal 4 por los delitos de cohecho pasivo (recibir coima) y negociaciones incompatibles con la funci\u00f3n p\u00fablica. La condena de Boudou a 5 a\u00f1os y 10 meses de prisi\u00f3n fue confirmada en septiembre del a\u00f1o pasado por la C\u00e1mara de Casaci\u00f3n y fue entonces que vicepresidente present\u00f3 un recurso para que la Corte revocara su condena.<\/p>\n\n\n\n<p>Tras la sentencia del tribunal, los fiscales Marcelo Colombo y Guillermina Garc\u00eda Padin dijeron que Boudou debe volver a prisi\u00f3n hasta que cumpla su condena.<\/p>\n\n\n\n<p>De todas formas, el fallo no se llevar\u00e1 a cabo de manera inmediata, ya que el expresidente puede apelar esta medida mediante un recurso de Casaci\u00f3n ya que \u201csu defensa apelar\u00e1 ante la C\u00e1mara de Casaci\u00f3n bajo el argumento ya utilizado de que su permanencia en prisi\u00f3n domiciliaria es necesaria por sus hijos porque la madre de los ni\u00f1os, ciudadana mexicana, tiene que trabajar para sostenerlos\u201d y la detenci\u00f3n en prisi\u00f3n solo podr\u00eda ejecutarse cuando el fallo quede firme, lo que se analizar\u00eda reci\u00e9n despu\u00e9s de la feria judicial de verano.<\/p>\n<div class=\"sharedaddy sd-sharing-enabled\"><div class=\"robots-nocontent sd-block sd-social sd-social-icon sd-sharing\"><h3 class=\"sd-title\">Comparte esto:<\/h3><div class=\"sd-content\"><ul><li class=\"share-twitter\"><a rel=\"nofollow noopener noreferrer\" data-shared=\"sharing-twitter-25074\" class=\"share-twitter sd-button share-icon no-text\" href=\"http:\/\/www.rtvnoticias.com.ar\/?p=25074&amp;share=twitter\" target=\"_blank\" title=\"Haz clic para compartir en Twitter\"><span><\/span><span class=\"sharing-screen-reader-text\">Haz clic para compartir en Twitter (Se abre en una ventana nueva)<\/span><\/a><\/li><li class=\"share-facebook\"><a rel=\"nofollow noopener noreferrer\" data-shared=\"sharing-facebook-25074\" class=\"share-facebook sd-button share-icon no-text\" href=\"http:\/\/www.rtvnoticias.com.ar\/?p=25074&amp;share=facebook\" target=\"_blank\" title=\"Haz clic para compartir en Facebook\"><span><\/span><span class=\"sharing-screen-reader-text\">Haz clic para compartir en Facebook (Se abre en una ventana nueva)<\/span><\/a><\/li><li class=\"share-jetpack-whatsapp\"><a rel=\"nofollow noopener noreferrer\" data-shared=\"\" class=\"share-jetpack-whatsapp sd-button share-icon no-text\" href=\"http:\/\/www.rtvnoticias.com.ar\/?p=25074&amp;share=jetpack-whatsapp\" target=\"_blank\" title=\"Haz clic para compartir en WhatsApp\"><span><\/span><span class=\"sharing-screen-reader-text\">Haz clic para compartir en WhatsApp (Se abre en una ventana nueva)<\/span><\/a><\/li><li class=\"share-telegram\"><a rel=\"nofollow noopener noreferrer\" data-shared=\"\" class=\"share-telegram sd-button share-icon no-text\" href=\"http:\/\/www.rtvnoticias.com.ar\/?p=25074&amp;share=telegram\" target=\"_blank\" title=\"Haz clic para compartir en Telegram\"><span><\/span><span class=\"sharing-screen-reader-text\">Haz clic para compartir en Telegram (Se abre en una ventana nueva)<\/span><\/a><\/li><li class=\"share-end\"><\/li><\/ul><\/div><\/div><\/div>","protected":false},"excerpt":{"rendered":"<p>El juez de Ejecuci\u00f3n Penal Daniel Obligado dictamin\u00f3 que el expresidente Amado Boudou debe regresar a prisi\u00f3n. Lo hizo casi un mes despu\u00e9s de que<\/p>\n<div class=\"sharedaddy sd-sharing-enabled\"><div class=\"robots-nocontent sd-block sd-social sd-social-icon sd-sharing\"><h3 class=\"sd-title\">Comparte esto:<\/h3><div class=\"sd-content\"><ul><li class=\"share-twitter\"><a rel=\"nofollow noopener noreferrer\" data-shared=\"sharing-twitter-25074\" class=\"share-twitter sd-button share-icon no-text\" href=\"http:\/\/www.rtvnoticias.com.ar\/?p=25074&amp;share=twitter\" target=\"_blank\" title=\"Haz clic para compartir en Twitter\"><span><\/span><span class=\"sharing-screen-reader-text\">Haz clic para compartir en Twitter (Se abre en una ventana nueva)<\/span><\/a><\/li><li class=\"share-facebook\"><a rel=\"nofollow noopener noreferrer\" data-shared=\"sharing-facebook-25074\" class=\"share-facebook sd-button share-icon no-text\" href=\"http:\/\/www.rtvnoticias.com.ar\/?p=25074&amp;share=facebook\" target=\"_blank\" title=\"Haz clic para compartir en Facebook\"><span><\/span><span class=\"sharing-screen-reader-text\">Haz clic para compartir en Facebook (Se abre en una ventana nueva)<\/span><\/a><\/li><li class=\"share-jetpack-whatsapp\"><a rel=\"nofollow noopener noreferrer\" data-shared=\"\" class=\"share-jetpack-whatsapp sd-button share-icon no-text\" href=\"http:\/\/www.rtvnoticias.com.ar\/?p=25074&amp;share=jetpack-whatsapp\" target=\"_blank\" title=\"Haz clic para compartir en WhatsApp\"><span><\/span><span class=\"sharing-screen-reader-text\">Haz clic para compartir en WhatsApp (Se abre en una ventana nueva)<\/span><\/a><\/li><li class=\"share-telegram\"><a rel=\"nofollow noopener noreferrer\" data-shared=\"\" class=\"share-telegram sd-button share-icon no-text\" href=\"http:\/\/www.rtvnoticias.com.ar\/?p=25074&amp;share=telegram\" target=\"_blank\" title=\"Haz clic para compartir en Telegram\"><span><\/span><span class=\"sharing-screen-reader-text\">Haz clic para compartir en Telegram (Se abre en una ventana nueva)<\/span><\/a><\/li><li class=\"share-end\"><\/li><\/ul><\/div><\/div><\/div>","protected":false},"author":7,"featured_media":13758,"comment_status":"closed","ping_status":"closed","sticky":false,"template":"","format":"standard","meta":{"spay_email":"","jetpack_publicize_message":"","jetpack_is_tweetstorm":false,"jetpack_publicize_feature_enabled":true},"categories":[1],"tags":[],"jetpack_featured_media_url":"http:\/\/www.rtvnoticias.com.ar\/wp-content\/uploads\/2019\/07\/boudou.png","jetpack_publicize_connections":[],"jetpack_sharing_enabled":true,"_links":{"self":[{"href":"http:\/\/www.rtvnoticias.com.ar\/index.php?rest_route=\/wp\/v2\/posts\/25074"}],"collection":[{"href":"http:\/\/www.rtvnoticias.com.ar\/index.php?rest_route=\/wp\/v2\/posts"}],"about":[{"href":"http:\/\/www.rtvnoticias.com.ar\/index.php?rest_route=\/wp\/v2\/types\/post"}],"author":[{"embeddable":true,"href":"http:\/\/www.rtvnoticias.com.ar\/index.php?rest_route=\/wp\/v2\/users\/7"}],"replies":[{"embeddable":true,"href":"http:\/\/www.rtvnoticias.com.ar\/index.php?rest_route=%2Fwp%2Fv2%2Fcomments&post=25074"}],"version-history":[{"count":1,"href":"http:\/\/www.rtvnoticias.com.ar\/index.php?rest_route=\/wp\/v2\/posts\/25074\/revisions"}],"predecessor-version":[{"id":25075,"href":"http:\/\/www.rtvnoticias.com.ar\/index.php?rest_route=\/wp\/v2\/posts\/25074\/revisions\/25075"}],"wp:featuredmedia":[{"embeddable":true,"href":"http:\/\/www.rtvnoticias.com.ar\/index.php?rest_route=\/wp\/v2\/media\/13758"}],"wp:attachment":[{"href":"http:\/\/www.rtvnoticias.com.ar\/index.php?rest_route=%2Fwp%2Fv2%2Fmedia&parent=25074"}],"wp:term":[{"taxonomy":"category","embeddable":true,"href":"http:\/\/www.rtvnoticias.com.ar\/index.php?rest_route=%2Fwp%2Fv2%2Fcategories&post=25074"},{"taxonomy":"post_tag","embeddable":true,"href":"http:\/\/www.rtvnoticias.com.ar\/index.php?rest_route=%2Fwp%2Fv2%2Ftags&post=25074"}],"curies":[{"name":"wp","href":"https:\/\/api.w.org\/{rel}","templated":true}]}}