{"id":25081,"date":"2021-01-02T15:08:55","date_gmt":"2021-01-02T18:08:55","guid":{"rendered":"http:\/\/www.rtvnoticias.com.ar\/?p=25081"},"modified":"2021-01-02T15:08:57","modified_gmt":"2021-01-02T18:08:57","slug":"varias-fiestas-clandestinas-en-distintas-localidades-pampeanas","status":"publish","type":"post","link":"http:\/\/www.rtvnoticias.com.ar\/?p=25081","title":{"rendered":"Varias fiestas clandestinas en distintas localidades pampeanas"},"content":{"rendered":"\n<p>El jefe de la Polic\u00eda de La Pampa, H\u00e9ctor Lara, inform\u00f3 a la prensa que en la madrugada de este viernes, la fuerza tuvo que intervenir para desarticular varias fiestas clandestinas en distintas localidades pampeanas.<\/p>\n\n\n\n<p>La m\u00e1s numerosa se registr\u00f3 en General Pico donde, en una quinta alquilada ubicada en calle 24 y Cirvunvalaci\u00f3n, el personal detect\u00f3 una reuni\u00f3n pasadas las 3 de la ma\u00f1ana con m\u00e1s de 150 personas, que fueron notificadas por infracci\u00f3n al art\u00edculo 205 del C\u00f3digo Penal, y donde secuestraron tres autos y una moto.<\/p>\n\n\n\n<p>En la misma ciudad, otra fiesta que hab\u00eda sido organizada a trav\u00e9s de las redes sociales en los piletones de Corpico fue desactivada por la Polic\u00eda antes de que se pudiera llevar a cabo.<\/p>\n\n\n\n<p>En la zona rural de General San Mart\u00edn, a unos 11 kil\u00f3metros de la localidad ubicada al sureste provincial, los efectivos clausuraron otra reuni\u00f3n clandestina fuera del horario permitido donde hab\u00eda unas 100 personas.<\/p>\n\n\n\n<p>Adem\u00e1s, intervinieron en Alpachiri, donde unas 40 personas se juntaron en la zona rural lim\u00edtrofe con General Campos y all\u00ed notificaron a 13 personas, en Embajador Martini otras 10, en Rancul 29 detectadas en una zona de quintas, y en Trenel notificaron a 11 personas y secuestraron un auto.<\/p>\n\n\n\n<p>En Winifreda labraron actas a 12 personas que realizaban una juntada en un camino vecinal e investigan la realizaci\u00f3n de una fiesta en la Escuela Hogar de Loventuel, donde se habr\u00edan reunido unos 10 j\u00f3venes.<\/p>\n\n\n\n<p>En la capital, Santa Rosa, curiosamente no detectaron reuniones clandestinas con exceso de personas y fuera del horario permitido (hasta las 3 de la ma\u00f1ana), aunque los polic\u00edas debieron realizar varias presencias por m\u00fasica alta, donde \u201cen algunos casos bast\u00f3 con la advertencia y en otros directamente se fueron del lugar\u201d, dijo Lara. De todos modos, \u201cen diversos operativos se retuvieron cinco veh\u00edculos y una moto y se confirmaron distintas alcoholemias positivas\u201d, agreg\u00f3.<\/p>\n<div class=\"sharedaddy sd-sharing-enabled\"><div class=\"robots-nocontent sd-block sd-social sd-social-icon sd-sharing\"><h3 class=\"sd-title\">Comparte esto:<\/h3><div class=\"sd-content\"><ul><li class=\"share-twitter\"><a rel=\"nofollow noopener noreferrer\" data-shared=\"sharing-twitter-25081\" class=\"share-twitter sd-button share-icon no-text\" href=\"http:\/\/www.rtvnoticias.com.ar\/?p=25081&amp;share=twitter\" target=\"_blank\" title=\"Haz clic para compartir en Twitter\"><span><\/span><span class=\"sharing-screen-reader-text\">Haz clic para compartir en Twitter (Se abre en una ventana nueva)<\/span><\/a><\/li><li class=\"share-facebook\"><a rel=\"nofollow noopener noreferrer\" data-shared=\"sharing-facebook-25081\" class=\"share-facebook sd-button share-icon no-text\" href=\"http:\/\/www.rtvnoticias.com.ar\/?p=25081&amp;share=facebook\" target=\"_blank\" title=\"Haz clic para compartir en Facebook\"><span><\/span><span class=\"sharing-screen-reader-text\">Haz clic para compartir en Facebook (Se abre en una ventana nueva)<\/span><\/a><\/li><li class=\"share-jetpack-whatsapp\"><a rel=\"nofollow noopener noreferrer\" data-shared=\"\" class=\"share-jetpack-whatsapp sd-button share-icon no-text\" href=\"http:\/\/www.rtvnoticias.com.ar\/?p=25081&amp;share=jetpack-whatsapp\" target=\"_blank\" title=\"Haz clic para compartir en WhatsApp\"><span><\/span><span class=\"sharing-screen-reader-text\">Haz clic para compartir en WhatsApp (Se abre en una ventana nueva)<\/span><\/a><\/li><li class=\"share-telegram\"><a rel=\"nofollow noopener noreferrer\" data-shared=\"\" class=\"share-telegram sd-button share-icon no-text\" href=\"http:\/\/www.rtvnoticias.com.ar\/?p=25081&amp;share=telegram\" target=\"_blank\" title=\"Haz clic para compartir en Telegram\"><span><\/span><span class=\"sharing-screen-reader-text\">Haz clic para compartir en Telegram (Se abre en una ventana nueva)<\/span><\/a><\/li><li class=\"share-end\"><\/li><\/ul><\/div><\/div><\/div>","protected":false},"excerpt":{"rendered":"<p>El jefe de la Polic\u00eda de La Pampa, H\u00e9ctor Lara, inform\u00f3 a la prensa que en la madrugada de este viernes, la fuerza tuvo que<\/p>\n<div class=\"sharedaddy sd-sharing-enabled\"><div class=\"robots-nocontent sd-block sd-social sd-social-icon sd-sharing\"><h3 class=\"sd-title\">Comparte esto:<\/h3><div class=\"sd-content\"><ul><li class=\"share-twitter\"><a rel=\"nofollow noopener noreferrer\" data-shared=\"sharing-twitter-25081\" class=\"share-twitter sd-button share-icon no-text\" href=\"http:\/\/www.rtvnoticias.com.ar\/?p=25081&amp;share=twitter\" target=\"_blank\" title=\"Haz clic para compartir en Twitter\"><span><\/span><span class=\"sharing-screen-reader-text\">Haz clic para compartir en Twitter (Se abre en una ventana nueva)<\/span><\/a><\/li><li class=\"share-facebook\"><a rel=\"nofollow noopener noreferrer\" data-shared=\"sharing-facebook-25081\" class=\"share-facebook sd-button share-icon no-text\" href=\"http:\/\/www.rtvnoticias.com.ar\/?p=25081&amp;share=facebook\" target=\"_blank\" title=\"Haz clic para compartir en Facebook\"><span><\/span><span class=\"sharing-screen-reader-text\">Haz clic para compartir en Facebook (Se abre en una ventana nueva)<\/span><\/a><\/li><li class=\"share-jetpack-whatsapp\"><a rel=\"nofollow noopener noreferrer\" data-shared=\"\" class=\"share-jetpack-whatsapp sd-button share-icon no-text\" href=\"http:\/\/www.rtvnoticias.com.ar\/?p=25081&amp;share=jetpack-whatsapp\" target=\"_blank\" title=\"Haz clic para compartir en WhatsApp\"><span><\/span><span class=\"sharing-screen-reader-text\">Haz clic para compartir en WhatsApp (Se abre en una ventana nueva)<\/span><\/a><\/li><li class=\"share-telegram\"><a rel=\"nofollow noopener noreferrer\" data-shared=\"\" class=\"share-telegram sd-button share-icon no-text\" href=\"http:\/\/www.rtvnoticias.com.ar\/?p=25081&amp;share=telegram\" target=\"_blank\" title=\"Haz clic para compartir en Telegram\"><span><\/span><span class=\"sharing-screen-reader-text\">Haz clic para compartir en Telegram (Se abre en una ventana nueva)<\/span><\/a><\/li><li class=\"share-end\"><\/li><\/ul><\/div><\/div><\/div>","protected":false},"author":7,"featured_media":25082,"comment_status":"closed","ping_status":"closed","sticky":false,"template":"","format":"standard","meta":{"spay_email":"","jetpack_publicize_message":"","jetpack_is_tweetstorm":false,"jetpack_publicize_feature_enabled":true},"categories":[1],"tags":[],"jetpack_featured_media_url":"http:\/\/www.rtvnoticias.com.ar\/wp-content\/uploads\/2021\/01\/fiesta1.jpg","jetpack_publicize_connections":[],"jetpack_sharing_enabled":true,"_links":{"self":[{"href":"http:\/\/www.rtvnoticias.com.ar\/index.php?rest_route=\/wp\/v2\/posts\/25081"}],"collection":[{"href":"http:\/\/www.rtvnoticias.com.ar\/index.php?rest_route=\/wp\/v2\/posts"}],"about":[{"href":"http:\/\/www.rtvnoticias.com.ar\/index.php?rest_route=\/wp\/v2\/types\/post"}],"author":[{"embeddable":true,"href":"http:\/\/www.rtvnoticias.com.ar\/index.php?rest_route=\/wp\/v2\/users\/7"}],"replies":[{"embeddable":true,"href":"http:\/\/www.rtvnoticias.com.ar\/index.php?rest_route=%2Fwp%2Fv2%2Fcomments&post=25081"}],"version-history":[{"count":1,"href":"http:\/\/www.rtvnoticias.com.ar\/index.php?rest_route=\/wp\/v2\/posts\/25081\/revisions"}],"predecessor-version":[{"id":25083,"href":"http:\/\/www.rtvnoticias.com.ar\/index.php?rest_route=\/wp\/v2\/posts\/25081\/revisions\/25083"}],"wp:featuredmedia":[{"embeddable":true,"href":"http:\/\/www.rtvnoticias.com.ar\/index.php?rest_route=\/wp\/v2\/media\/25082"}],"wp:attachment":[{"href":"http:\/\/www.rtvnoticias.com.ar\/index.php?rest_route=%2Fwp%2Fv2%2Fmedia&parent=25081"}],"wp:term":[{"taxonomy":"category","embeddable":true,"href":"http:\/\/www.rtvnoticias.com.ar\/index.php?rest_route=%2Fwp%2Fv2%2Fcategories&post=25081"},{"taxonomy":"post_tag","embeddable":true,"href":"http:\/\/www.rtvnoticias.com.ar\/index.php?rest_route=%2Fwp%2Fv2%2Ftags&post=25081"}],"curies":[{"name":"wp","href":"https:\/\/api.w.org\/{rel}","templated":true}]}}