{"id":25089,"date":"2021-01-03T10:35:09","date_gmt":"2021-01-03T13:35:09","guid":{"rendered":"http:\/\/www.rtvnoticias.com.ar\/?p=25089"},"modified":"2021-01-03T10:35:13","modified_gmt":"2021-01-03T13:35:13","slug":"preven-que-la-nina-continue-durante-el-verano-y-que-afecte-a-los-cultivos","status":"publish","type":"post","link":"http:\/\/www.rtvnoticias.com.ar\/?p=25089","title":{"rendered":"Prev\u00e9n que La Ni\u00f1a contin\u00fae durante el verano y que afecte a los cultivos"},"content":{"rendered":"\n<p>Las probabilidades de que en los meses de verano contin\u00fae el clima seco alcanzan el 70%, producto del fen\u00f3meno clim\u00e1tico de La Ni\u00f1a, lo cual podr\u00eda condicionar el desarrollo de los cultivos estivales, que en el caso del ma\u00edz se encuentra en pleno per\u00edodo cr\u00edtico a la espera de precipitaciones.<\/p>\n\n\n\n<p>\u201cPara enero, febrero y marzo se espera lo que es todav\u00eda el evento de La Ni\u00f1a con probabilidades que superan el 70%\u201d, dijo a T\u00e9lam el meteor\u00f3logo de la Bolsa de Cereales de C\u00f3rdoba (Bccba), Jorge Ruiz.<\/p>\n\n\n\n<p>Sin embargo, el especialista destac\u00f3 que el fen\u00f3meno clim\u00e1tico podr\u00eda tener diferentes efectos sobre las distintas regiones productivas del agro argentino.<\/p>\n\n\n\n<p>As\u00ed, explic\u00f3 que \u201cen lo que ser\u00eda a C\u00f3rdoba tiende a llover por debajo de lo normal. Pero no es as\u00ed en todo el pa\u00eds. Por ejemplo, en Santiago del Estero o Entre R\u00edos tienen incluso precipitaciones por encima de lo normal\u201d.<\/p>\n\n\n\n<p>Ruiz se\u00f1al\u00f3 que \u201clo que esperamos para la gran cantidad de los cultivos estivales en la zona pampeana es que su desarrollo no sea en condiciones optimas y en algunas provincias, como C\u00f3rdoba, va a estar muy golpeada por el d\u00e9ficit h\u00eddrico\u201d, aunque aclar\u00f3 que espera que la falta de lluvias no sea tan pronunciada como en 2020, donde vastas zonas del centro y el norte del pa\u00eds sufrieron una marcada sequ\u00eda.<\/p>\n\n\n\n<p>Seg\u00fan Ruiz, la zona n\u00facleo agr\u00edcola del pa\u00eds en promedio deber\u00eda recibir entre 1.000 y 1.100 mil\u00edmetros anuales pero durante 2020, en promedio, dej\u00f3 750 mil\u00edmetros, entre 15% y 20% menos. Esta merma en la cantidad de agua peg\u00f3 directo en el trigo, con p\u00e9rdidas de rendimiento y de lotes, sobre todo en el centro y norte del pa\u00eds.<\/p>\n\n\n\n<p>A la fecha, la Bolsa de Comercio de Rosario (BCR) estima una producci\u00f3n de 16,5 millones de toneladas de trigo, tres millones de toneladas por debajo de lo obtenido en el ciclo 2019\/20.<\/p>\n\n\n\n<p>A pesar de esto, el meteor\u00f3logo prev\u00e9 que a partir de marzo las lluvias comiencen a regularizarse.<\/p>\n\n\n\n<p>\u201cVamos a pasar a tener una fase neutra a partir de marzo, lo cual puede ayudar a que tengamos precipitaciones dentro de lo normal o inclusive por encima. Hasta ahora es muy poco probable que arranquemos la siembra fina con condiciones tan severas como las de 2020\u201d, concluy\u00f3.<\/p>\n\n\n\n<p>Durante la semana, un informe de la Bolsa de Cereales de Buenos Aires (BCBA) indic\u00f3 que las lluvias previstas para los meses del verano \u201cser\u00e1n moderadamente inferiores al promedio de esta \u00e9poca del a\u00f1o, con abundante ca\u00edda de agua s\u00f3lo en determinadas zonas productivas y temperaturas por encima de la media\u201d.<\/p>\n\n\n\n<p>\u201cDurante el verano de 2021 el sistema clim\u00e1tico se comportar\u00e1 en forma cercana a lo normal, aunque conservando rasgos perturbados\u201d, se\u00f1al\u00f3 la entidad.<\/p>\n\n\n\n<p>Seg\u00fan detall\u00f3 el trabajo, durante enero se esperan lluvias abundantes en la mayor parte del \u00e1rea agr\u00edcola, aunque su distribuci\u00f3n ser\u00e1 irregular.<\/p>\n\n\n\n<p>Para febrero se observar\u00e1 \u201cuna marcada concentraci\u00f3n de las precipitaciones sobre el norte y el centro oeste del \u00e1rea agr\u00edcola, con excesos h\u00eddricos\u201d.<\/p>\n\n\n\n<p>Contrariamente, el sudoeste y la mayor parte del sur registrar\u00e1n precipitaciones moderadas a escasas, \u201campli\u00e1ndose las \u00e1reas con sequ\u00eda ed\u00e1fica\u201d, indic\u00f3 la BCBA.<\/p>\n\n\n\n<p>Por \u00faltimo, en marzo podr\u00edan producirse precipitaciones abundantes en todo el norte y el centro este del \u00e1rea agr\u00edcola, mientras que el centro-oeste y todo el sur recibir\u00e1n registros moderados a escasos, \u201cacentu\u00e1ndose la sequ\u00eda ed\u00e1fica\u201d.<\/p>\n\n\n\n<p>Por su parte, el director de la Gu\u00eda Estrat\u00e9gica para el Agro (GEA) de la bolsa rosarina, Cristian Russo, indic\u00f3 que esperan un a\u00f1o \u201cvulnerable\u201d respecto de lo clim\u00e1tico con impacto en los cultivos, y pronostic\u00f3 que este verano tendr\u00e1 condiciones similares en cuanto a precipitaciones con la primavera de 2020.<\/p>\n\n\n\n<p>\u201cEn este a\u00f1o que comienza la situaci\u00f3n es muy vulnerable. Se preve\u00eda que las \u00faltimas lluvias, pronosticadas para el mi\u00e9rcoles pasado, pusieran una especie de parche muy importante para sostener el nivel de rindes, cuesti\u00f3n que no sucedi\u00f3. A partir de la pr\u00f3xima semana vamos a estar viendo c\u00f3mo peg\u00f3 esta falta de agua\u201d, coment\u00f3 Russo.<\/p>\n\n\n\n<p>Dichas lluvias, que en principio los modelos climatol\u00f3gicos se presentaban como auspiciosas, s\u00f3lo depositaron en la regi\u00f3n n\u00facleo entre 7 y 15 mil\u00edmetros, en un momento donde es esencial el agua para el ma\u00edz, que est\u00e1 atravesando su per\u00edodo cr\u00edtico donde definir\u00e1 rindes.<\/p>\n\n\n\n<p>Esto podr\u00eda devenir en posibles recortes en la estimaci\u00f3n productiva, seg\u00fan Russo, que hoy se ubica en torno de las 48 millones de toneladas.<\/p>\n\n\n\n<p>\u201cVa a haber una baja importante. Si en las pr\u00f3ximas dos semanas tenemos un evento muy importante de m\u00e1s de 50 u 80 mil\u00edmetros, tal vez podamos evitar que caiga la producci\u00f3n, pero est\u00e1 muy complejo el panorama\u201d, sostuvo.<\/p>\n\n\n\n<p>Por \u00faltimo, Russo previ\u00f3 un verano en los mismos t\u00e9rminos en los que se dio la primavera, con lluvias por debajo de la media.<\/p>\n\n\n\n<p>\u201cEstamos proyectando que como se produjo la primavera, se va a dar el verano. De todas maneras, se est\u00e1n dando lluvias que moderan el panorama, pero las precipitaciones que no se dieron durante la semana nos dejan mal\u201d, concluy\u00f3.<\/p>\n<div class=\"sharedaddy sd-sharing-enabled\"><div class=\"robots-nocontent sd-block sd-social sd-social-icon sd-sharing\"><h3 class=\"sd-title\">Comparte esto:<\/h3><div class=\"sd-content\"><ul><li class=\"share-twitter\"><a rel=\"nofollow noopener noreferrer\" data-shared=\"sharing-twitter-25089\" class=\"share-twitter sd-button share-icon no-text\" href=\"http:\/\/www.rtvnoticias.com.ar\/?p=25089&amp;share=twitter\" target=\"_blank\" title=\"Haz clic para compartir en Twitter\"><span><\/span><span class=\"sharing-screen-reader-text\">Haz clic para compartir en Twitter (Se abre en una ventana nueva)<\/span><\/a><\/li><li class=\"share-facebook\"><a rel=\"nofollow noopener noreferrer\" data-shared=\"sharing-facebook-25089\" class=\"share-facebook sd-button share-icon no-text\" href=\"http:\/\/www.rtvnoticias.com.ar\/?p=25089&amp;share=facebook\" target=\"_blank\" title=\"Haz clic para compartir en Facebook\"><span><\/span><span class=\"sharing-screen-reader-text\">Haz clic para compartir en Facebook (Se abre en una ventana nueva)<\/span><\/a><\/li><li class=\"share-jetpack-whatsapp\"><a rel=\"nofollow noopener noreferrer\" data-shared=\"\" class=\"share-jetpack-whatsapp sd-button share-icon no-text\" href=\"http:\/\/www.rtvnoticias.com.ar\/?p=25089&amp;share=jetpack-whatsapp\" target=\"_blank\" title=\"Haz clic para compartir en WhatsApp\"><span><\/span><span class=\"sharing-screen-reader-text\">Haz clic para compartir en WhatsApp (Se abre en una ventana nueva)<\/span><\/a><\/li><li class=\"share-telegram\"><a rel=\"nofollow noopener noreferrer\" data-shared=\"\" class=\"share-telegram sd-button share-icon no-text\" href=\"http:\/\/www.rtvnoticias.com.ar\/?p=25089&amp;share=telegram\" target=\"_blank\" title=\"Haz clic para compartir en Telegram\"><span><\/span><span class=\"sharing-screen-reader-text\">Haz clic para compartir en Telegram (Se abre en una ventana nueva)<\/span><\/a><\/li><li class=\"share-end\"><\/li><\/ul><\/div><\/div><\/div>","protected":false},"excerpt":{"rendered":"<p>Las probabilidades de que en los meses de verano contin\u00fae el clima seco alcanzan el 70%, producto del fen\u00f3meno clim\u00e1tico de La Ni\u00f1a, lo cual<\/p>\n<div class=\"sharedaddy sd-sharing-enabled\"><div class=\"robots-nocontent sd-block sd-social sd-social-icon sd-sharing\"><h3 class=\"sd-title\">Comparte esto:<\/h3><div class=\"sd-content\"><ul><li class=\"share-twitter\"><a rel=\"nofollow noopener noreferrer\" data-shared=\"sharing-twitter-25089\" class=\"share-twitter sd-button share-icon no-text\" href=\"http:\/\/www.rtvnoticias.com.ar\/?p=25089&amp;share=twitter\" target=\"_blank\" title=\"Haz clic para compartir en Twitter\"><span><\/span><span class=\"sharing-screen-reader-text\">Haz clic para compartir en Twitter (Se abre en una ventana nueva)<\/span><\/a><\/li><li class=\"share-facebook\"><a rel=\"nofollow noopener noreferrer\" data-shared=\"sharing-facebook-25089\" class=\"share-facebook sd-button share-icon no-text\" href=\"http:\/\/www.rtvnoticias.com.ar\/?p=25089&amp;share=facebook\" target=\"_blank\" title=\"Haz clic para compartir en Facebook\"><span><\/span><span class=\"sharing-screen-reader-text\">Haz clic para compartir en Facebook (Se abre en una ventana nueva)<\/span><\/a><\/li><li class=\"share-jetpack-whatsapp\"><a rel=\"nofollow noopener noreferrer\" data-shared=\"\" class=\"share-jetpack-whatsapp sd-button share-icon no-text\" href=\"http:\/\/www.rtvnoticias.com.ar\/?p=25089&amp;share=jetpack-whatsapp\" target=\"_blank\" title=\"Haz clic para compartir en WhatsApp\"><span><\/span><span class=\"sharing-screen-reader-text\">Haz clic para compartir en WhatsApp (Se abre en una ventana nueva)<\/span><\/a><\/li><li class=\"share-telegram\"><a rel=\"nofollow noopener noreferrer\" data-shared=\"\" class=\"share-telegram sd-button share-icon no-text\" href=\"http:\/\/www.rtvnoticias.com.ar\/?p=25089&amp;share=telegram\" target=\"_blank\" title=\"Haz clic para compartir en Telegram\"><span><\/span><span class=\"sharing-screen-reader-text\">Haz clic para compartir en Telegram (Se abre en una ventana nueva)<\/span><\/a><\/li><li class=\"share-end\"><\/li><\/ul><\/div><\/div><\/div>","protected":false},"author":7,"featured_media":17339,"comment_status":"closed","ping_status":"closed","sticky":false,"template":"","format":"standard","meta":{"spay_email":"","jetpack_publicize_message":"","jetpack_is_tweetstorm":false,"jetpack_publicize_feature_enabled":true},"categories":[1],"tags":[],"jetpack_featured_media_url":"http:\/\/www.rtvnoticias.com.ar\/wp-content\/uploads\/2019\/12\/trigo.jpg","jetpack_publicize_connections":[],"jetpack_sharing_enabled":true,"_links":{"self":[{"href":"http:\/\/www.rtvnoticias.com.ar\/index.php?rest_route=\/wp\/v2\/posts\/25089"}],"collection":[{"href":"http:\/\/www.rtvnoticias.com.ar\/index.php?rest_route=\/wp\/v2\/posts"}],"about":[{"href":"http:\/\/www.rtvnoticias.com.ar\/index.php?rest_route=\/wp\/v2\/types\/post"}],"author":[{"embeddable":true,"href":"http:\/\/www.rtvnoticias.com.ar\/index.php?rest_route=\/wp\/v2\/users\/7"}],"replies":[{"embeddable":true,"href":"http:\/\/www.rtvnoticias.com.ar\/index.php?rest_route=%2Fwp%2Fv2%2Fcomments&post=25089"}],"version-history":[{"count":1,"href":"http:\/\/www.rtvnoticias.com.ar\/index.php?rest_route=\/wp\/v2\/posts\/25089\/revisions"}],"predecessor-version":[{"id":25090,"href":"http:\/\/www.rtvnoticias.com.ar\/index.php?rest_route=\/wp\/v2\/posts\/25089\/revisions\/25090"}],"wp:featuredmedia":[{"embeddable":true,"href":"http:\/\/www.rtvnoticias.com.ar\/index.php?rest_route=\/wp\/v2\/media\/17339"}],"wp:attachment":[{"href":"http:\/\/www.rtvnoticias.com.ar\/index.php?rest_route=%2Fwp%2Fv2%2Fmedia&parent=25089"}],"wp:term":[{"taxonomy":"category","embeddable":true,"href":"http:\/\/www.rtvnoticias.com.ar\/index.php?rest_route=%2Fwp%2Fv2%2Fcategories&post=25089"},{"taxonomy":"post_tag","embeddable":true,"href":"http:\/\/www.rtvnoticias.com.ar\/index.php?rest_route=%2Fwp%2Fv2%2Ftags&post=25089"}],"curies":[{"name":"wp","href":"https:\/\/api.w.org\/{rel}","templated":true}]}}