{"id":25093,"date":"2021-01-03T21:33:10","date_gmt":"2021-01-04T00:33:10","guid":{"rendered":"http:\/\/www.rtvnoticias.com.ar\/?p=25093"},"modified":"2021-01-03T21:33:16","modified_gmt":"2021-01-04T00:33:16","slug":"coronavirus-209-nuevos-casos-positivos-y-13-106-personas-aisladas-en-la-pampa","status":"publish","type":"post","link":"http:\/\/www.rtvnoticias.com.ar\/?p=25093","title":{"rendered":"Coronavirus: 209 nuevos casos positivos y 13.106 personas aisladas en La Pampa"},"content":{"rendered":"\n<p>El Gobierno de la provincia de La Pampa, a trav\u00e9s del Ministerio de Salud, comunic\u00f3 que en horas de la tarde del d\u00eda 3 de enero, concluy\u00f3 el procesamiento de 682 muestras analizadas en los laboratorios de la Direcci\u00f3n de Epidemiolog\u00eda y Establecimiento Asistencial Gobernador Centeno y Lucio Molas, como as\u00ed tambi\u00e9n en los diferentes Centros de Salud que analizan test de ant\u00edgenos, de las cuales 209 resultaron positivas para COVID-19.<\/p>\n\n\n\n<p>De ellas, 78 corresponden a residentes en Santa Rosa, 28 en General Pico, 28 General Acha, 24 en 25 de Mayo, 9 en Toay, 8 en La Maruja, 5 en Colonia Bar\u00f3n, 5 en Embajador Martini, 5 en Eduardo Castex, 5 en Parera, 3 en Realic\u00f3, 2 en Ingeniero Luiggi, 2 en Jacinto Arauz, 2 en Intendente Alvear, 2 en Miguel Riglos, 1 en Catril\u00f3, 1 en Trenel, 1 en Alta Italia.<\/p>\n\n\n\n<p><strong>B\u00fasqueda Activa y test r\u00e1pidos<\/strong><br>La estrategia de b\u00fasqueda activa con diagn\u00f3stico por ant\u00edgenos lleva entrevistados 32.829 ciudadanos.<br><br><strong>\u00a0Test r\u00e1pidos<\/strong><br>Santa Rosa: 48 test r\u00e1pidos, 17 positivos.<br>General Pico: 3, 2 positivos.<br>Hospital de General Acha: 61, 27 positivos.<br>Hospital de Realic\u00f3: 10, 3 positivos.<br>Hospital de Colonia Bar\u00f3n: 9, 4 positivos.<br>Hospital de Toay: 19, 9 positivos.<br>Hospital de Eduardo Castex: 14, 5 positivos.<br>Hospital de Ataliva Roca: 2 negativos.<br>Hospital de Jacinto Arauz: 2 positivos.<br>Hospital de Victorica: 5 negativos.<br>Hospital de 25 de Mayo: 43, 23 positivos.<br>Hospital de Ingeniero Luiggi: 6, 2 positivos.<br>Hospital de Trenel : 2, 1 positivo.<br><br><br>De un total de 224 muestras analizadas por test de ant\u00edgenos en el d\u00eda, 95 resultaron positivas. Esas personas fueron autom\u00e1ticamente aisladas, al igual que sus contactos estrechos que est\u00e1n en seguimiento. Los diagn\u00f3sticos negativos ser\u00e1n analizados por la t\u00e9cnica de PCR.<br><br><br><strong>Situaci\u00f3n provincial<\/strong><br>Desde el inicio de la pandemia, en la Provincia, se registraron un total de 11.828 casos positivos para COVID-19, de los cuales 2.829 permanecen activos, 151 han fallecido y 8.848 se han recuperado, 154 en el d\u00eda de hoy.<\/p>\n\n\n\n<p> Los casos confirmados activos est\u00e1n distribuidos de la siguiente manera:\u00a0 1.211 en la ciudad de Santa Rosa, 608 en General Pico, 225 en General Acha, 123 en 25 de Mayo, 132 en Toay, 45 en Eduardo Castex, 24 en Bernasconi, 30 en Quem\u00fa Quem\u00fa, 21 en Realic\u00f3, 51 en La Maruja, 27 en Parera,\u00a0 26 en Victorica, 26 en Unanue, 5 en General San Mart\u00edn,\u00a0 11 en Trenel, 12 en Ingeniero Luiggi, 10 en Guatrach\u00e9,\u00a0 16 en Metileo, 10 en Catril\u00f3, 8 en La Adela, 19 en Winifreda, 10 en Chacharramendi, 13 en Macach\u00edn, 34 en Colonia Bar\u00f3n, 16 en Anguil,\u00a0 6 en Alpachiri,\u00a0 4 en Falucho, 3 en Arata, 8 Algarrobo del \u00c1guila, 4 en Uriburu, 7 en Santa Isabel, 7 en Pichi Huinca, 3 en Alta Italia,\u00a0 4 en Rancul, 7 en Jacinto Arauz, 4 en Speluzzi,\u00a0 4 en Rol\u00f3n, 7 en Caleuf\u00fa, 3 en Luan Toro, 11 en Miguel Riglos, 2 en Doblas, 2 en Abramo, 5 en Ataliva Roca, 2 en Colonia Santa Mar\u00eda, 8 en Intendente Alvear, 1 en Casa de Piedra, 7 en Embajador Martini, 1 en V\u00e9rtiz, 1 en Carro Quemado, 1 en Agustoni, 1 en Adolfo Van Praet, 1 en Gobernador Duval, 1 Villa Mirasol y 1 en Anchorena<\/p>\n\n\n\n<p>Al d\u00eda de la fecha se encuentran aisladas un total de 13.106 personas en toda la Provincia.<br><br><strong>\u00a0Pacientes internados\u00a0<\/strong><br>Se encuentran internados 106 pacientes confirmados positivo para COVID-19. En General Pico 27 pacientes internadas, 20 de ellos en modulares y 7 en terapia intensiva. <\/p>\n\n\n\n<p>En (CEAR-Modulares) de Santa Rosa 48 pacientes, de ellos 17 en cl\u00ednica m\u00e9dica, 14 en terapia intensiva y 17 en modulares. En el Hospital Evita de Santa Rosa 8 pacientes en cl\u00ednica m\u00e9dica. Y en el interior de la Provincia se encuentran internados en cl\u00ednica m\u00e9dica:<br>Hospital de General Acha: 10 pacientes: de Quem\u00fa Quem\u00fa: 2, de Trenel: 1, de Toay: 4, de Alpachiri: 1, de Winifreda: 2, de 25 de Mayo: 2 internados, de Colonia Bar\u00f3n: 1 internado.<br><br><br><br><strong>Fallecidos<\/strong><br>Al cierre del presente parte diario se han informado 3 fallecimientos.<br>&#8211; Persona residente en General Pico, sexo masculino, 70 a\u00f1os.<br>&#8211; Persona residente en 25 de Mayo, sexo masculino, 62 a\u00f1os.<br>&#8211; Persona residente en 25 de Mayo, sexo femenino, 71 a\u00f1os.<br><\/p>\n<div class=\"sharedaddy sd-sharing-enabled\"><div class=\"robots-nocontent sd-block sd-social sd-social-icon sd-sharing\"><h3 class=\"sd-title\">Comparte esto:<\/h3><div class=\"sd-content\"><ul><li class=\"share-twitter\"><a rel=\"nofollow noopener noreferrer\" data-shared=\"sharing-twitter-25093\" class=\"share-twitter sd-button share-icon no-text\" href=\"http:\/\/www.rtvnoticias.com.ar\/?p=25093&amp;share=twitter\" target=\"_blank\" title=\"Haz clic para compartir en Twitter\"><span><\/span><span class=\"sharing-screen-reader-text\">Haz clic para compartir en Twitter (Se abre en una ventana nueva)<\/span><\/a><\/li><li class=\"share-facebook\"><a rel=\"nofollow noopener noreferrer\" data-shared=\"sharing-facebook-25093\" class=\"share-facebook sd-button share-icon no-text\" href=\"http:\/\/www.rtvnoticias.com.ar\/?p=25093&amp;share=facebook\" target=\"_blank\" title=\"Haz clic para compartir en Facebook\"><span><\/span><span class=\"sharing-screen-reader-text\">Haz clic para compartir en Facebook (Se abre en una ventana nueva)<\/span><\/a><\/li><li class=\"share-jetpack-whatsapp\"><a rel=\"nofollow noopener noreferrer\" data-shared=\"\" class=\"share-jetpack-whatsapp sd-button share-icon no-text\" href=\"http:\/\/www.rtvnoticias.com.ar\/?p=25093&amp;share=jetpack-whatsapp\" target=\"_blank\" title=\"Haz clic para compartir en WhatsApp\"><span><\/span><span class=\"sharing-screen-reader-text\">Haz clic para compartir en WhatsApp (Se abre en una ventana nueva)<\/span><\/a><\/li><li class=\"share-telegram\"><a rel=\"nofollow noopener noreferrer\" data-shared=\"\" class=\"share-telegram sd-button share-icon no-text\" href=\"http:\/\/www.rtvnoticias.com.ar\/?p=25093&amp;share=telegram\" target=\"_blank\" title=\"Haz clic para compartir en Telegram\"><span><\/span><span class=\"sharing-screen-reader-text\">Haz clic para compartir en Telegram (Se abre en una ventana nueva)<\/span><\/a><\/li><li class=\"share-end\"><\/li><\/ul><\/div><\/div><\/div>","protected":false},"excerpt":{"rendered":"<p>El Gobierno de la provincia de La Pampa, a trav\u00e9s del Ministerio de Salud, comunic\u00f3 que en horas de la tarde del d\u00eda 3 de<\/p>\n<div class=\"sharedaddy sd-sharing-enabled\"><div class=\"robots-nocontent sd-block sd-social sd-social-icon sd-sharing\"><h3 class=\"sd-title\">Comparte esto:<\/h3><div class=\"sd-content\"><ul><li class=\"share-twitter\"><a rel=\"nofollow noopener noreferrer\" data-shared=\"sharing-twitter-25093\" class=\"share-twitter sd-button share-icon no-text\" href=\"http:\/\/www.rtvnoticias.com.ar\/?p=25093&amp;share=twitter\" target=\"_blank\" title=\"Haz clic para compartir en Twitter\"><span><\/span><span class=\"sharing-screen-reader-text\">Haz clic para compartir en Twitter (Se abre en una ventana nueva)<\/span><\/a><\/li><li class=\"share-facebook\"><a rel=\"nofollow noopener noreferrer\" data-shared=\"sharing-facebook-25093\" class=\"share-facebook sd-button share-icon no-text\" href=\"http:\/\/www.rtvnoticias.com.ar\/?p=25093&amp;share=facebook\" target=\"_blank\" title=\"Haz clic para compartir en Facebook\"><span><\/span><span class=\"sharing-screen-reader-text\">Haz clic para compartir en Facebook (Se abre en una ventana nueva)<\/span><\/a><\/li><li class=\"share-jetpack-whatsapp\"><a rel=\"nofollow noopener noreferrer\" data-shared=\"\" class=\"share-jetpack-whatsapp sd-button share-icon no-text\" href=\"http:\/\/www.rtvnoticias.com.ar\/?p=25093&amp;share=jetpack-whatsapp\" target=\"_blank\" title=\"Haz clic para compartir en WhatsApp\"><span><\/span><span class=\"sharing-screen-reader-text\">Haz clic para compartir en WhatsApp (Se abre en una ventana nueva)<\/span><\/a><\/li><li class=\"share-telegram\"><a rel=\"nofollow noopener noreferrer\" data-shared=\"\" class=\"share-telegram sd-button share-icon no-text\" href=\"http:\/\/www.rtvnoticias.com.ar\/?p=25093&amp;share=telegram\" target=\"_blank\" title=\"Haz clic para compartir en Telegram\"><span><\/span><span class=\"sharing-screen-reader-text\">Haz clic para compartir en Telegram (Se abre en una ventana nueva)<\/span><\/a><\/li><li class=\"share-end\"><\/li><\/ul><\/div><\/div><\/div>","protected":false},"author":7,"featured_media":22464,"comment_status":"closed","ping_status":"closed","sticky":false,"template":"","format":"standard","meta":{"spay_email":"","jetpack_publicize_message":"","jetpack_is_tweetstorm":false,"jetpack_publicize_feature_enabled":true},"categories":[4],"tags":[3151],"jetpack_featured_media_url":"http:\/\/www.rtvnoticias.com.ar\/wp-content\/uploads\/2020\/08\/la-pampa.png","jetpack_publicize_connections":[],"jetpack_sharing_enabled":true,"_links":{"self":[{"href":"http:\/\/www.rtvnoticias.com.ar\/index.php?rest_route=\/wp\/v2\/posts\/25093"}],"collection":[{"href":"http:\/\/www.rtvnoticias.com.ar\/index.php?rest_route=\/wp\/v2\/posts"}],"about":[{"href":"http:\/\/www.rtvnoticias.com.ar\/index.php?rest_route=\/wp\/v2\/types\/post"}],"author":[{"embeddable":true,"href":"http:\/\/www.rtvnoticias.com.ar\/index.php?rest_route=\/wp\/v2\/users\/7"}],"replies":[{"embeddable":true,"href":"http:\/\/www.rtvnoticias.com.ar\/index.php?rest_route=%2Fwp%2Fv2%2Fcomments&post=25093"}],"version-history":[{"count":1,"href":"http:\/\/www.rtvnoticias.com.ar\/index.php?rest_route=\/wp\/v2\/posts\/25093\/revisions"}],"predecessor-version":[{"id":25094,"href":"http:\/\/www.rtvnoticias.com.ar\/index.php?rest_route=\/wp\/v2\/posts\/25093\/revisions\/25094"}],"wp:featuredmedia":[{"embeddable":true,"href":"http:\/\/www.rtvnoticias.com.ar\/index.php?rest_route=\/wp\/v2\/media\/22464"}],"wp:attachment":[{"href":"http:\/\/www.rtvnoticias.com.ar\/index.php?rest_route=%2Fwp%2Fv2%2Fmedia&parent=25093"}],"wp:term":[{"taxonomy":"category","embeddable":true,"href":"http:\/\/www.rtvnoticias.com.ar\/index.php?rest_route=%2Fwp%2Fv2%2Fcategories&post=25093"},{"taxonomy":"post_tag","embeddable":true,"href":"http:\/\/www.rtvnoticias.com.ar\/index.php?rest_route=%2Fwp%2Fv2%2Ftags&post=25093"}],"curies":[{"name":"wp","href":"https:\/\/api.w.org\/{rel}","templated":true}]}}