{"id":25098,"date":"2021-01-04T10:26:23","date_gmt":"2021-01-04T13:26:23","guid":{"rendered":"http:\/\/www.rtvnoticias.com.ar\/?p=25098"},"modified":"2021-01-04T10:26:29","modified_gmt":"2021-01-04T13:26:29","slug":"el-campo-realizara-cortes-de-rutas-y-convocaria-a-un-paro-nacional-para-el-18-de-enero","status":"publish","type":"post","link":"http:\/\/www.rtvnoticias.com.ar\/?p=25098","title":{"rendered":"El campo realizar\u00e1 cortes de rutas y convocar\u00eda a un paro nacional para el 18 de enero"},"content":{"rendered":"\n<p>La suspensi\u00f3n de exportaciones de ma\u00edz que anunci\u00f3 el Gobierno el 30 de diciembre gener\u00f3 malestar entre los agricultores de distintas provincias. Los ruralistas temen que la reciente decisi\u00f3n oficial est\u00e9 seguida por m\u00e1s medidas contra el sector.<\/p>\n\n\n\n<p>Por eso, ya hay protestas programadas para esta semana en diferentes localidades del pa\u00eds y no descartan que en los pr\u00f3ximos d\u00edas se lleven a cabo nuevas medidas de fuerza, dada la coincidencia sectorial sobre la \u201cnecesidad de expresar un reclamo contundente\u201d.<\/p>\n\n\n\n<p>El campo ya planea realizar cortes de rutas y convocar\u00eda a un paro con fecha el 18 de enero, que incluir\u00eda control de cargas en todas las provincias.<\/p>\n\n\n\n<p>En Pergamino, justo a un a\u00f1o del masivo tractorazo, el jueves habr\u00e1 un corte de rutas.<br>\nEn Pergamino, justo a un a\u00f1o del masivo tractorazo, el jueves habr\u00e1 un corte de rutas.<br>\nEn Pergamino, el jueves a las 18 horas habr\u00e1 un corte en el cruce de las rutas 188 y 32, justo a un a\u00f1o del masivo tractorazo que se realiz\u00f3 en esa localidad, poco despu\u00e9s de que el gobierno de Alberto Fern\u00e1ndez subiera las retenciones a los granos, a poco de asumir.<\/p>\n\n\n\n<p>La secuencia continuar\u00e1 el viernes en el cruce de AO12 y la ruta nacional 34, en las proximidades de Rosario, y el s\u00e1bado en el cruce de las rutas nacional 9 y 178 en Armstrong, Santa Fe. Para el 18, fecha en la que podr\u00eda realizarse un paro a nivel nacional, ya se anunciaron cortes en distintas localidades de diferentes provincias: Cruz del Eje, R\u00edo Cuarto, San Luis, Villaguay, Tostado, Reconquista, Crespo y Sinsacate.<\/p>\n\n\n\n<p>La Mesa de Enlace del campo se reunir\u00e1 ma\u00f1ana de forma virtual para evaluar los pasos a seguir. Adem\u00e1s del encuentro de esta entidad -integrada por Confederaciones Rurales Argentinas (CRA), la Sociedad Rural Argentina (SRA), los cooperativistas de Coninagro y la Federaci\u00f3n Agraria Argentina (FAA)-, el mi\u00e9rcoles se reunir\u00e1 la Comisi\u00f3n Directiva de CRA para analizar la posible respuesta a la decisi\u00f3n gubernamental y para estudiar los reclamos de las bases rurales.<\/p>\n\n\n\n<p>Por su parte, la Asociaci\u00f3n Argentina de Productores Autoconvocados, con especial predicamento en la regi\u00f3n central del pa\u00eds, tiene programadas asambleas desde el mi\u00e9rcoles. La primera reuni\u00f3n ser\u00e1 en Bell Ville, C\u00f3rdoba.<\/p>\n\n\n\n<p>El malestar crece entre los agricultores y buscan generar un \u201creclamo contundente\u201d.<br>\nEl malestar crece entre los agricultores y buscan generar un \u201creclamo contundente\u201d.<br>\n\u201cEl \u00e1nimo de los productores es de mucha bronca contenida que ven\u00eda de varias otras medidas. Sali\u00f3 a la luz. La gente pide inmediatas medidas de protesta. Escucharemos a las Confederaciones sobre qu\u00e9 acci\u00f3n tomar, pero esto no va a pasar desapercibido. Es un atropello al trabajo del productor, una decisi\u00f3n totalmente inconsulta. Cuando el pa\u00eds necesita que produzcamos m\u00e1s, con 40 millones de habitantes en estado de pobreza, se hace todo lo posible para trabar la producci\u00f3n\u201d, explic\u00f3 el titular de CRA, Jorge Chemes, en declaraciones al programa \u201cCNN Campo\u201d, que se emite por CNN Radio.<\/p>\n\n\n\n<p>Seg\u00fan Chemes, \u201chay un concepto equivocado del Gobierno sobre la producci\u00f3n del campo\u201d. \u201cA veces parece que busca escenarios de conflicto, que quiere pelear en vez de apuntar a la armon\u00eda. Resulta que ahora que hay que darle de comer a la gente, se toman medidas que lo \u00fanico que provocan es retracci\u00f3n\u201d, asegur\u00f3.<\/p>\n\n\n\n<p>En ese sentido, el productor autoconvocado Germ\u00e1n Su\u00e1rez dijo en declaraciones a CNN Radio: \u201cEl gobierno no deja de sorprendernos con viejas recetas. Estamos soportando una sequ\u00eda bastante preocupante y ahora la intervenci\u00f3n del mercado le termina de poner la frutilla al postre. No sabemos qu\u00e9 va a hacer el Gobierno de ahora en adelante. Seguramente, pondr\u00e1 un aumento de retenciones.<\/p>\n\n\n\n<p>En tanto, Rom\u00e1n Guti\u00e9rrez, productor autoconvocado de Pergamino, agreg\u00f3: \u201cSi pedimos un paro de comercializaci\u00f3n hay que hacerlo con control de cargas en todas las provincias. El \u00faltimo no fue el 100% efectivo porque era una risa: muchas empresas que tienen presencia en las entidades mandaban camiones\u201d.<\/p>\n<div class=\"sharedaddy sd-sharing-enabled\"><div class=\"robots-nocontent sd-block sd-social sd-social-icon sd-sharing\"><h3 class=\"sd-title\">Comparte esto:<\/h3><div class=\"sd-content\"><ul><li class=\"share-twitter\"><a rel=\"nofollow noopener noreferrer\" data-shared=\"sharing-twitter-25098\" class=\"share-twitter sd-button share-icon no-text\" href=\"http:\/\/www.rtvnoticias.com.ar\/?p=25098&amp;share=twitter\" target=\"_blank\" title=\"Haz clic para compartir en Twitter\"><span><\/span><span class=\"sharing-screen-reader-text\">Haz clic para compartir en Twitter (Se abre en una ventana nueva)<\/span><\/a><\/li><li class=\"share-facebook\"><a rel=\"nofollow noopener noreferrer\" data-shared=\"sharing-facebook-25098\" class=\"share-facebook sd-button share-icon no-text\" href=\"http:\/\/www.rtvnoticias.com.ar\/?p=25098&amp;share=facebook\" target=\"_blank\" title=\"Haz clic para compartir en Facebook\"><span><\/span><span class=\"sharing-screen-reader-text\">Haz clic para compartir en Facebook (Se abre en una ventana nueva)<\/span><\/a><\/li><li class=\"share-jetpack-whatsapp\"><a rel=\"nofollow noopener noreferrer\" data-shared=\"\" class=\"share-jetpack-whatsapp sd-button share-icon no-text\" href=\"http:\/\/www.rtvnoticias.com.ar\/?p=25098&amp;share=jetpack-whatsapp\" target=\"_blank\" title=\"Haz clic para compartir en WhatsApp\"><span><\/span><span class=\"sharing-screen-reader-text\">Haz clic para compartir en WhatsApp (Se abre en una ventana nueva)<\/span><\/a><\/li><li class=\"share-telegram\"><a rel=\"nofollow noopener noreferrer\" data-shared=\"\" class=\"share-telegram sd-button share-icon no-text\" href=\"http:\/\/www.rtvnoticias.com.ar\/?p=25098&amp;share=telegram\" target=\"_blank\" title=\"Haz clic para compartir en Telegram\"><span><\/span><span class=\"sharing-screen-reader-text\">Haz clic para compartir en Telegram (Se abre en una ventana nueva)<\/span><\/a><\/li><li class=\"share-end\"><\/li><\/ul><\/div><\/div><\/div>","protected":false},"excerpt":{"rendered":"<p>La suspensi\u00f3n de exportaciones de ma\u00edz que anunci\u00f3 el Gobierno el 30 de diciembre gener\u00f3 malestar entre los agricultores de distintas provincias. Los ruralistas temen<\/p>\n<div class=\"sharedaddy sd-sharing-enabled\"><div class=\"robots-nocontent sd-block sd-social sd-social-icon sd-sharing\"><h3 class=\"sd-title\">Comparte esto:<\/h3><div class=\"sd-content\"><ul><li class=\"share-twitter\"><a rel=\"nofollow noopener noreferrer\" data-shared=\"sharing-twitter-25098\" class=\"share-twitter sd-button share-icon no-text\" href=\"http:\/\/www.rtvnoticias.com.ar\/?p=25098&amp;share=twitter\" target=\"_blank\" title=\"Haz clic para compartir en Twitter\"><span><\/span><span class=\"sharing-screen-reader-text\">Haz clic para compartir en Twitter (Se abre en una ventana nueva)<\/span><\/a><\/li><li class=\"share-facebook\"><a rel=\"nofollow noopener noreferrer\" data-shared=\"sharing-facebook-25098\" class=\"share-facebook sd-button share-icon no-text\" href=\"http:\/\/www.rtvnoticias.com.ar\/?p=25098&amp;share=facebook\" target=\"_blank\" title=\"Haz clic para compartir en Facebook\"><span><\/span><span class=\"sharing-screen-reader-text\">Haz clic para compartir en Facebook (Se abre en una ventana nueva)<\/span><\/a><\/li><li class=\"share-jetpack-whatsapp\"><a rel=\"nofollow noopener noreferrer\" data-shared=\"\" class=\"share-jetpack-whatsapp sd-button share-icon no-text\" href=\"http:\/\/www.rtvnoticias.com.ar\/?p=25098&amp;share=jetpack-whatsapp\" target=\"_blank\" title=\"Haz clic para compartir en WhatsApp\"><span><\/span><span class=\"sharing-screen-reader-text\">Haz clic para compartir en WhatsApp (Se abre en una ventana nueva)<\/span><\/a><\/li><li class=\"share-telegram\"><a rel=\"nofollow noopener noreferrer\" data-shared=\"\" class=\"share-telegram sd-button share-icon no-text\" href=\"http:\/\/www.rtvnoticias.com.ar\/?p=25098&amp;share=telegram\" target=\"_blank\" title=\"Haz clic para compartir en Telegram\"><span><\/span><span class=\"sharing-screen-reader-text\">Haz clic para compartir en Telegram (Se abre en una ventana nueva)<\/span><\/a><\/li><li class=\"share-end\"><\/li><\/ul><\/div><\/div><\/div>","protected":false},"author":7,"featured_media":25099,"comment_status":"closed","ping_status":"closed","sticky":false,"template":"","format":"standard","meta":{"spay_email":"","jetpack_publicize_message":"","jetpack_is_tweetstorm":false,"jetpack_publicize_feature_enabled":true},"categories":[1],"tags":[],"jetpack_featured_media_url":"http:\/\/www.rtvnoticias.com.ar\/wp-content\/uploads\/2021\/01\/campo.jpg","jetpack_publicize_connections":[],"jetpack_sharing_enabled":true,"_links":{"self":[{"href":"http:\/\/www.rtvnoticias.com.ar\/index.php?rest_route=\/wp\/v2\/posts\/25098"}],"collection":[{"href":"http:\/\/www.rtvnoticias.com.ar\/index.php?rest_route=\/wp\/v2\/posts"}],"about":[{"href":"http:\/\/www.rtvnoticias.com.ar\/index.php?rest_route=\/wp\/v2\/types\/post"}],"author":[{"embeddable":true,"href":"http:\/\/www.rtvnoticias.com.ar\/index.php?rest_route=\/wp\/v2\/users\/7"}],"replies":[{"embeddable":true,"href":"http:\/\/www.rtvnoticias.com.ar\/index.php?rest_route=%2Fwp%2Fv2%2Fcomments&post=25098"}],"version-history":[{"count":1,"href":"http:\/\/www.rtvnoticias.com.ar\/index.php?rest_route=\/wp\/v2\/posts\/25098\/revisions"}],"predecessor-version":[{"id":25100,"href":"http:\/\/www.rtvnoticias.com.ar\/index.php?rest_route=\/wp\/v2\/posts\/25098\/revisions\/25100"}],"wp:featuredmedia":[{"embeddable":true,"href":"http:\/\/www.rtvnoticias.com.ar\/index.php?rest_route=\/wp\/v2\/media\/25099"}],"wp:attachment":[{"href":"http:\/\/www.rtvnoticias.com.ar\/index.php?rest_route=%2Fwp%2Fv2%2Fmedia&parent=25098"}],"wp:term":[{"taxonomy":"category","embeddable":true,"href":"http:\/\/www.rtvnoticias.com.ar\/index.php?rest_route=%2Fwp%2Fv2%2Fcategories&post=25098"},{"taxonomy":"post_tag","embeddable":true,"href":"http:\/\/www.rtvnoticias.com.ar\/index.php?rest_route=%2Fwp%2Fv2%2Ftags&post=25098"}],"curies":[{"name":"wp","href":"https:\/\/api.w.org\/{rel}","templated":true}]}}