{"id":25101,"date":"2021-01-04T10:34:24","date_gmt":"2021-01-04T13:34:24","guid":{"rendered":"http:\/\/www.rtvnoticias.com.ar\/?p=25101"},"modified":"2021-01-04T10:34:27","modified_gmt":"2021-01-04T13:34:27","slug":"reforma-judicial-y-del-ministerio-publico-los-temas-centrales-de-extraordinarias-en-el-congreso","status":"publish","type":"post","link":"http:\/\/www.rtvnoticias.com.ar\/?p=25101","title":{"rendered":"Reforma Judicial y del Ministerio P\u00fablico, los temas centrales de extraordinarias en el Congreso"},"content":{"rendered":"\n<p>La reforma de la Justicia Nacional y del Ministerio P\u00fablico Fiscal para designar el Procurador General de la Naci\u00f3n y las iniciativas para promover el cr\u00e9dito y la construcci\u00f3n son los principales proyectos que debe tratar la C\u00e1mara de Diputados en las sesiones extraordinarias que comenzar\u00e1n este lunes y se extender\u00e1n hasta el 28 de febrero.<\/p>\n\n\n\n<p>De todos modos, la agenda de sesiones tendr\u00e1 un virtual receso en la primera quincena de enero, para luego reanudar lentamente la actividad en ambas c\u00e1maras del Parlamento hasta llegar a febrero, cuando se tratar\u00e1 el grueso de las iniciativas.<\/p>\n\n\n\n<p><strong>La reforma judicial<\/strong><\/p>\n\n\n\n<p>Uno de los temas centrales de la agenda propuesta por el Gobierno nacional es la reforma judicial aprobada por el Senado el 27 de agosto pero que Diputados no pudo avanzar ya que a\u00fan no logr\u00f3 enhebrar acuerdos con los bloques opositores.<\/p>\n\n\n\n<p>El Frente de Todos -conducido por M\u00e1ximo Kirchner en la C\u00e1mara baja- tiene 119 diputados, pero de rigor son 117 votos, ya que el presidente de la C\u00e1mara Sergio Massa no vota y Jos\u00e9 de Mendiguren est\u00e1 de licencia, lo que obliga al partido a buscar acuerdos con los bloques opositores provinciales para construir la mayor\u00eda.<\/p>\n\n\n\n<p>El interbloque de Juntos por el Cambio que conduce Mario Negri tiene 115 legisladores y se opuso a la mayor\u00eda de los proyectos claves para el Gobierno nacional.<\/p>\n\n\n\n<p>As\u00ed sucedi\u00f3 con la mayor\u00eda de las leyes cruciales, como la de Presupuesto, Aporte Solidario a las Grandes Fortunas, manejo del fuego, nuevo sistema de financiamiento de la polic\u00eda porte\u00f1a y la nueva f\u00f3rmula de jubilaciones.<\/p>\n\n\n\n<p>Por ese motivo y debido a la falta de acuerdo, a\u00fan no pudo avanzar el oficialismo en la reforma judicial que busca el fortalecimiento de la Justicia Penal Federal con la unificaci\u00f3n de los fueros Criminal y Correccional Federal y Nacional en lo Penal Econ\u00f3mico bajo la denominaci\u00f3n de fuero Penal Federal con asiento en la Ciudad de Buenos Aires.<\/p>\n\n\n\n<p>C\u00f3rdoba Federal, que viene acompa\u00f1ando los proyectos del oficialismo, se opone a la iniciativa, lo que complica el desenlace esperado por el Frente de Todos, por ser esos cuatro votos claves para conseguir los 129 necesarios para aprobar la iniciativa.<\/p>\n\n\n\n<p>Fuentes del oficialismo se\u00f1alaron que buscan los acuerdos para poder avanzar con la sanci\u00f3n del proyecto, ya que no quieren abrir el debate y luego tener que frenar la emisi\u00f3n del dictamen y su tratamiento en el recinto por la falta de votos.<\/p>\n\n\n\n<p><strong>Los cambios en el Ministerio P\u00fablico<\/strong><\/p>\n\n\n\n<p>Otro tema clave es el proyecto que modifica la ley del Ministerio Publico para poder acortar el mandato del Procurador y las mayor\u00edas para su aprobaci\u00f3n (por mayor\u00eda absoluta en lugar de los dos tercios que requiere en la actualidad).<\/p>\n<div class=\"sharedaddy sd-sharing-enabled\"><div class=\"robots-nocontent sd-block sd-social sd-social-icon sd-sharing\"><h3 class=\"sd-title\">Comparte esto:<\/h3><div class=\"sd-content\"><ul><li class=\"share-twitter\"><a rel=\"nofollow noopener noreferrer\" data-shared=\"sharing-twitter-25101\" class=\"share-twitter sd-button share-icon no-text\" href=\"http:\/\/www.rtvnoticias.com.ar\/?p=25101&amp;share=twitter\" target=\"_blank\" title=\"Haz clic para compartir en Twitter\"><span><\/span><span class=\"sharing-screen-reader-text\">Haz clic para compartir en Twitter (Se abre en una ventana nueva)<\/span><\/a><\/li><li class=\"share-facebook\"><a rel=\"nofollow noopener noreferrer\" data-shared=\"sharing-facebook-25101\" class=\"share-facebook sd-button share-icon no-text\" href=\"http:\/\/www.rtvnoticias.com.ar\/?p=25101&amp;share=facebook\" target=\"_blank\" title=\"Haz clic para compartir en Facebook\"><span><\/span><span class=\"sharing-screen-reader-text\">Haz clic para compartir en Facebook (Se abre en una ventana nueva)<\/span><\/a><\/li><li class=\"share-jetpack-whatsapp\"><a rel=\"nofollow noopener noreferrer\" data-shared=\"\" class=\"share-jetpack-whatsapp sd-button share-icon no-text\" href=\"http:\/\/www.rtvnoticias.com.ar\/?p=25101&amp;share=jetpack-whatsapp\" target=\"_blank\" title=\"Haz clic para compartir en WhatsApp\"><span><\/span><span class=\"sharing-screen-reader-text\">Haz clic para compartir en WhatsApp (Se abre en una ventana nueva)<\/span><\/a><\/li><li class=\"share-telegram\"><a rel=\"nofollow noopener noreferrer\" data-shared=\"\" class=\"share-telegram sd-button share-icon no-text\" href=\"http:\/\/www.rtvnoticias.com.ar\/?p=25101&amp;share=telegram\" target=\"_blank\" title=\"Haz clic para compartir en Telegram\"><span><\/span><span class=\"sharing-screen-reader-text\">Haz clic para compartir en Telegram (Se abre en una ventana nueva)<\/span><\/a><\/li><li class=\"share-end\"><\/li><\/ul><\/div><\/div><\/div>","protected":false},"excerpt":{"rendered":"<p>La reforma de la Justicia Nacional y del Ministerio P\u00fablico Fiscal para designar el Procurador General de la Naci\u00f3n y las iniciativas para promover el<\/p>\n<div class=\"sharedaddy sd-sharing-enabled\"><div class=\"robots-nocontent sd-block sd-social sd-social-icon sd-sharing\"><h3 class=\"sd-title\">Comparte esto:<\/h3><div class=\"sd-content\"><ul><li class=\"share-twitter\"><a rel=\"nofollow noopener noreferrer\" data-shared=\"sharing-twitter-25101\" class=\"share-twitter sd-button share-icon no-text\" href=\"http:\/\/www.rtvnoticias.com.ar\/?p=25101&amp;share=twitter\" target=\"_blank\" title=\"Haz clic para compartir en Twitter\"><span><\/span><span class=\"sharing-screen-reader-text\">Haz clic para compartir en Twitter (Se abre en una ventana nueva)<\/span><\/a><\/li><li class=\"share-facebook\"><a rel=\"nofollow noopener noreferrer\" data-shared=\"sharing-facebook-25101\" class=\"share-facebook sd-button share-icon no-text\" href=\"http:\/\/www.rtvnoticias.com.ar\/?p=25101&amp;share=facebook\" target=\"_blank\" title=\"Haz clic para compartir en Facebook\"><span><\/span><span class=\"sharing-screen-reader-text\">Haz clic para compartir en Facebook (Se abre en una ventana nueva)<\/span><\/a><\/li><li class=\"share-jetpack-whatsapp\"><a rel=\"nofollow noopener noreferrer\" data-shared=\"\" class=\"share-jetpack-whatsapp sd-button share-icon no-text\" href=\"http:\/\/www.rtvnoticias.com.ar\/?p=25101&amp;share=jetpack-whatsapp\" target=\"_blank\" title=\"Haz clic para compartir en WhatsApp\"><span><\/span><span class=\"sharing-screen-reader-text\">Haz clic para compartir en WhatsApp (Se abre en una ventana nueva)<\/span><\/a><\/li><li class=\"share-telegram\"><a rel=\"nofollow noopener noreferrer\" data-shared=\"\" class=\"share-telegram sd-button share-icon no-text\" href=\"http:\/\/www.rtvnoticias.com.ar\/?p=25101&amp;share=telegram\" target=\"_blank\" title=\"Haz clic para compartir en Telegram\"><span><\/span><span class=\"sharing-screen-reader-text\">Haz clic para compartir en Telegram (Se abre en una ventana nueva)<\/span><\/a><\/li><li class=\"share-end\"><\/li><\/ul><\/div><\/div><\/div>","protected":false},"author":7,"featured_media":0,"comment_status":"closed","ping_status":"closed","sticky":false,"template":"","format":"standard","meta":{"spay_email":"","jetpack_publicize_message":"","jetpack_is_tweetstorm":false,"jetpack_publicize_feature_enabled":true},"categories":[1],"tags":[],"jetpack_featured_media_url":"","jetpack_publicize_connections":[],"jetpack_sharing_enabled":true,"_links":{"self":[{"href":"http:\/\/www.rtvnoticias.com.ar\/index.php?rest_route=\/wp\/v2\/posts\/25101"}],"collection":[{"href":"http:\/\/www.rtvnoticias.com.ar\/index.php?rest_route=\/wp\/v2\/posts"}],"about":[{"href":"http:\/\/www.rtvnoticias.com.ar\/index.php?rest_route=\/wp\/v2\/types\/post"}],"author":[{"embeddable":true,"href":"http:\/\/www.rtvnoticias.com.ar\/index.php?rest_route=\/wp\/v2\/users\/7"}],"replies":[{"embeddable":true,"href":"http:\/\/www.rtvnoticias.com.ar\/index.php?rest_route=%2Fwp%2Fv2%2Fcomments&post=25101"}],"version-history":[{"count":1,"href":"http:\/\/www.rtvnoticias.com.ar\/index.php?rest_route=\/wp\/v2\/posts\/25101\/revisions"}],"predecessor-version":[{"id":25102,"href":"http:\/\/www.rtvnoticias.com.ar\/index.php?rest_route=\/wp\/v2\/posts\/25101\/revisions\/25102"}],"wp:attachment":[{"href":"http:\/\/www.rtvnoticias.com.ar\/index.php?rest_route=%2Fwp%2Fv2%2Fmedia&parent=25101"}],"wp:term":[{"taxonomy":"category","embeddable":true,"href":"http:\/\/www.rtvnoticias.com.ar\/index.php?rest_route=%2Fwp%2Fv2%2Fcategories&post=25101"},{"taxonomy":"post_tag","embeddable":true,"href":"http:\/\/www.rtvnoticias.com.ar\/index.php?rest_route=%2Fwp%2Fv2%2Ftags&post=25101"}],"curies":[{"name":"wp","href":"https:\/\/api.w.org\/{rel}","templated":true}]}}