{"id":25119,"date":"2021-01-05T12:31:49","date_gmt":"2021-01-05T15:31:49","guid":{"rendered":"http:\/\/www.rtvnoticias.com.ar\/?p=25119"},"modified":"2021-01-05T12:32:49","modified_gmt":"2021-01-05T15:32:49","slug":"trapaglia-critico-al-gobierno-por-las-restricciones-para-la-exportacion-de-maiz","status":"publish","type":"post","link":"http:\/\/www.rtvnoticias.com.ar\/?p=25119","title":{"rendered":"Trapaglia critic\u00f3 al gobierno por las restricciones para la exportaci\u00f3n de ma\u00edz"},"content":{"rendered":"\n<p>La diputada Mar\u00eda Laura Trapaglia se refiri\u00f3 a la restricci\u00f3n impuesta por el gobierno nacional, para las exportaciones de ma\u00edz. Asegur\u00f3 que \u201cpara crecer tenemos que exportar m\u00e1s, no menos\u201d .<\/p>\n\n\n\n<p>La diputada expres\u00f3 que, \u201csi bien es cierto que el precio del ma\u00edz impacta en el costo de producci\u00f3n de la leche, de la carne o del pollo, los productores saben que el principal problema no es este, sino la carga tributaria que sufren los productos sumado a los incrementos que se producen sobre la cotizaci\u00f3n desde el punto de producci\u00f3n en el campo, hasta su llegada a la g\u00f3ndola.\u201d<\/p>\n\n\n\n<p>\u201cPor otro lado, es fundamental equilibrar la relaci\u00f3n soja\/gram\u00edneas y por lo tanto rotar el suelo para producir de manera m\u00e1s eficiente, sustentable y disminuir los excesos h\u00eddricos, adem\u00e1s de controlar malezas o evitar el desarrollo de enfermedades.\u00a0En nuestra provincia muchos productores apostaron a sembrar ma\u00edz en lugar de soja, previendo un a\u00f1o complicado, con pocas precipitaciones. A su vez arriesg\u00e1ndose incluso a realizar siembras tard\u00edas.\u00a0No es justo que a mitad de camino nos cambien las reglas del juego, y esto fue lo que hizo el gobierno nacional.\u201d<\/p>\n\n\n\n<p>\u201cLa medida que tom\u00f3 el gobierno nacional, atenta directamente contra la confianza de los productores, conduciendo a que se retraiga la producci\u00f3n y las inversiones en lo inmediato\u00a0(efecto que se trasladar\u00e1 a la disminuci\u00f3n de fuentes laborales)\u00a0y genera un gran malestar en la relaci\u00f3n entre el sector agropecuario y el propio gobierno.\u201d<\/p>\n\n\n\n<p>Trapaglia concluy\u00f3 que \u201cmedidas similares en el pasado dieron como resultado una brutal ca\u00edda del \u00e1rea sembrada de este cultivo, perjudicando as\u00ed no solo a la producci\u00f3n sino tambi\u00e9n a toda la cadena de valor.\u201d<\/p>\n\n\n\n<p>\u201cSi el prop\u00f3sito que el gobierno nacional busca a trav\u00e9s de esta medida, es el de estabilizar los valores de los productos finales para los consumidores, no lo estar\u00eda logrando\u201d finaliz\u00f3.<\/p>\n<div class=\"sharedaddy sd-sharing-enabled\"><div class=\"robots-nocontent sd-block sd-social sd-social-icon sd-sharing\"><h3 class=\"sd-title\">Comparte esto:<\/h3><div class=\"sd-content\"><ul><li class=\"share-twitter\"><a rel=\"nofollow noopener noreferrer\" data-shared=\"sharing-twitter-25119\" class=\"share-twitter sd-button share-icon no-text\" href=\"http:\/\/www.rtvnoticias.com.ar\/?p=25119&amp;share=twitter\" target=\"_blank\" title=\"Haz clic para compartir en Twitter\"><span><\/span><span class=\"sharing-screen-reader-text\">Haz clic para compartir en Twitter (Se abre en una ventana nueva)<\/span><\/a><\/li><li class=\"share-facebook\"><a rel=\"nofollow noopener noreferrer\" data-shared=\"sharing-facebook-25119\" class=\"share-facebook sd-button share-icon no-text\" href=\"http:\/\/www.rtvnoticias.com.ar\/?p=25119&amp;share=facebook\" target=\"_blank\" title=\"Haz clic para compartir en Facebook\"><span><\/span><span class=\"sharing-screen-reader-text\">Haz clic para compartir en Facebook (Se abre en una ventana nueva)<\/span><\/a><\/li><li class=\"share-jetpack-whatsapp\"><a rel=\"nofollow noopener noreferrer\" data-shared=\"\" class=\"share-jetpack-whatsapp sd-button share-icon no-text\" href=\"http:\/\/www.rtvnoticias.com.ar\/?p=25119&amp;share=jetpack-whatsapp\" target=\"_blank\" title=\"Haz clic para compartir en WhatsApp\"><span><\/span><span class=\"sharing-screen-reader-text\">Haz clic para compartir en WhatsApp (Se abre en una ventana nueva)<\/span><\/a><\/li><li class=\"share-telegram\"><a rel=\"nofollow noopener noreferrer\" data-shared=\"\" class=\"share-telegram sd-button share-icon no-text\" href=\"http:\/\/www.rtvnoticias.com.ar\/?p=25119&amp;share=telegram\" target=\"_blank\" title=\"Haz clic para compartir en Telegram\"><span><\/span><span class=\"sharing-screen-reader-text\">Haz clic para compartir en Telegram (Se abre en una ventana nueva)<\/span><\/a><\/li><li class=\"share-end\"><\/li><\/ul><\/div><\/div><\/div>","protected":false},"excerpt":{"rendered":"<p>La diputada Mar\u00eda Laura Trapaglia se refiri\u00f3 a la restricci\u00f3n impuesta por el gobierno nacional, para las exportaciones de ma\u00edz. Asegur\u00f3 que \u201cpara crecer tenemos<\/p>\n<div class=\"sharedaddy sd-sharing-enabled\"><div class=\"robots-nocontent sd-block sd-social sd-social-icon sd-sharing\"><h3 class=\"sd-title\">Comparte esto:<\/h3><div class=\"sd-content\"><ul><li class=\"share-twitter\"><a rel=\"nofollow noopener noreferrer\" data-shared=\"sharing-twitter-25119\" class=\"share-twitter sd-button share-icon no-text\" href=\"http:\/\/www.rtvnoticias.com.ar\/?p=25119&amp;share=twitter\" target=\"_blank\" title=\"Haz clic para compartir en Twitter\"><span><\/span><span class=\"sharing-screen-reader-text\">Haz clic para compartir en Twitter (Se abre en una ventana nueva)<\/span><\/a><\/li><li class=\"share-facebook\"><a rel=\"nofollow noopener noreferrer\" data-shared=\"sharing-facebook-25119\" class=\"share-facebook sd-button share-icon no-text\" href=\"http:\/\/www.rtvnoticias.com.ar\/?p=25119&amp;share=facebook\" target=\"_blank\" title=\"Haz clic para compartir en Facebook\"><span><\/span><span class=\"sharing-screen-reader-text\">Haz clic para compartir en Facebook (Se abre en una ventana nueva)<\/span><\/a><\/li><li class=\"share-jetpack-whatsapp\"><a rel=\"nofollow noopener noreferrer\" data-shared=\"\" class=\"share-jetpack-whatsapp sd-button share-icon no-text\" href=\"http:\/\/www.rtvnoticias.com.ar\/?p=25119&amp;share=jetpack-whatsapp\" target=\"_blank\" title=\"Haz clic para compartir en WhatsApp\"><span><\/span><span class=\"sharing-screen-reader-text\">Haz clic para compartir en WhatsApp (Se abre en una ventana nueva)<\/span><\/a><\/li><li class=\"share-telegram\"><a rel=\"nofollow noopener noreferrer\" data-shared=\"\" class=\"share-telegram sd-button share-icon no-text\" href=\"http:\/\/www.rtvnoticias.com.ar\/?p=25119&amp;share=telegram\" target=\"_blank\" title=\"Haz clic para compartir en Telegram\"><span><\/span><span class=\"sharing-screen-reader-text\">Haz clic para compartir en Telegram (Se abre en una ventana nueva)<\/span><\/a><\/li><li class=\"share-end\"><\/li><\/ul><\/div><\/div><\/div>","protected":false},"author":5,"featured_media":25120,"comment_status":"closed","ping_status":"closed","sticky":false,"template":"","format":"standard","meta":{"spay_email":"","jetpack_publicize_message":"","jetpack_is_tweetstorm":false,"jetpack_publicize_feature_enabled":true},"categories":[4],"tags":[3604],"jetpack_featured_media_url":"http:\/\/www.rtvnoticias.com.ar\/wp-content\/uploads\/2021\/01\/trapaglia.jpg","jetpack_publicize_connections":[],"jetpack_sharing_enabled":true,"_links":{"self":[{"href":"http:\/\/www.rtvnoticias.com.ar\/index.php?rest_route=\/wp\/v2\/posts\/25119"}],"collection":[{"href":"http:\/\/www.rtvnoticias.com.ar\/index.php?rest_route=\/wp\/v2\/posts"}],"about":[{"href":"http:\/\/www.rtvnoticias.com.ar\/index.php?rest_route=\/wp\/v2\/types\/post"}],"author":[{"embeddable":true,"href":"http:\/\/www.rtvnoticias.com.ar\/index.php?rest_route=\/wp\/v2\/users\/5"}],"replies":[{"embeddable":true,"href":"http:\/\/www.rtvnoticias.com.ar\/index.php?rest_route=%2Fwp%2Fv2%2Fcomments&post=25119"}],"version-history":[{"count":2,"href":"http:\/\/www.rtvnoticias.com.ar\/index.php?rest_route=\/wp\/v2\/posts\/25119\/revisions"}],"predecessor-version":[{"id":25122,"href":"http:\/\/www.rtvnoticias.com.ar\/index.php?rest_route=\/wp\/v2\/posts\/25119\/revisions\/25122"}],"wp:featuredmedia":[{"embeddable":true,"href":"http:\/\/www.rtvnoticias.com.ar\/index.php?rest_route=\/wp\/v2\/media\/25120"}],"wp:attachment":[{"href":"http:\/\/www.rtvnoticias.com.ar\/index.php?rest_route=%2Fwp%2Fv2%2Fmedia&parent=25119"}],"wp:term":[{"taxonomy":"category","embeddable":true,"href":"http:\/\/www.rtvnoticias.com.ar\/index.php?rest_route=%2Fwp%2Fv2%2Fcategories&post=25119"},{"taxonomy":"post_tag","embeddable":true,"href":"http:\/\/www.rtvnoticias.com.ar\/index.php?rest_route=%2Fwp%2Fv2%2Ftags&post=25119"}],"curies":[{"name":"wp","href":"https:\/\/api.w.org\/{rel}","templated":true}]}}