{"id":25123,"date":"2021-01-06T10:58:03","date_gmt":"2021-01-06T13:58:03","guid":{"rendered":"http:\/\/www.rtvnoticias.com.ar\/?p=25123"},"modified":"2021-01-06T10:58:07","modified_gmt":"2021-01-06T13:58:07","slug":"evaluan-cerrar-el-aeropuerto-de-ezeiza-por-temor-al-rebrote-y-la-nueva-cepa","status":"publish","type":"post","link":"http:\/\/www.rtvnoticias.com.ar\/?p=25123","title":{"rendered":"Eval\u00faan cerrar el Aeropuerto de Ezeiza por temor al rebrote y la nueva cepa"},"content":{"rendered":"\n<p>El crecimiento de los casos de Covid-19 en el \u00c1rea Metropolitana de Buenos Aires (AMBA) y la circulaci\u00f3n de la nueva cepa en el exterior oblig\u00f3 al Gobierno a poner un ojo en los arribos por el Aeropuerto Internacional de Ezeiza, entre las nuevas medidas sanitarias que estudian las autoridades nacionales, provinciales y de la ciudad de Buenos Aires.<\/p>\n\n\n\n<p>En los distintos niveles del sistema aeroportuario, incluida la Administraci\u00f3n Nacional de Aviaci\u00f3n Civil (ANAC), ya se habla de un eventual cierre de todos los vuelos internacionales a partir del 15 de enero, seg\u00fan deslizaron diversas fuentes del sector a Noticias Argentinas.&nbsp;<\/p>\n\n\n\n<p>La fecha clave para la decisi\u00f3n ser\u00eda el viernes 8 de enero, dado que hasta ese d\u00eda rige la prohibici\u00f3n de vuelos con el Reino Unido, Italia, Pa\u00edses Bajos, Australia y Dinamarca, donde se hab\u00eda detectado la nueva cepa de Covid-19. De concretarse la nueva medida, el cierre ser\u00eda total.&nbsp;<\/p>\n\n\n\n<p>En principio, se mantendr\u00edan vuelos de cabotaje, pero tambi\u00e9n est\u00e1 en estudio. El eventual cierre total de fronteras atiende a las dos cuestiones que m\u00e1s preocupan a las autoridades por estos d\u00edas: la circulaci\u00f3n de la nueva forma de coronavirus, que empez\u00f3 a detectarse en destinos con los que la Argentina mantiene vuelos -como Nueva York, que registr\u00f3 su primer caso el lunes- y el crecimiento de los contagios a nivel interno.&nbsp;<\/p>\n\n\n\n<p>La medida estuvo sobre la mesa en la reuni\u00f3n que mantuvieron la semana pasada el presidente Alberto Fern\u00e1ndez, el gobernador bonaerense, Axel Kicillof, y el jefe de Gobierno porte\u00f1o, Horacio Rodr\u00edguez Larreta, quienes tienen previsto volver a conversar entre el jueves y viernes para definir si se aplican o no nuevas restricciones, como el toque de queda nocturno.<\/p>\n\n\n\n<p>Adem\u00e1s, para esos d\u00edas los equipos de la administraci\u00f3n nacional, provincial y porte\u00f1a contar\u00edan con un panorama m\u00e1s claro sobre la evoluci\u00f3n de la curva de contagios tras los festejos de Navidad y A\u00f1o Nuevo, indicaron las fuentes consultadas.&nbsp;<\/p>\n\n\n\n<p>La visi\u00f3n que tengan los gobernadores del resto del pa\u00eds tambi\u00e9n podr\u00eda influir, como ocurri\u00f3 en el inicio de la pandemia. Provincias como La Pampa y Chaco comenzaron a aplicar una prohibici\u00f3n a la circulaci\u00f3n de gente a partir de la 01:00 y el gobernador pampeano, Sergio Ziliotto, advirti\u00f3 sobre la \u00abcreciente ocupaci\u00f3n de camas hospitalarias\u00bb en su distrito.&nbsp;<\/p>\n\n\n\n<p>En tanto, Kicillof ya empez\u00f3 a hablar con los intendentes de los municipios de la Costa Atl\u00e1ntica para tomar medidas dirigidas a evitar o al menos reducir al m\u00e1ximo posible las aglomeraciones.&nbsp;<\/p>\n\n\n\n<p>El pasado lunes, el Presidente advirti\u00f3 que \u00abexiste el riesgo de que todo vuelva a paralizarse\u00bb y realiz\u00f3 un llamado de atenci\u00f3n particularmente a los m\u00e1s j\u00f3venes. \u00abSi en verdad no queremos volver atr\u00e1s, lo que m\u00e1s necesitamos es que todos tengamos responsabilidad social\u00bb, subray\u00f3 Fern\u00e1ndez.<\/p>\n\n\n\n<p>Fuente: Cadena 3<\/p>\n<div class=\"sharedaddy sd-sharing-enabled\"><div class=\"robots-nocontent sd-block sd-social sd-social-icon sd-sharing\"><h3 class=\"sd-title\">Comparte esto:<\/h3><div class=\"sd-content\"><ul><li class=\"share-twitter\"><a rel=\"nofollow noopener noreferrer\" data-shared=\"sharing-twitter-25123\" class=\"share-twitter sd-button share-icon no-text\" href=\"http:\/\/www.rtvnoticias.com.ar\/?p=25123&amp;share=twitter\" target=\"_blank\" title=\"Haz clic para compartir en Twitter\"><span><\/span><span class=\"sharing-screen-reader-text\">Haz clic para compartir en Twitter (Se abre en una ventana nueva)<\/span><\/a><\/li><li class=\"share-facebook\"><a rel=\"nofollow noopener noreferrer\" data-shared=\"sharing-facebook-25123\" class=\"share-facebook sd-button share-icon no-text\" href=\"http:\/\/www.rtvnoticias.com.ar\/?p=25123&amp;share=facebook\" target=\"_blank\" title=\"Haz clic para compartir en Facebook\"><span><\/span><span class=\"sharing-screen-reader-text\">Haz clic para compartir en Facebook (Se abre en una ventana nueva)<\/span><\/a><\/li><li class=\"share-jetpack-whatsapp\"><a rel=\"nofollow noopener noreferrer\" data-shared=\"\" class=\"share-jetpack-whatsapp sd-button share-icon no-text\" href=\"http:\/\/www.rtvnoticias.com.ar\/?p=25123&amp;share=jetpack-whatsapp\" target=\"_blank\" title=\"Haz clic para compartir en WhatsApp\"><span><\/span><span class=\"sharing-screen-reader-text\">Haz clic para compartir en WhatsApp (Se abre en una ventana nueva)<\/span><\/a><\/li><li class=\"share-telegram\"><a rel=\"nofollow noopener noreferrer\" data-shared=\"\" class=\"share-telegram sd-button share-icon no-text\" href=\"http:\/\/www.rtvnoticias.com.ar\/?p=25123&amp;share=telegram\" target=\"_blank\" title=\"Haz clic para compartir en Telegram\"><span><\/span><span class=\"sharing-screen-reader-text\">Haz clic para compartir en Telegram (Se abre en una ventana nueva)<\/span><\/a><\/li><li class=\"share-end\"><\/li><\/ul><\/div><\/div><\/div>","protected":false},"excerpt":{"rendered":"<p>El crecimiento de los casos de Covid-19 en el \u00c1rea Metropolitana de Buenos Aires (AMBA) y la circulaci\u00f3n de la nueva cepa en el exterior<\/p>\n<div class=\"sharedaddy sd-sharing-enabled\"><div class=\"robots-nocontent sd-block sd-social sd-social-icon sd-sharing\"><h3 class=\"sd-title\">Comparte esto:<\/h3><div class=\"sd-content\"><ul><li class=\"share-twitter\"><a rel=\"nofollow noopener noreferrer\" data-shared=\"sharing-twitter-25123\" class=\"share-twitter sd-button share-icon no-text\" href=\"http:\/\/www.rtvnoticias.com.ar\/?p=25123&amp;share=twitter\" target=\"_blank\" title=\"Haz clic para compartir en Twitter\"><span><\/span><span class=\"sharing-screen-reader-text\">Haz clic para compartir en Twitter (Se abre en una ventana nueva)<\/span><\/a><\/li><li class=\"share-facebook\"><a rel=\"nofollow noopener noreferrer\" data-shared=\"sharing-facebook-25123\" class=\"share-facebook sd-button share-icon no-text\" href=\"http:\/\/www.rtvnoticias.com.ar\/?p=25123&amp;share=facebook\" target=\"_blank\" title=\"Haz clic para compartir en Facebook\"><span><\/span><span class=\"sharing-screen-reader-text\">Haz clic para compartir en Facebook (Se abre en una ventana nueva)<\/span><\/a><\/li><li class=\"share-jetpack-whatsapp\"><a rel=\"nofollow noopener noreferrer\" data-shared=\"\" class=\"share-jetpack-whatsapp sd-button share-icon no-text\" href=\"http:\/\/www.rtvnoticias.com.ar\/?p=25123&amp;share=jetpack-whatsapp\" target=\"_blank\" title=\"Haz clic para compartir en WhatsApp\"><span><\/span><span class=\"sharing-screen-reader-text\">Haz clic para compartir en WhatsApp (Se abre en una ventana nueva)<\/span><\/a><\/li><li class=\"share-telegram\"><a rel=\"nofollow noopener noreferrer\" data-shared=\"\" class=\"share-telegram sd-button share-icon no-text\" href=\"http:\/\/www.rtvnoticias.com.ar\/?p=25123&amp;share=telegram\" target=\"_blank\" title=\"Haz clic para compartir en Telegram\"><span><\/span><span class=\"sharing-screen-reader-text\">Haz clic para compartir en Telegram (Se abre en una ventana nueva)<\/span><\/a><\/li><li class=\"share-end\"><\/li><\/ul><\/div><\/div><\/div>","protected":false},"author":5,"featured_media":25124,"comment_status":"closed","ping_status":"closed","sticky":false,"template":"","format":"standard","meta":{"spay_email":"","jetpack_publicize_message":"","jetpack_is_tweetstorm":false,"jetpack_publicize_feature_enabled":true},"categories":[5],"tags":[3605],"jetpack_featured_media_url":"http:\/\/www.rtvnoticias.com.ar\/wp-content\/uploads\/2021\/01\/aeopuerto.jpg","jetpack_publicize_connections":[],"jetpack_sharing_enabled":true,"_links":{"self":[{"href":"http:\/\/www.rtvnoticias.com.ar\/index.php?rest_route=\/wp\/v2\/posts\/25123"}],"collection":[{"href":"http:\/\/www.rtvnoticias.com.ar\/index.php?rest_route=\/wp\/v2\/posts"}],"about":[{"href":"http:\/\/www.rtvnoticias.com.ar\/index.php?rest_route=\/wp\/v2\/types\/post"}],"author":[{"embeddable":true,"href":"http:\/\/www.rtvnoticias.com.ar\/index.php?rest_route=\/wp\/v2\/users\/5"}],"replies":[{"embeddable":true,"href":"http:\/\/www.rtvnoticias.com.ar\/index.php?rest_route=%2Fwp%2Fv2%2Fcomments&post=25123"}],"version-history":[{"count":1,"href":"http:\/\/www.rtvnoticias.com.ar\/index.php?rest_route=\/wp\/v2\/posts\/25123\/revisions"}],"predecessor-version":[{"id":25125,"href":"http:\/\/www.rtvnoticias.com.ar\/index.php?rest_route=\/wp\/v2\/posts\/25123\/revisions\/25125"}],"wp:featuredmedia":[{"embeddable":true,"href":"http:\/\/www.rtvnoticias.com.ar\/index.php?rest_route=\/wp\/v2\/media\/25124"}],"wp:attachment":[{"href":"http:\/\/www.rtvnoticias.com.ar\/index.php?rest_route=%2Fwp%2Fv2%2Fmedia&parent=25123"}],"wp:term":[{"taxonomy":"category","embeddable":true,"href":"http:\/\/www.rtvnoticias.com.ar\/index.php?rest_route=%2Fwp%2Fv2%2Fcategories&post=25123"},{"taxonomy":"post_tag","embeddable":true,"href":"http:\/\/www.rtvnoticias.com.ar\/index.php?rest_route=%2Fwp%2Fv2%2Ftags&post=25123"}],"curies":[{"name":"wp","href":"https:\/\/api.w.org\/{rel}","templated":true}]}}