{"id":25178,"date":"2021-01-11T18:21:29","date_gmt":"2021-01-11T21:21:29","guid":{"rendered":"http:\/\/www.rtvnoticias.com.ar\/?p=25178"},"modified":"2021-01-11T18:21:32","modified_gmt":"2021-01-11T21:21:32","slug":"vizzotti-se-analiza-diferir-la-aplicacion-de-la-segunda-dosis-para-vacunar-a-mas-gente","status":"publish","type":"post","link":"http:\/\/www.rtvnoticias.com.ar\/?p=25178","title":{"rendered":"Vizzotti: \u00abSe analiza diferir la aplicaci\u00f3n de la segunda dosis para vacunar a m\u00e1s gente\u00bb"},"content":{"rendered":"\n<p>La secretaria de Acceso a la Salud, Carla Vizzotti, afirm\u00f3 que \u00aben este contexto de pandemia es muy l\u00f3gico pensar que se pueda vacunar a m\u00e1s gente con la primera dosis\u00bb de la Sputnik V y \u00abdiferir la segunda para cuando ya est\u00e9 controlado el brote\u00bb de coronavirus.<br><\/p>\n\n\n\n<p>En ese marco, la funcionaria subray\u00f3 que \u00abla decisi\u00f3n sanitaria m\u00e1s importante que nos tenemos que plantear es si queremos tener 10 millones de personas vacunadas a marzo con dos dosis o si preferimos tener 20 millones de personas con una sola\u00bb.<\/p>\n\n\n\n<p>En una entrevista con P\u00e1gina\/12 publicada hoy, Vizzotti explic\u00f3 que el Gobierno tiene \u00abuna mirada realmente amplia porque \u00e9sta es una situaci\u00f3n absolutamente in\u00e9dita y las decisiones se tendr\u00e1n que tomar en tiempo real y a medida que vayan surgiendo informaciones de otros pa\u00edses\u00bb, al ser consultada si est\u00e1n avaluando dar una dosis a m\u00e1s gente en vez de dos a menos personas.<br><\/p>\n\n\n\n<p>Agreg\u00f3 que \u00ablos intervalos de interdosis de las vacunas son como m\u00ednimo de 21 d\u00edas, pero si pasa m\u00e1s tiempo entre una y otra aplicaci\u00f3n no es un problema relevante\u00bb.<\/p>\n\n\n\n<p>\u00abLa decisi\u00f3n sanitaria m\u00e1s importante que nos tenemos que plantear es si queremos tener 10 millones de personas vacunadas a marzo con dos dosis o si preferimos tener 20 millones de personas con una sola. En este contexto de pandemia es muy l\u00f3gico pensar que se pueda vacunar a m\u00e1s gente con la primera dosis y diferir la segunda para cuando ya est\u00e9 controlado el brote\u00bb, plante\u00f3.<\/p>\n\n\n\n<p>Aclar\u00f3 que \u00aben el caso puntual de la Sputnik V se trata de dos componentes distintos y la segunda tanda de 300 mil que llegar\u00e1n al pa\u00eds la pr\u00f3xima semana ser\u00e1n aplicados a los que se dieron la primera dosis\u00bb.<\/p>\n\n\n\n<p>\u00abPensando en eso, para la segunda entrega estamos pidiendo m\u00e1s dosis del componente uno y no estamos pidiendo exactamente mitad y mitad como hicimos ahora\u00bb, a\u00f1adi\u00f3.<br><\/p>\n\n\n\n<p>Consultada sobre si existe una estimaci\u00f3n acerca de con qu\u00e9 porcentaje de la poblaci\u00f3n vacunada se puede volver a la \u00abvieja normalidad\u00bb, Vizzotti respondi\u00f3: \u00abNo se puede saber con qu\u00e9 cantidad de poblaci\u00f3n vacunada se reducir\u00eda la circulaci\u00f3n del virus. Eso depender\u00e1 de las caracter\u00edsticas de las vacunas\u00bb<\/p>\n\n\n\n<p>\u00abSi tenemos una vacuna que previene la infecci\u00f3n y la trasmisi\u00f3n y su efecto dura un tiempo l\u00f3gico, ser\u00e1 mucho m\u00e1s probable que podamos interrumpir la trasmisi\u00f3n que si, en cambio, tenemos una vacuna que tenga m\u00e1s impacto en disminuir la mortalidad, pero no la infecci\u00f3n y transmisi\u00f3n\u00bb, complet\u00f3.<\/p>\n\n\n\n<p>Acerca de las cr\u00edticas sobre la supuesta falta de informaci\u00f3n sobre la vacuna rusa, Vizzotti afirm\u00f3 que \u00abdecir que la Sputnik V no tiene datos es incorrecto, porque cuando un laboratorio o un pa\u00eds produce una vacuna y genera los an\u00e1lisis de seguridad, eficacia, datos de la manufactura y de los lotes, se presenta a un Estado en forma confidencial\u00bb.<\/p>\n\n\n\n<p>Y agreg\u00f3 que \u00ablas autoridades sanitarias, el Ministerio de Salud, el ente regulatorio, y la comisi\u00f3n nacional de inmunizaciones -con representantes de todas las jurisdicciones- definen si la informaci\u00f3n es s\u00f3lida en seguridad y eficacia y reci\u00e9n all\u00ed se realiza la autorizaci\u00f3n de emergencia. Esto sucede con todos los medicamentos y vacunas. De ninguna manera no hay informaci\u00f3n\u00bb.<br><\/p>\n\n\n\n<p>Tambi\u00e9n destac\u00f3 que \u00abhasta el momento las mutaciones del virus que se han identificado y genotipificado son menores y no impactan en la eficacia de las vacunas\u00bb.<\/p>\n<div class=\"sharedaddy sd-sharing-enabled\"><div class=\"robots-nocontent sd-block sd-social sd-social-icon sd-sharing\"><h3 class=\"sd-title\">Comparte esto:<\/h3><div class=\"sd-content\"><ul><li class=\"share-twitter\"><a rel=\"nofollow noopener noreferrer\" data-shared=\"sharing-twitter-25178\" class=\"share-twitter sd-button share-icon no-text\" href=\"http:\/\/www.rtvnoticias.com.ar\/?p=25178&amp;share=twitter\" target=\"_blank\" title=\"Haz clic para compartir en Twitter\"><span><\/span><span class=\"sharing-screen-reader-text\">Haz clic para compartir en Twitter (Se abre en una ventana nueva)<\/span><\/a><\/li><li class=\"share-facebook\"><a rel=\"nofollow noopener noreferrer\" data-shared=\"sharing-facebook-25178\" class=\"share-facebook sd-button share-icon no-text\" href=\"http:\/\/www.rtvnoticias.com.ar\/?p=25178&amp;share=facebook\" target=\"_blank\" title=\"Haz clic para compartir en Facebook\"><span><\/span><span class=\"sharing-screen-reader-text\">Haz clic para compartir en Facebook (Se abre en una ventana nueva)<\/span><\/a><\/li><li class=\"share-jetpack-whatsapp\"><a rel=\"nofollow noopener noreferrer\" data-shared=\"\" class=\"share-jetpack-whatsapp sd-button share-icon no-text\" href=\"http:\/\/www.rtvnoticias.com.ar\/?p=25178&amp;share=jetpack-whatsapp\" target=\"_blank\" title=\"Haz clic para compartir en WhatsApp\"><span><\/span><span class=\"sharing-screen-reader-text\">Haz clic para compartir en WhatsApp (Se abre en una ventana nueva)<\/span><\/a><\/li><li class=\"share-telegram\"><a rel=\"nofollow noopener noreferrer\" data-shared=\"\" class=\"share-telegram sd-button share-icon no-text\" href=\"http:\/\/www.rtvnoticias.com.ar\/?p=25178&amp;share=telegram\" target=\"_blank\" title=\"Haz clic para compartir en Telegram\"><span><\/span><span class=\"sharing-screen-reader-text\">Haz clic para compartir en Telegram (Se abre en una ventana nueva)<\/span><\/a><\/li><li class=\"share-end\"><\/li><\/ul><\/div><\/div><\/div>","protected":false},"excerpt":{"rendered":"<p>La secretaria de Acceso a la Salud, Carla Vizzotti, afirm\u00f3 que \u00aben este contexto de pandemia es muy l\u00f3gico pensar que se pueda vacunar a<\/p>\n<div class=\"sharedaddy sd-sharing-enabled\"><div class=\"robots-nocontent sd-block sd-social sd-social-icon sd-sharing\"><h3 class=\"sd-title\">Comparte esto:<\/h3><div class=\"sd-content\"><ul><li class=\"share-twitter\"><a rel=\"nofollow noopener noreferrer\" data-shared=\"sharing-twitter-25178\" class=\"share-twitter sd-button share-icon no-text\" href=\"http:\/\/www.rtvnoticias.com.ar\/?p=25178&amp;share=twitter\" target=\"_blank\" title=\"Haz clic para compartir en Twitter\"><span><\/span><span class=\"sharing-screen-reader-text\">Haz clic para compartir en Twitter (Se abre en una ventana nueva)<\/span><\/a><\/li><li class=\"share-facebook\"><a rel=\"nofollow noopener noreferrer\" data-shared=\"sharing-facebook-25178\" class=\"share-facebook sd-button share-icon no-text\" href=\"http:\/\/www.rtvnoticias.com.ar\/?p=25178&amp;share=facebook\" target=\"_blank\" title=\"Haz clic para compartir en Facebook\"><span><\/span><span class=\"sharing-screen-reader-text\">Haz clic para compartir en Facebook (Se abre en una ventana nueva)<\/span><\/a><\/li><li class=\"share-jetpack-whatsapp\"><a rel=\"nofollow noopener noreferrer\" data-shared=\"\" class=\"share-jetpack-whatsapp sd-button share-icon no-text\" href=\"http:\/\/www.rtvnoticias.com.ar\/?p=25178&amp;share=jetpack-whatsapp\" target=\"_blank\" title=\"Haz clic para compartir en WhatsApp\"><span><\/span><span class=\"sharing-screen-reader-text\">Haz clic para compartir en WhatsApp (Se abre en una ventana nueva)<\/span><\/a><\/li><li class=\"share-telegram\"><a rel=\"nofollow noopener noreferrer\" data-shared=\"\" class=\"share-telegram sd-button share-icon no-text\" href=\"http:\/\/www.rtvnoticias.com.ar\/?p=25178&amp;share=telegram\" target=\"_blank\" title=\"Haz clic para compartir en Telegram\"><span><\/span><span class=\"sharing-screen-reader-text\">Haz clic para compartir en Telegram (Se abre en una ventana nueva)<\/span><\/a><\/li><li class=\"share-end\"><\/li><\/ul><\/div><\/div><\/div>","protected":false},"author":7,"featured_media":25071,"comment_status":"closed","ping_status":"closed","sticky":false,"template":"","format":"standard","meta":{"spay_email":"","jetpack_publicize_message":"","jetpack_is_tweetstorm":false,"jetpack_publicize_feature_enabled":true},"categories":[1],"tags":[],"jetpack_featured_media_url":"http:\/\/www.rtvnoticias.com.ar\/wp-content\/uploads\/2020\/12\/vacunacion.jpg","jetpack_publicize_connections":[],"jetpack_sharing_enabled":true,"_links":{"self":[{"href":"http:\/\/www.rtvnoticias.com.ar\/index.php?rest_route=\/wp\/v2\/posts\/25178"}],"collection":[{"href":"http:\/\/www.rtvnoticias.com.ar\/index.php?rest_route=\/wp\/v2\/posts"}],"about":[{"href":"http:\/\/www.rtvnoticias.com.ar\/index.php?rest_route=\/wp\/v2\/types\/post"}],"author":[{"embeddable":true,"href":"http:\/\/www.rtvnoticias.com.ar\/index.php?rest_route=\/wp\/v2\/users\/7"}],"replies":[{"embeddable":true,"href":"http:\/\/www.rtvnoticias.com.ar\/index.php?rest_route=%2Fwp%2Fv2%2Fcomments&post=25178"}],"version-history":[{"count":1,"href":"http:\/\/www.rtvnoticias.com.ar\/index.php?rest_route=\/wp\/v2\/posts\/25178\/revisions"}],"predecessor-version":[{"id":25179,"href":"http:\/\/www.rtvnoticias.com.ar\/index.php?rest_route=\/wp\/v2\/posts\/25178\/revisions\/25179"}],"wp:featuredmedia":[{"embeddable":true,"href":"http:\/\/www.rtvnoticias.com.ar\/index.php?rest_route=\/wp\/v2\/media\/25071"}],"wp:attachment":[{"href":"http:\/\/www.rtvnoticias.com.ar\/index.php?rest_route=%2Fwp%2Fv2%2Fmedia&parent=25178"}],"wp:term":[{"taxonomy":"category","embeddable":true,"href":"http:\/\/www.rtvnoticias.com.ar\/index.php?rest_route=%2Fwp%2Fv2%2Fcategories&post=25178"},{"taxonomy":"post_tag","embeddable":true,"href":"http:\/\/www.rtvnoticias.com.ar\/index.php?rest_route=%2Fwp%2Fv2%2Ftags&post=25178"}],"curies":[{"name":"wp","href":"https:\/\/api.w.org\/{rel}","templated":true}]}}