{"id":25227,"date":"2021-01-14T04:21:41","date_gmt":"2021-01-14T07:21:41","guid":{"rendered":"http:\/\/www.rtvnoticias.com.ar\/?p=25227"},"modified":"2021-01-13T20:25:31","modified_gmt":"2021-01-13T23:25:31","slug":"busqueda-activa-en-vertiz","status":"publish","type":"post","link":"http:\/\/www.rtvnoticias.com.ar\/?p=25227","title":{"rendered":"B\u00fasqueda Activa en V\u00e9rtiz"},"content":{"rendered":"\n<p>El equipo de B\u00fasqueda Activa del hospital Gobernador Centeno se traslad\u00f3 a V\u00e9rtiz para realizar testeos a trav\u00e9s de los test r\u00e1pidos, tarea que se llev\u00f3 a cabo en la Plaza Central.\u00a0 \u00a0Cabe recordar que las autoridades del Centro de Salud de la localidad, hab\u00edan realizado un pedido de B\u00fasqueda Activa, a partir de la aparici\u00f3n de m\u00e1s de una decena de casos desde el inicio de a\u00f1o a la fecha. <\/p>\n\n\n\n<p>Javier Herradon, coordinador del Protocolo, coment\u00f3 a la Agencia Provincial de Noticias las acciones desarrolladas. \u201cHasta ahora vamos bien, hay entre 25 y 30 personas para realizar el testeo r\u00e1pido. La mayor\u00eda de quienes se acercaron est\u00e1n con s\u00edntomas. Contamos con la ventaja que la doctora Furik y el personal de salud de V\u00e9rtiz realizaron la log\u00edstica previa, visitando pacientes de la localidad, teniendo en cuenta el brote que hubo en la misma, y se est\u00e1 trabajando en la realizaci\u00f3n de un bloqueo para la detecci\u00f3n de todos quienes tengan s\u00edntomas, para aislarlos y cortar el contagio\u201d, indic\u00f3.<\/p>\n\n\n\n<p>Finalmente Herradon record\u00f3 que \u201cesto es consecuencia de cierto relajamiento, las fiestas, las juntadas y el poco cuidado. Al no tener casos, muchos creen que no les va a tocar. Y desde salud seguimos reiterando que este virus no distingue ciudades de pueblos, ni estado social, donde la gente se relaj\u00f3 y deja un poco de lado las medidas de cuidados, produce este tipo de situaciones\u201d, concluy\u00f3.<\/p>\n\n\n\n<p>La doctora Silvina Furik, encargada del Centro Sanitario de V\u00e9rtiz coment\u00f3 que \u201cven\u00edamos sin tener casos en la localidad, ahora nos han aparecido unos cuantos, motivo por el cual, est\u00e1 trabajando todo el personal de salud, por eso es bueno que el equipo de B\u00fasqueda Activa nos ayude a detectar posibles casos y que no se produzca un avance. Somos un Centro de Salud de Nivel 2, por lo tanto, los pacientes con s\u00edntomas leves los tratamos ac\u00e1 y en caso de ser necesario, se realiza el traslado a General Pico\u201d, sostuvo. <\/p>\n\n\n\n<p>Consultada acerca de la aparici\u00f3n de casos, Silvina Furik sostuvo que \u201cla preocupaci\u00f3n est\u00e1 en la gente y en los equipos de salud, aunque, hab\u00edamos notado cierto marco de relajaci\u00f3n, como que \u201cno va a pasar nada\u201d, sin embargo, pas\u00f3 y ahora m\u00e1s que nunca debemos cuidarnos, usar el tapabocas, tomar las medidas correspondientes porque hoy tenemos que decir que el pueblo est\u00e1 afectado. Al principio, la medida de aislamiento no cae bien, es antip\u00e1tica, pero a partir de la realidad que vivimos, la gente se va comprometiendo cada vez m\u00e1s en los cuidados, porque tambi\u00e9n entra a jugar el miedo acerca de lo que les pueda pasar\u201d, concluy\u00f3. <\/p>\n<div class=\"sharedaddy sd-sharing-enabled\"><div class=\"robots-nocontent sd-block sd-social sd-social-icon sd-sharing\"><h3 class=\"sd-title\">Comparte esto:<\/h3><div class=\"sd-content\"><ul><li class=\"share-twitter\"><a rel=\"nofollow noopener noreferrer\" data-shared=\"sharing-twitter-25227\" class=\"share-twitter sd-button share-icon no-text\" href=\"http:\/\/www.rtvnoticias.com.ar\/?p=25227&amp;share=twitter\" target=\"_blank\" title=\"Haz clic para compartir en Twitter\"><span><\/span><span class=\"sharing-screen-reader-text\">Haz clic para compartir en Twitter (Se abre en una ventana nueva)<\/span><\/a><\/li><li class=\"share-facebook\"><a rel=\"nofollow noopener noreferrer\" data-shared=\"sharing-facebook-25227\" class=\"share-facebook sd-button share-icon no-text\" href=\"http:\/\/www.rtvnoticias.com.ar\/?p=25227&amp;share=facebook\" target=\"_blank\" title=\"Haz clic para compartir en Facebook\"><span><\/span><span class=\"sharing-screen-reader-text\">Haz clic para compartir en Facebook (Se abre en una ventana nueva)<\/span><\/a><\/li><li class=\"share-jetpack-whatsapp\"><a rel=\"nofollow noopener noreferrer\" data-shared=\"\" class=\"share-jetpack-whatsapp sd-button share-icon no-text\" href=\"http:\/\/www.rtvnoticias.com.ar\/?p=25227&amp;share=jetpack-whatsapp\" target=\"_blank\" title=\"Haz clic para compartir en WhatsApp\"><span><\/span><span class=\"sharing-screen-reader-text\">Haz clic para compartir en WhatsApp (Se abre en una ventana nueva)<\/span><\/a><\/li><li class=\"share-telegram\"><a rel=\"nofollow noopener noreferrer\" data-shared=\"\" class=\"share-telegram sd-button share-icon no-text\" href=\"http:\/\/www.rtvnoticias.com.ar\/?p=25227&amp;share=telegram\" target=\"_blank\" title=\"Haz clic para compartir en Telegram\"><span><\/span><span class=\"sharing-screen-reader-text\">Haz clic para compartir en Telegram (Se abre en una ventana nueva)<\/span><\/a><\/li><li class=\"share-end\"><\/li><\/ul><\/div><\/div><\/div>","protected":false},"excerpt":{"rendered":"<p>El equipo de B\u00fasqueda Activa del hospital Gobernador Centeno se traslad\u00f3 a V\u00e9rtiz para realizar testeos a trav\u00e9s de los test r\u00e1pidos, tarea que se<\/p>\n<div class=\"sharedaddy sd-sharing-enabled\"><div class=\"robots-nocontent sd-block sd-social sd-social-icon sd-sharing\"><h3 class=\"sd-title\">Comparte esto:<\/h3><div class=\"sd-content\"><ul><li class=\"share-twitter\"><a rel=\"nofollow noopener noreferrer\" data-shared=\"sharing-twitter-25227\" class=\"share-twitter sd-button share-icon no-text\" href=\"http:\/\/www.rtvnoticias.com.ar\/?p=25227&amp;share=twitter\" target=\"_blank\" title=\"Haz clic para compartir en Twitter\"><span><\/span><span class=\"sharing-screen-reader-text\">Haz clic para compartir en Twitter (Se abre en una ventana nueva)<\/span><\/a><\/li><li class=\"share-facebook\"><a rel=\"nofollow noopener noreferrer\" data-shared=\"sharing-facebook-25227\" class=\"share-facebook sd-button share-icon no-text\" href=\"http:\/\/www.rtvnoticias.com.ar\/?p=25227&amp;share=facebook\" target=\"_blank\" title=\"Haz clic para compartir en Facebook\"><span><\/span><span class=\"sharing-screen-reader-text\">Haz clic para compartir en Facebook (Se abre en una ventana nueva)<\/span><\/a><\/li><li class=\"share-jetpack-whatsapp\"><a rel=\"nofollow noopener noreferrer\" data-shared=\"\" class=\"share-jetpack-whatsapp sd-button share-icon no-text\" href=\"http:\/\/www.rtvnoticias.com.ar\/?p=25227&amp;share=jetpack-whatsapp\" target=\"_blank\" title=\"Haz clic para compartir en WhatsApp\"><span><\/span><span class=\"sharing-screen-reader-text\">Haz clic para compartir en WhatsApp (Se abre en una ventana nueva)<\/span><\/a><\/li><li class=\"share-telegram\"><a rel=\"nofollow noopener noreferrer\" data-shared=\"\" class=\"share-telegram sd-button share-icon no-text\" href=\"http:\/\/www.rtvnoticias.com.ar\/?p=25227&amp;share=telegram\" target=\"_blank\" title=\"Haz clic para compartir en Telegram\"><span><\/span><span class=\"sharing-screen-reader-text\">Haz clic para compartir en Telegram (Se abre en una ventana nueva)<\/span><\/a><\/li><li class=\"share-end\"><\/li><\/ul><\/div><\/div><\/div>","protected":false},"author":7,"featured_media":25228,"comment_status":"closed","ping_status":"closed","sticky":false,"template":"","format":"standard","meta":{"spay_email":"","jetpack_publicize_message":"","jetpack_is_tweetstorm":false,"jetpack_publicize_feature_enabled":true},"categories":[3],"tags":[3619],"jetpack_featured_media_url":"http:\/\/www.rtvnoticias.com.ar\/wp-content\/uploads\/2021\/01\/b\u00fasqueda-v\u00e9rtiz.jpg","jetpack_publicize_connections":[],"jetpack_sharing_enabled":true,"_links":{"self":[{"href":"http:\/\/www.rtvnoticias.com.ar\/index.php?rest_route=\/wp\/v2\/posts\/25227"}],"collection":[{"href":"http:\/\/www.rtvnoticias.com.ar\/index.php?rest_route=\/wp\/v2\/posts"}],"about":[{"href":"http:\/\/www.rtvnoticias.com.ar\/index.php?rest_route=\/wp\/v2\/types\/post"}],"author":[{"embeddable":true,"href":"http:\/\/www.rtvnoticias.com.ar\/index.php?rest_route=\/wp\/v2\/users\/7"}],"replies":[{"embeddable":true,"href":"http:\/\/www.rtvnoticias.com.ar\/index.php?rest_route=%2Fwp%2Fv2%2Fcomments&post=25227"}],"version-history":[{"count":1,"href":"http:\/\/www.rtvnoticias.com.ar\/index.php?rest_route=\/wp\/v2\/posts\/25227\/revisions"}],"predecessor-version":[{"id":25229,"href":"http:\/\/www.rtvnoticias.com.ar\/index.php?rest_route=\/wp\/v2\/posts\/25227\/revisions\/25229"}],"wp:featuredmedia":[{"embeddable":true,"href":"http:\/\/www.rtvnoticias.com.ar\/index.php?rest_route=\/wp\/v2\/media\/25228"}],"wp:attachment":[{"href":"http:\/\/www.rtvnoticias.com.ar\/index.php?rest_route=%2Fwp%2Fv2%2Fmedia&parent=25227"}],"wp:term":[{"taxonomy":"category","embeddable":true,"href":"http:\/\/www.rtvnoticias.com.ar\/index.php?rest_route=%2Fwp%2Fv2%2Fcategories&post=25227"},{"taxonomy":"post_tag","embeddable":true,"href":"http:\/\/www.rtvnoticias.com.ar\/index.php?rest_route=%2Fwp%2Fv2%2Ftags&post=25227"}],"curies":[{"name":"wp","href":"https:\/\/api.w.org\/{rel}","templated":true}]}}