{"id":25233,"date":"2021-01-18T07:31:49","date_gmt":"2021-01-18T10:31:49","guid":{"rendered":"http:\/\/www.rtvnoticias.com.ar\/?p=25233"},"modified":"2021-01-14T11:10:07","modified_gmt":"2021-01-14T14:10:07","slug":"cuanto-se-juega-el-frente-de-todos-y-juntos-por-el-cambio-en-las-elecciones-2021","status":"publish","type":"post","link":"http:\/\/www.rtvnoticias.com.ar\/?p=25233","title":{"rendered":"Bancas que pone en juego el Frente de Todos y Juntos por el Cambio en las elecciones 2021"},"content":{"rendered":"\n<p>Las elecciones legislativas de octubre determinar\u00e1n la nueva conformaci\u00f3n del Congreso con la renovaci\u00f3n de 127 bancas de diputados nacionales y 24 de senadores. En ese contexto, el Frente de Todos se juega la posibilidad de alcanzar una mayor\u00eda propia en la C\u00e1mara baja y los dos tercios en el Senado o bien ver menguada su representaci\u00f3n ante Juntos por el Cambio, que quiere tener en estos comicios un trampol\u00edn para la pelea presidencial de 2023. La Pampa renueva tres bancas en senadores y otras tres en diputados de las cinco que tiene la provincia.<\/p>\n\n\n\n<p>Las 24 jurisdicciones elegir\u00e1n diputados nacionales. La provincia de Buenos Aires 35 y la Ciudad de Buenos Aires 13, mientras que C\u00f3rdoba y Santa Fe renovar\u00e1n nueve bancas cada una. Por Mendoza ingresar\u00e1n cinco diputados al igual que por Entre R\u00edos y cuatro entrar\u00e1n por Chaco y por Tucum\u00e1n.<\/p>\n\n\n\n<p>La provincias de San Luis, San Juan, Salta, Jujuy, Corrientes, Misiones, Neuqu\u00e9n, Catamarca, Santiago del Estero, Santa Cruz y La Pampa elegir\u00e1n tres representantes cada una y La Rioja, R\u00edo Negro, Chubut, Tierra del Fuego y Formosa renovar\u00e1n dos bancas.<\/p>\n\n\n\n<p>El Frente de Todos busca una victoria que le proporcione un espaldarazo a la gesti\u00f3n del presidente Alberto Fern\u00e1ndez y le permita adem\u00e1s tener qu\u00f3rum propio en la C\u00e1mara de Diputados. Actualmente, la bancada oficialista es la m\u00e1s numerosa, pero con sus 119 esca\u00f1os necesita acordar con otros espacios para alcanzar la mayor\u00eda de 127.<\/p>\n\n\n\n<p>De esas 119 bancas, el Frente de Todos arriesga 51 en estas elecciones, muchas de las cuales corresponden a figuras importantes del oficialismo o que tuvieron un rol definido en los \u00faltimos a\u00f1os, como el bonaerense Leopoldo Moreau, que encabeza la Comisi\u00f3n Bicameral de Inteligencia desde la que se apunta contra la gesti\u00f3n del ex presidente Mauricio Macri por el presunto armado de una red de \u00abespionaje ilegal\u00bb.<\/p>\n\n\n\n<p>Tambi\u00e9n vencer\u00e1 el mandato del porte\u00f1o Carlos Heller, que ingres\u00f3 en 2019 para reemplazar a Juan Cabandi\u00e9 y preside la Comisi\u00f3n de Presupuesto y Hacienda, y el de la bonaerense Vanesa Siley, titular de la Comisi\u00f3n de Legislaci\u00f3n de Trabajo.<\/p>\n\n\n\n<p>Otras figuras del Frente de Todos que deber\u00e1n reelegir o irse son la porte\u00f1a Gabriela Cerruti y los bonaerenses M\u00f3nica Macha, Fernanda Vallejos y Hugo Yasky.<\/p>\n\n\n\n<p>Este a\u00f1o concluyen los mandatos de diputados que iniciaron en 2017, cuando Juntos por el Cambio era oficialismo y se impuso en buena parte del pa\u00eds en los comicios de segundo t\u00e9rmino. Por esa raz\u00f3n, el que hoy es el principal espacio opositor arriesga m\u00e1s esca\u00f1os en la C\u00e1mara baja que el Frente de Todos: deber\u00e1 renovar 60 de sus 115 bancas.<\/p>\n\n\n\n<p>Dentro del interbloque, el PRO y la UCR se juegan 26 esca\u00f1os cada uno, mientras que la Coalici\u00f3n C\u00edvica arriesgar\u00e1 7 y el Frente C\u00edvico y Social de Catamarca una: la del ex gobernador Eduardo Brizuela del Moral. El catamarque\u00f1o no es la \u00fanica figura de peso que podr\u00eda dejar la C\u00e1mara de Diputados, ya que tambi\u00e9n vencen los mandatos del tucumano Jos\u00e9 Cano, la porte\u00f1a Graciela Oca\u00f1a y el cordob\u00e9s Diego Mestre.<\/p>\n\n\n\n<p>Fernando Iglesias, uno de los dirigentes m\u00e1s pol\u00e9micos de la coalici\u00f3n opositora -con cr\u00edticos incluso dentro de su propio espacio- es otro de los diputados que ver\u00e1n vencido su mandato, como la cordobesa Brenda Austin, la porte\u00f1a Carla Carrizo y el bonaerense H\u00e9ctor \u00abToty\u00bb Flores, entre otros.<\/p>\n\n\n\n<p>Por su parte, el Interbloque Unidad Federal para el Desarrollo que encabeza el mendocino Jos\u00e9 Luis Ram\u00f3n, pondr\u00e1 en juego 6 de sus 8 bancas, incluida la suya. Mismo caso que el del Interbloque Federal, donde el presidente de la bancada, el bonaerense Eduardo \u201cBali\u201d Bucca, es uno de los 7 que renovar\u00e1 su cargo, entre los 11 que conforman el espacio.<\/p>\n\n\n\n<p>En tanto, el Frente de Izquierda arriesga sus dos bancas, que actualmente ocupan Nicol\u00e1s del Ca\u00f1o y Romina del Pl\u00e1.<\/p>\n\n\n\n<h3 class=\"wp-block-heading\">El Senado<\/h3>\n\n\n\n<p>Ocho provincias votar\u00e1n senadores nacionales: C\u00f3rdoba, Mendoza, Santa Fe, Catamarca, Chubut, Tucum\u00e1n, Corrientes y La Pampa ir\u00e1n a las urnas para elegir tres senadores cada una, con mandato hasta 2027. El Frente de Todos pondr\u00e1 en juego 15 de las 41 bancas que le permiten actualmente manejar con comodidad las formas y tiempos de la C\u00e1mara alta.<\/p>\n\n\n\n<p>La bancada oficialista no est\u00e1 lejos de los dos tercios (48 votos) que posibilitan la aprobaci\u00f3n de temas como la designaci\u00f3n de jueces de la Corte Suprema o el procurador general de la Naci\u00f3n, adem\u00e1s de garantizar un tr\u00e1mite m\u00e1s r\u00e1pido para la aprobaci\u00f3n de un proyecto de ley. Por esa raz\u00f3n, la elecci\u00f3n de senadores ser\u00e1 uno de los escenarios m\u00e1s importantes del duelo entre el Frente de Todos y Juntos por el Cambio, adem\u00e1s de los partidos provinciales.<\/p>\n\n\n\n<p>El principal interbloque opositor pondr\u00e1 en juego 8 de sus 25 esca\u00f1os, m\u00e1s el del santafesino Carlos Reutemann, que suele acompa\u00f1arlos en las votaciones. Adem\u00e1s de Reutemann -un hist\u00f3rico de la C\u00e1mara que integra desde 2003- hay varias figuras centrales que se jugar\u00e1n su reelecci\u00f3n o dejar\u00e1n el Senado, tanto en el oficialismo como en la oposici\u00f3n.<\/p>\n\n\n\n<p>Dentro del Frente de Todos se vence el mandato de la mendocina Anabel Fern\u00e1ndez Sagasti, flamante titular del PJ de esa provincia y dirigente de m\u00e1xima confianza de la vicepresidenta Cristina Kirchner junto a la santafesina Mar\u00eda de los \u00c1ngeles Sacnun, que tambi\u00e9n arriesga su cargo en este turno electoral.<\/p>\n\n\n\n<p>Las dos senadores se convirtieron en los alfiles de la vicepresidenta y encabezan dos de las comisiones m\u00e1s importantes como son la de Acuerdos, en el caso de Sagasti, y Asuntos Constitucionales, por parte de Sacnun. Otra comisi\u00f3n estrat\u00e9gica es la de Presupuesto y Hacienda, presidida por el cordob\u00e9s Carlos Caserio, que tambi\u00e9n integra la lista de figuras del oficialismo que podr\u00edan reelegir o irse del Senado.<\/p>\n\n\n\n<p>Tambi\u00e9n concluir\u00e1 el mandato del tucumano Jos\u00e9 Alperovich, quien est\u00e1 de licencia por una denuncia de acoso sexual desde noviembre de 2019 y desde entonces no suma su voto.<\/p>\n\n\n\n<p>En Juntos por el Cambio concluyen su mandato la cordobesa Laura Rodr\u00edguez Machado y la tucumana Silvia El\u00edas de P\u00e9rez. En los \u00faltimos a\u00f1os ambas fueron dos figuras centrales de la bancada opositora en casi todas las sesiones del Senado.<\/p>\n\n\n\n<p>La senadora por C\u00f3rdoba es vicepresidenta segunda de la C\u00e1mara e integra la mesa de autoridades nacionales del PRO, protagoniz\u00f3 en 2020 varios cruces con Cristina Kirchner y, junto a la tucumana, suelen tener duros discursos contra el kirchnerismo.<\/p>\n\n\n\n<p>Adem\u00e1s, el interbloque opositor arriesga las bancas que ocupan el mendocino Julio Cobos y el pampeano Juan Carlos Marino, otro de los hist\u00f3ricos de la C\u00e1mara alta, a la que ingres\u00f3 en 2003.<\/p>\n\n\n\n<p><strong>LA PAMPA<\/strong><\/p>\n\n\n\n<p>La provincia de La Pampa renueva tres bancas en el senado, la de los oficialistas Norma Durango y Daniel Lovera, y el opositor Juan Carlos Marino.<\/p>\n\n\n\n<p>En tanto diputados renueva la provincia tres bancas, la de Melina Del\u00fa y Ariel Rauchenberger, y del opositor Mart\u00edn Maquieyra.<\/p>\n\n\n\n<p>Fuente: NA y Redacci\u00f3n <\/p>\n<div class=\"sharedaddy sd-sharing-enabled\"><div class=\"robots-nocontent sd-block sd-social sd-social-icon sd-sharing\"><h3 class=\"sd-title\">Comparte esto:<\/h3><div class=\"sd-content\"><ul><li class=\"share-twitter\"><a rel=\"nofollow noopener noreferrer\" data-shared=\"sharing-twitter-25233\" class=\"share-twitter sd-button share-icon no-text\" href=\"http:\/\/www.rtvnoticias.com.ar\/?p=25233&amp;share=twitter\" target=\"_blank\" title=\"Haz clic para compartir en Twitter\"><span><\/span><span class=\"sharing-screen-reader-text\">Haz clic para compartir en Twitter (Se abre en una ventana nueva)<\/span><\/a><\/li><li class=\"share-facebook\"><a rel=\"nofollow noopener noreferrer\" data-shared=\"sharing-facebook-25233\" class=\"share-facebook sd-button share-icon no-text\" href=\"http:\/\/www.rtvnoticias.com.ar\/?p=25233&amp;share=facebook\" target=\"_blank\" title=\"Haz clic para compartir en Facebook\"><span><\/span><span class=\"sharing-screen-reader-text\">Haz clic para compartir en Facebook (Se abre en una ventana nueva)<\/span><\/a><\/li><li class=\"share-jetpack-whatsapp\"><a rel=\"nofollow noopener noreferrer\" data-shared=\"\" class=\"share-jetpack-whatsapp sd-button share-icon no-text\" href=\"http:\/\/www.rtvnoticias.com.ar\/?p=25233&amp;share=jetpack-whatsapp\" target=\"_blank\" title=\"Haz clic para compartir en WhatsApp\"><span><\/span><span class=\"sharing-screen-reader-text\">Haz clic para compartir en WhatsApp (Se abre en una ventana nueva)<\/span><\/a><\/li><li class=\"share-telegram\"><a rel=\"nofollow noopener noreferrer\" data-shared=\"\" class=\"share-telegram sd-button share-icon no-text\" href=\"http:\/\/www.rtvnoticias.com.ar\/?p=25233&amp;share=telegram\" target=\"_blank\" title=\"Haz clic para compartir en Telegram\"><span><\/span><span class=\"sharing-screen-reader-text\">Haz clic para compartir en Telegram (Se abre en una ventana nueva)<\/span><\/a><\/li><li class=\"share-end\"><\/li><\/ul><\/div><\/div><\/div>","protected":false},"excerpt":{"rendered":"<p>Las elecciones legislativas de octubre determinar\u00e1n la nueva conformaci\u00f3n del Congreso con la renovaci\u00f3n de 127 bancas de diputados nacionales y 24 de senadores. En<\/p>\n<div class=\"sharedaddy sd-sharing-enabled\"><div class=\"robots-nocontent sd-block sd-social sd-social-icon sd-sharing\"><h3 class=\"sd-title\">Comparte esto:<\/h3><div class=\"sd-content\"><ul><li class=\"share-twitter\"><a rel=\"nofollow noopener noreferrer\" data-shared=\"sharing-twitter-25233\" class=\"share-twitter sd-button share-icon no-text\" href=\"http:\/\/www.rtvnoticias.com.ar\/?p=25233&amp;share=twitter\" target=\"_blank\" title=\"Haz clic para compartir en Twitter\"><span><\/span><span class=\"sharing-screen-reader-text\">Haz clic para compartir en Twitter (Se abre en una ventana nueva)<\/span><\/a><\/li><li class=\"share-facebook\"><a rel=\"nofollow noopener noreferrer\" data-shared=\"sharing-facebook-25233\" class=\"share-facebook sd-button share-icon no-text\" href=\"http:\/\/www.rtvnoticias.com.ar\/?p=25233&amp;share=facebook\" target=\"_blank\" title=\"Haz clic para compartir en Facebook\"><span><\/span><span class=\"sharing-screen-reader-text\">Haz clic para compartir en Facebook (Se abre en una ventana nueva)<\/span><\/a><\/li><li class=\"share-jetpack-whatsapp\"><a rel=\"nofollow noopener noreferrer\" data-shared=\"\" class=\"share-jetpack-whatsapp sd-button share-icon no-text\" href=\"http:\/\/www.rtvnoticias.com.ar\/?p=25233&amp;share=jetpack-whatsapp\" target=\"_blank\" title=\"Haz clic para compartir en WhatsApp\"><span><\/span><span class=\"sharing-screen-reader-text\">Haz clic para compartir en WhatsApp (Se abre en una ventana nueva)<\/span><\/a><\/li><li class=\"share-telegram\"><a rel=\"nofollow noopener noreferrer\" data-shared=\"\" class=\"share-telegram sd-button share-icon no-text\" href=\"http:\/\/www.rtvnoticias.com.ar\/?p=25233&amp;share=telegram\" target=\"_blank\" title=\"Haz clic para compartir en Telegram\"><span><\/span><span class=\"sharing-screen-reader-text\">Haz clic para compartir en Telegram (Se abre en una ventana nueva)<\/span><\/a><\/li><li class=\"share-end\"><\/li><\/ul><\/div><\/div><\/div>","protected":false},"author":5,"featured_media":13170,"comment_status":"closed","ping_status":"closed","sticky":false,"template":"","format":"standard","meta":{"spay_email":"","jetpack_publicize_message":"","jetpack_is_tweetstorm":false,"jetpack_publicize_feature_enabled":true},"categories":[1],"tags":[337],"jetpack_featured_media_url":"http:\/\/www.rtvnoticias.com.ar\/wp-content\/uploads\/2019\/06\/urna-3.png","jetpack_publicize_connections":[],"jetpack_sharing_enabled":true,"_links":{"self":[{"href":"http:\/\/www.rtvnoticias.com.ar\/index.php?rest_route=\/wp\/v2\/posts\/25233"}],"collection":[{"href":"http:\/\/www.rtvnoticias.com.ar\/index.php?rest_route=\/wp\/v2\/posts"}],"about":[{"href":"http:\/\/www.rtvnoticias.com.ar\/index.php?rest_route=\/wp\/v2\/types\/post"}],"author":[{"embeddable":true,"href":"http:\/\/www.rtvnoticias.com.ar\/index.php?rest_route=\/wp\/v2\/users\/5"}],"replies":[{"embeddable":true,"href":"http:\/\/www.rtvnoticias.com.ar\/index.php?rest_route=%2Fwp%2Fv2%2Fcomments&post=25233"}],"version-history":[{"count":3,"href":"http:\/\/www.rtvnoticias.com.ar\/index.php?rest_route=\/wp\/v2\/posts\/25233\/revisions"}],"predecessor-version":[{"id":25238,"href":"http:\/\/www.rtvnoticias.com.ar\/index.php?rest_route=\/wp\/v2\/posts\/25233\/revisions\/25238"}],"wp:featuredmedia":[{"embeddable":true,"href":"http:\/\/www.rtvnoticias.com.ar\/index.php?rest_route=\/wp\/v2\/media\/13170"}],"wp:attachment":[{"href":"http:\/\/www.rtvnoticias.com.ar\/index.php?rest_route=%2Fwp%2Fv2%2Fmedia&parent=25233"}],"wp:term":[{"taxonomy":"category","embeddable":true,"href":"http:\/\/www.rtvnoticias.com.ar\/index.php?rest_route=%2Fwp%2Fv2%2Fcategories&post=25233"},{"taxonomy":"post_tag","embeddable":true,"href":"http:\/\/www.rtvnoticias.com.ar\/index.php?rest_route=%2Fwp%2Fv2%2Ftags&post=25233"}],"curies":[{"name":"wp","href":"https:\/\/api.w.org\/{rel}","templated":true}]}}