{"id":28852,"date":"2021-09-02T21:14:58","date_gmt":"2021-09-03T00:14:58","guid":{"rendered":"http:\/\/www.rtvnoticias.com.ar\/?p=28852"},"modified":"2021-09-02T21:15:00","modified_gmt":"2021-09-03T00:15:00","slug":"concejo-iluminacion-y-aportes-para-mejorar-la-empleabilidad-fueron-los-temas-centrales-de-hoy-sostuvo-daniel-lopez","status":"publish","type":"post","link":"http:\/\/www.rtvnoticias.com.ar\/?p=28852","title":{"rendered":"Concejo: \u201cIluminaci\u00f3n y aportes para mejorar la empleabilidad fueron los temas centrales de hoy\u201d, sostuvo Daniel L\u00f3pez"},"content":{"rendered":"\n<p>Una vez concluida la d\u00e9cimo quinta sesi\u00f3n ordinaria del a\u00f1o en curso del Concejo Deliberante de General Pico, Daniel L\u00f3pez, presidente del cuerpo legislativo, fue abordado por la prensa para hablar del desarrollo de la misma.<\/p>\n\n\n\n<p>Respecto del proyecto de ordenanza presentado por el&nbsp;Frente Justicialista Pampeano que tiene como propuesta &nbsp;adherir&nbsp;a la conmemoraci\u00f3n del d\u00eda de las personas sordas, instituido el 19 de septiembre de cada a\u00f1o, L\u00f3pez manifest\u00f3,&nbsp;\u201ces un proyecto&nbsp; de nuestro bloque, del FreJuPa que ingresa hoy para su tratamiento en comisiones pero en resumen es adherir al d\u00eda y a la conmemoraci\u00f3n del d\u00eda nacional de las personas sordas, y a partir de all\u00ed realizar acciones durante el mes, porque se conmemora el 19 pero la intenci\u00f3n es que durante todo septiembre se puedan realizar diferentes acciones, diferentes actividades en conjunto con las diversas instituciones y organizaciones que trabajan en materia de discapacidad y tambi\u00e9n con el \u00e1rea espec\u00edfica del municipio y del gobierno de la provincia\u201d.<\/p>\n\n\n\n<p>Adem\u00e1s agreg\u00f3, que \u201ccomo bloque ya hemos establecido contacto con los distintos sectores, tanto con el Gobierno Provincial, como con las diferentes instituciones vinculadas a la tem\u00e1tica y a\u00fan resta socializar con las \u00e1reas que corresponden del Ejecutivo Municipal, tambi\u00e9n comunicarle al Consejo municipal de Pol\u00edticas P\u00fablicas para personas con discapacidad, y avanzar, pero definitiva es querer visibilizar un d\u00eda sumamente importante, del que tenemos que obtener informaci\u00f3n de todas las fuentes y esa informaci\u00f3n poder difundirla, poder generar espacios de concientizaci\u00f3n y de visibilizaci\u00f3n de la tem\u00e1tica\u201d.<\/p>\n\n\n\n<p><strong>Empleo<\/strong><\/p>\n\n\n\n<p>Como resultado del trabajo en comisiones ediles aprobaron un&nbsp;convenio de colaboraci\u00f3n y cooperaci\u00f3n entre la Secretar\u00eda de Trabajo&nbsp;y Promoci\u00f3n de Empleo de La Pampa y la Municipalidad de General Pico que permitir\u00e1 el efectivo cumplimiento del programa Fortalecimiento del trabajo Pampeano.<\/p>\n\n\n\n<p>Al respecto el vice intendente dijo, \u201ces una iniciativa que impulsa el Gobierno Provincial que tiene como finalidad la asistencia t\u00e9cnica, profesional y la posibilidad de brindar capacitaciones e instancias de formaci\u00f3n y adem\u00e1s encuentros con las y los empleadores, con quienes est\u00e1n al frente de distintos emprendimientos locales\u201d.<\/p>\n\n\n\n<p>Y adem\u00e1s apunt\u00f3 que esta aprobaci\u00f3n \u201cb\u00e1sicamente busca primero tener las estad\u00edsticas de nuestra localidad en t\u00e9rminos de empleo y luego de ofrecer herramientas para de avanzar en la formalidad, en c\u00f3mo establecer todas las posibilidades justamente para que los empleados y empleadas del sector privado cuenten con esto de tener todo lo que pide la Ley en materia de formalidad\u201d.<\/p>\n\n\n\n<p>L\u00f3pez habl\u00f3 tambi\u00e9n sobre la importancia en este momento de articular esfuerzos entre los distintos Gobiernos para promover la empleabilidad. \u201cEste tipo de acciones conlleva a incrementar la posibilidad&nbsp; de generar&nbsp; m\u00e1s y mejor trabajo, y a su vez la posibilidad de capacitar a las distintas \u00e1reas de recursos humanos que tienen los distintos emprendimientos, es una posibilidad muy importante para nuestra localidad desarrollar acciones vinculadas al fortalecimiento del empleo en el sector privado\u201d.<\/p>\n\n\n\n<p>Y sigui\u00f3, \u201centendemos y sabemos que hay una reactivaci\u00f3n econ\u00f3mica y productiva, hemos avanzado y esperamos seguir avanzando en este contexto de pandemia, se van ampliando de acuerdo al estatus sanitario las posibilidades de ampliar horarios y actividades &nbsp;econ\u00f3micas y ya hay datos de que hay una recuperaci\u00f3n en materia productiva. Tenemos contacto con el sector, hemos dialogado con distintas empresas y este tipo de convenios como el que hoy aprobamos, aportan&nbsp; y aumentan posibilidades reales en una mejora de algo que da tanta preocupaci\u00f3n genera como es la falta de oportunidades laborales, algo que demanda la presencia del Estado y es all\u00ed donde estamos desde este Concejo Deliberante y por supuesto el Municipio acompa\u00f1ando al Gobierno de la provincia\u201d.<\/p>\n\n\n\n<p><strong>Iluminaci\u00f3n<\/strong><\/p>\n\n\n\n<p>Durante la sesi\u00f3n resultaron aprobados diversos proyectos vinculados a la iluminaci\u00f3n de la ciudad, sobre esto el presidente del Concejo Deliberante sostuvo que \u201chay una mejora muy importante en toda la localidad respecto a la iluminaci\u00f3n, sobre todo por la colocaci\u00f3n de las luminarias LED. En ese aspecto se ha avanzado mucho entre el Gobierno provincial, la cooperativa que brinda y tiene el servicio y la Municipalidad de General Pico\u201d.<\/p>\n\n\n\n<p>Consultado sobre uno de los despachos dijo \u201chubo mejoras en el sector de la calle 417, &nbsp;era un pedido en su momento realizado por los vecinos y vecinas de ese sector,&nbsp;el Ejecutivo nos inform\u00f3 que esa obra ya estar\u00eda finalizada y ya mismo hay otros proyectos de resoluci\u00f3n que van en la misma sinton\u00eda. En este aspecto escuchamos y estamos atentos a vecinos y vecinas que solicitan y despu\u00e9s de manera conjunta con la Municipalidad y sobre todo con el \u00e1rea de Planificaci\u00f3n y Gesti\u00f3n Urbana, vamos coordinando con la cooperativa para mejorar la calidad en la iluminaci\u00f3n de la ciudad\u201d.<\/p>\n\n\n\n<p>Para finalizar L\u00f3pez explic\u00f3 \u201cEn t\u00e9rminos generales tratamos de ofrecer las soluciones que est\u00e9n a nuestro alcance, las sesiones pretenden ser herramientas para mejorar la calidad de vida de los y las piquenses siempre con gran multiplicidad de preocupaciones. Iluminaci\u00f3n y aportes para mejorar la empleabilidad fueron los temas centrales de hoy\u201d.<\/p>\n<div class=\"sharedaddy sd-sharing-enabled\"><div class=\"robots-nocontent sd-block sd-social sd-social-icon sd-sharing\"><h3 class=\"sd-title\">Comparte esto:<\/h3><div class=\"sd-content\"><ul><li class=\"share-twitter\"><a rel=\"nofollow noopener noreferrer\" data-shared=\"sharing-twitter-28852\" class=\"share-twitter sd-button share-icon no-text\" href=\"http:\/\/www.rtvnoticias.com.ar\/?p=28852&amp;share=twitter\" target=\"_blank\" title=\"Haz clic para compartir en Twitter\"><span><\/span><span class=\"sharing-screen-reader-text\">Haz clic para compartir en Twitter (Se abre en una ventana nueva)<\/span><\/a><\/li><li class=\"share-facebook\"><a rel=\"nofollow noopener noreferrer\" data-shared=\"sharing-facebook-28852\" class=\"share-facebook sd-button share-icon no-text\" href=\"http:\/\/www.rtvnoticias.com.ar\/?p=28852&amp;share=facebook\" target=\"_blank\" title=\"Haz clic para compartir en Facebook\"><span><\/span><span class=\"sharing-screen-reader-text\">Haz clic para compartir en Facebook (Se abre en una ventana nueva)<\/span><\/a><\/li><li class=\"share-jetpack-whatsapp\"><a rel=\"nofollow noopener noreferrer\" data-shared=\"\" class=\"share-jetpack-whatsapp sd-button share-icon no-text\" href=\"http:\/\/www.rtvnoticias.com.ar\/?p=28852&amp;share=jetpack-whatsapp\" target=\"_blank\" title=\"Haz clic para compartir en WhatsApp\"><span><\/span><span class=\"sharing-screen-reader-text\">Haz clic para compartir en WhatsApp (Se abre en una ventana nueva)<\/span><\/a><\/li><li class=\"share-telegram\"><a rel=\"nofollow noopener noreferrer\" data-shared=\"\" class=\"share-telegram sd-button share-icon no-text\" href=\"http:\/\/www.rtvnoticias.com.ar\/?p=28852&amp;share=telegram\" target=\"_blank\" title=\"Haz clic para compartir en Telegram\"><span><\/span><span class=\"sharing-screen-reader-text\">Haz clic para compartir en Telegram (Se abre en una ventana nueva)<\/span><\/a><\/li><li class=\"share-end\"><\/li><\/ul><\/div><\/div><\/div>","protected":false},"excerpt":{"rendered":"<p>Una vez concluida la d\u00e9cimo quinta sesi\u00f3n ordinaria del a\u00f1o en curso del Concejo Deliberante de General Pico, Daniel L\u00f3pez, presidente del cuerpo legislativo, fue<\/p>\n<div class=\"sharedaddy sd-sharing-enabled\"><div class=\"robots-nocontent sd-block sd-social sd-social-icon sd-sharing\"><h3 class=\"sd-title\">Comparte esto:<\/h3><div class=\"sd-content\"><ul><li class=\"share-twitter\"><a rel=\"nofollow noopener noreferrer\" data-shared=\"sharing-twitter-28852\" class=\"share-twitter sd-button share-icon no-text\" href=\"http:\/\/www.rtvnoticias.com.ar\/?p=28852&amp;share=twitter\" target=\"_blank\" title=\"Haz clic para compartir en Twitter\"><span><\/span><span class=\"sharing-screen-reader-text\">Haz clic para compartir en Twitter (Se abre en una ventana nueva)<\/span><\/a><\/li><li class=\"share-facebook\"><a rel=\"nofollow noopener noreferrer\" data-shared=\"sharing-facebook-28852\" class=\"share-facebook sd-button share-icon no-text\" href=\"http:\/\/www.rtvnoticias.com.ar\/?p=28852&amp;share=facebook\" target=\"_blank\" title=\"Haz clic para compartir en Facebook\"><span><\/span><span class=\"sharing-screen-reader-text\">Haz clic para compartir en Facebook (Se abre en una ventana nueva)<\/span><\/a><\/li><li class=\"share-jetpack-whatsapp\"><a rel=\"nofollow noopener noreferrer\" data-shared=\"\" class=\"share-jetpack-whatsapp sd-button share-icon no-text\" href=\"http:\/\/www.rtvnoticias.com.ar\/?p=28852&amp;share=jetpack-whatsapp\" target=\"_blank\" title=\"Haz clic para compartir en WhatsApp\"><span><\/span><span class=\"sharing-screen-reader-text\">Haz clic para compartir en WhatsApp (Se abre en una ventana nueva)<\/span><\/a><\/li><li class=\"share-telegram\"><a rel=\"nofollow noopener noreferrer\" data-shared=\"\" class=\"share-telegram sd-button share-icon no-text\" href=\"http:\/\/www.rtvnoticias.com.ar\/?p=28852&amp;share=telegram\" target=\"_blank\" title=\"Haz clic para compartir en Telegram\"><span><\/span><span class=\"sharing-screen-reader-text\">Haz clic para compartir en Telegram (Se abre en una ventana nueva)<\/span><\/a><\/li><li class=\"share-end\"><\/li><\/ul><\/div><\/div><\/div>","protected":false},"author":7,"featured_media":28853,"comment_status":"closed","ping_status":"closed","sticky":false,"template":"","format":"standard","meta":{"spay_email":"","jetpack_publicize_message":"","jetpack_is_tweetstorm":false,"jetpack_publicize_feature_enabled":true},"categories":[1],"tags":[],"jetpack_featured_media_url":"http:\/\/www.rtvnoticias.com.ar\/wp-content\/uploads\/2021\/09\/concejo1.jpg","jetpack_publicize_connections":[],"jetpack_sharing_enabled":true,"_links":{"self":[{"href":"http:\/\/www.rtvnoticias.com.ar\/index.php?rest_route=\/wp\/v2\/posts\/28852"}],"collection":[{"href":"http:\/\/www.rtvnoticias.com.ar\/index.php?rest_route=\/wp\/v2\/posts"}],"about":[{"href":"http:\/\/www.rtvnoticias.com.ar\/index.php?rest_route=\/wp\/v2\/types\/post"}],"author":[{"embeddable":true,"href":"http:\/\/www.rtvnoticias.com.ar\/index.php?rest_route=\/wp\/v2\/users\/7"}],"replies":[{"embeddable":true,"href":"http:\/\/www.rtvnoticias.com.ar\/index.php?rest_route=%2Fwp%2Fv2%2Fcomments&post=28852"}],"version-history":[{"count":1,"href":"http:\/\/www.rtvnoticias.com.ar\/index.php?rest_route=\/wp\/v2\/posts\/28852\/revisions"}],"predecessor-version":[{"id":28854,"href":"http:\/\/www.rtvnoticias.com.ar\/index.php?rest_route=\/wp\/v2\/posts\/28852\/revisions\/28854"}],"wp:featuredmedia":[{"embeddable":true,"href":"http:\/\/www.rtvnoticias.com.ar\/index.php?rest_route=\/wp\/v2\/media\/28853"}],"wp:attachment":[{"href":"http:\/\/www.rtvnoticias.com.ar\/index.php?rest_route=%2Fwp%2Fv2%2Fmedia&parent=28852"}],"wp:term":[{"taxonomy":"category","embeddable":true,"href":"http:\/\/www.rtvnoticias.com.ar\/index.php?rest_route=%2Fwp%2Fv2%2Fcategories&post=28852"},{"taxonomy":"post_tag","embeddable":true,"href":"http:\/\/www.rtvnoticias.com.ar\/index.php?rest_route=%2Fwp%2Fv2%2Ftags&post=28852"}],"curies":[{"name":"wp","href":"https:\/\/api.w.org\/{rel}","templated":true}]}}