{"id":28855,"date":"2021-09-02T21:25:58","date_gmt":"2021-09-03T00:25:58","guid":{"rendered":"http:\/\/www.rtvnoticias.com.ar\/?p=28855"},"modified":"2021-09-02T21:26:01","modified_gmt":"2021-09-03T00:26:01","slug":"da-verguenza-haber-escuchado-las-barbaridades-que-dijo-ziliotto-sobre-la-ganaderia-dijo-forte","status":"publish","type":"post","link":"http:\/\/www.rtvnoticias.com.ar\/?p=28855","title":{"rendered":"\u201cDa verg\u00fcenza haber escuchado las barbaridades que dijo Ziliotto sobre la Ganader\u00eda\u201d, dijo Forte."},"content":{"rendered":"\n<p>En una carta abierta, Ulises \u00abChito\u00bb Forte, se manifest\u00f3 muy duramente contra e\u00f1 gobernador Sergio Ziliotto por su apoyo a la extensi\u00f3n del cepo\u00a0<\/p>\n\n\n\n<p>La carta, textualmente, expresa lo siguiente:<\/p>\n\n\n\n<p>Luego de que trascendieran las declaraciones del gobernador de La Pampa, Sergio Ziliotto, acerca de los productores ganaderos y la producci\u00f3n de carne en el pa\u00eds, en relaci\u00f3n con la extensi\u00f3n del cepo a las exportaciones dispuesto por el gobierno nacional, quiero escribir estas l\u00edneas para responder algunas de las cosas que plante\u00f3.<\/p>\n\n\n\n<p>Como pampeano, me da verg\u00fcenza haber escuchado las barbaridades que dijo Ziliotto sobre ganader\u00eda. No s\u00f3lo desconoce el enorme impacto que tiene esta producci\u00f3n en nuestra provincia (y en todo el pa\u00eds) sino que, en su af\u00e1n de quedar bien con el gobierno central, reproduce mentiras y frases imposibles de sostener.<\/p>\n\n\n\n<p>En un momento indic\u00f3 que nadie le explic\u00f3 por qu\u00e9 subi\u00f3 la carne. En principio, deber\u00edan avisarle que quienes lo votaron lo eligieron gobernador para que \u00e9l de respuestas, y no para que las pida. Adem\u00e1s, si conociera un poco su provincia, deber\u00eda saber el enorme impacto que tiene la p\u00e9sima (y repetida) medida del gobierno para una producci\u00f3n tan central como la ganader\u00eda.<\/p>\n\n\n\n<p>S\u00f3lo alguien que no entiende nada de carne puede decir que el supuesto plan del gobierno va a servir para algo. De hecho, creo que es el \u00fanico gobernador de provincia ganadera que expresa ese apoyo. Como productor agropecuario, yo no tengo dudas de por qu\u00e9 es.<\/p>\n\n\n\n<p>El problema del precio de la carne est\u00e1 en la tremenda p\u00e9rdida del poder adquisitivo que tuvo el salario real, especialmente como consecuencia de la inflaci\u00f3n que su gobierno no s\u00f3lo no supo resolver, sino que profundiz\u00f3.&nbsp;<\/p>\n\n\n\n<p>Adem\u00e1s, la soluci\u00f3n para este tema es aumentar la oferta, no dinamitarla, y menos ir por la demanda. Asimismo, el supuesto \u2018plan\u2019 del gobierno quiere basarse en cr\u00e9ditos para producir, y lo invito a que por un momento piense en vez de repetir sin sentido\u2026 \u00bfqui\u00e9n va a pedir un cr\u00e9dito para producir algo que no sabe si va a poder vender?&nbsp;<\/p>\n\n\n\n<p>Somos productores agropecuarios, no tontos.<\/p>\n\n\n\n<p>Ac\u00e1, de un plumazo, y reflotando una de las peores pol\u00edticas kirchneristas, destruyeron la confianza interna y externa; destruyeron la ganader\u00eda a lo largo de toda la cadena, porque no s\u00f3lo le pegan al productor grande; tambi\u00e9n a los peque\u00f1os, que no saben qu\u00e9 hacer con su vaca conserva\u2026 y lo invito a que vaya a hablar con los trabajadores de frigor\u00edficos suspendidos o despedidos por esta supuesta pol\u00edtica exitosa de su gobierno.<\/p>\n\n\n\n<p>No hay por donde sostener lo que dicen. Mienten en campa\u00f1a. Mienten en la gesti\u00f3n. Pero a los que nos afectaron, no nos pueden mentir.<\/p>\n\n\n\n<p>Y de hecho, para seguir profundizando la mentira y el relato, el gobierno nacional hoy suma una reuni\u00f3n para \u201calentar exportaciones\u201d de soja\u2026 es decir, est\u00e1 mal exportar carne, que implica haber agregado valor, producido durante a\u00f1os y fomentar el trabajo, pero est\u00e1 bien seguir profundizando la sojizaci\u00f3n y desplazando ganaderos de los campos.<\/p>\n\n\n\n<p>El relato va por un lado, la realidad por otra, y a los funcionarios nacionales y provinciales no les tiembla el pulso para tomar medidas que nos perjudican a todos, benefician a unos pocos y empeoran la situaci\u00f3n de los productores en las provincias. Repiten el viejo esquema kirchnerista de monocultivo de soja \/ retenciones e ingreso a las arcas del Estado para profundizar el populismo electoralista, sin que interese que est\u00e1n destruyendo el tejido social en el interior del pa\u00eds.<br>\u00a0<br><strong>Ulises \u201cChito\u201d Forte\u00a0<br>Productor agropecuario de General Pico \u2013 La Pampa<\/strong><\/p>\n<div class=\"sharedaddy sd-sharing-enabled\"><div class=\"robots-nocontent sd-block sd-social sd-social-icon sd-sharing\"><h3 class=\"sd-title\">Comparte esto:<\/h3><div class=\"sd-content\"><ul><li class=\"share-twitter\"><a rel=\"nofollow noopener noreferrer\" data-shared=\"sharing-twitter-28855\" class=\"share-twitter sd-button share-icon no-text\" href=\"http:\/\/www.rtvnoticias.com.ar\/?p=28855&amp;share=twitter\" target=\"_blank\" title=\"Haz clic para compartir en Twitter\"><span><\/span><span class=\"sharing-screen-reader-text\">Haz clic para compartir en Twitter (Se abre en una ventana nueva)<\/span><\/a><\/li><li class=\"share-facebook\"><a rel=\"nofollow noopener noreferrer\" data-shared=\"sharing-facebook-28855\" class=\"share-facebook sd-button share-icon no-text\" href=\"http:\/\/www.rtvnoticias.com.ar\/?p=28855&amp;share=facebook\" target=\"_blank\" title=\"Haz clic para compartir en Facebook\"><span><\/span><span class=\"sharing-screen-reader-text\">Haz clic para compartir en Facebook (Se abre en una ventana nueva)<\/span><\/a><\/li><li class=\"share-jetpack-whatsapp\"><a rel=\"nofollow noopener noreferrer\" data-shared=\"\" class=\"share-jetpack-whatsapp sd-button share-icon no-text\" href=\"http:\/\/www.rtvnoticias.com.ar\/?p=28855&amp;share=jetpack-whatsapp\" target=\"_blank\" title=\"Haz clic para compartir en WhatsApp\"><span><\/span><span class=\"sharing-screen-reader-text\">Haz clic para compartir en WhatsApp (Se abre en una ventana nueva)<\/span><\/a><\/li><li class=\"share-telegram\"><a rel=\"nofollow noopener noreferrer\" data-shared=\"\" class=\"share-telegram sd-button share-icon no-text\" href=\"http:\/\/www.rtvnoticias.com.ar\/?p=28855&amp;share=telegram\" target=\"_blank\" title=\"Haz clic para compartir en Telegram\"><span><\/span><span class=\"sharing-screen-reader-text\">Haz clic para compartir en Telegram (Se abre en una ventana nueva)<\/span><\/a><\/li><li class=\"share-end\"><\/li><\/ul><\/div><\/div><\/div>","protected":false},"excerpt":{"rendered":"<p>En una carta abierta, Ulises \u00abChito\u00bb Forte, se manifest\u00f3 muy duramente contra e\u00f1 gobernador Sergio Ziliotto por su apoyo a la extensi\u00f3n del cepo\u00a0 La<\/p>\n<div class=\"sharedaddy sd-sharing-enabled\"><div class=\"robots-nocontent sd-block sd-social sd-social-icon sd-sharing\"><h3 class=\"sd-title\">Comparte esto:<\/h3><div class=\"sd-content\"><ul><li class=\"share-twitter\"><a rel=\"nofollow noopener noreferrer\" data-shared=\"sharing-twitter-28855\" class=\"share-twitter sd-button share-icon no-text\" href=\"http:\/\/www.rtvnoticias.com.ar\/?p=28855&amp;share=twitter\" target=\"_blank\" title=\"Haz clic para compartir en Twitter\"><span><\/span><span class=\"sharing-screen-reader-text\">Haz clic para compartir en Twitter (Se abre en una ventana nueva)<\/span><\/a><\/li><li class=\"share-facebook\"><a rel=\"nofollow noopener noreferrer\" data-shared=\"sharing-facebook-28855\" class=\"share-facebook sd-button share-icon no-text\" href=\"http:\/\/www.rtvnoticias.com.ar\/?p=28855&amp;share=facebook\" target=\"_blank\" title=\"Haz clic para compartir en Facebook\"><span><\/span><span class=\"sharing-screen-reader-text\">Haz clic para compartir en Facebook (Se abre en una ventana nueva)<\/span><\/a><\/li><li class=\"share-jetpack-whatsapp\"><a rel=\"nofollow noopener noreferrer\" data-shared=\"\" class=\"share-jetpack-whatsapp sd-button share-icon no-text\" href=\"http:\/\/www.rtvnoticias.com.ar\/?p=28855&amp;share=jetpack-whatsapp\" target=\"_blank\" title=\"Haz clic para compartir en WhatsApp\"><span><\/span><span class=\"sharing-screen-reader-text\">Haz clic para compartir en WhatsApp (Se abre en una ventana nueva)<\/span><\/a><\/li><li class=\"share-telegram\"><a rel=\"nofollow noopener noreferrer\" data-shared=\"\" class=\"share-telegram sd-button share-icon no-text\" href=\"http:\/\/www.rtvnoticias.com.ar\/?p=28855&amp;share=telegram\" target=\"_blank\" title=\"Haz clic para compartir en Telegram\"><span><\/span><span class=\"sharing-screen-reader-text\">Haz clic para compartir en Telegram (Se abre en una ventana nueva)<\/span><\/a><\/li><li class=\"share-end\"><\/li><\/ul><\/div><\/div><\/div>","protected":false},"author":7,"featured_media":27120,"comment_status":"closed","ping_status":"closed","sticky":false,"template":"","format":"standard","meta":{"spay_email":"","jetpack_publicize_message":"","jetpack_is_tweetstorm":false,"jetpack_publicize_feature_enabled":true},"categories":[1],"tags":[],"jetpack_featured_media_url":"http:\/\/www.rtvnoticias.com.ar\/wp-content\/uploads\/2021\/05\/chito.jpg","jetpack_publicize_connections":[],"jetpack_sharing_enabled":true,"_links":{"self":[{"href":"http:\/\/www.rtvnoticias.com.ar\/index.php?rest_route=\/wp\/v2\/posts\/28855"}],"collection":[{"href":"http:\/\/www.rtvnoticias.com.ar\/index.php?rest_route=\/wp\/v2\/posts"}],"about":[{"href":"http:\/\/www.rtvnoticias.com.ar\/index.php?rest_route=\/wp\/v2\/types\/post"}],"author":[{"embeddable":true,"href":"http:\/\/www.rtvnoticias.com.ar\/index.php?rest_route=\/wp\/v2\/users\/7"}],"replies":[{"embeddable":true,"href":"http:\/\/www.rtvnoticias.com.ar\/index.php?rest_route=%2Fwp%2Fv2%2Fcomments&post=28855"}],"version-history":[{"count":1,"href":"http:\/\/www.rtvnoticias.com.ar\/index.php?rest_route=\/wp\/v2\/posts\/28855\/revisions"}],"predecessor-version":[{"id":28856,"href":"http:\/\/www.rtvnoticias.com.ar\/index.php?rest_route=\/wp\/v2\/posts\/28855\/revisions\/28856"}],"wp:featuredmedia":[{"embeddable":true,"href":"http:\/\/www.rtvnoticias.com.ar\/index.php?rest_route=\/wp\/v2\/media\/27120"}],"wp:attachment":[{"href":"http:\/\/www.rtvnoticias.com.ar\/index.php?rest_route=%2Fwp%2Fv2%2Fmedia&parent=28855"}],"wp:term":[{"taxonomy":"category","embeddable":true,"href":"http:\/\/www.rtvnoticias.com.ar\/index.php?rest_route=%2Fwp%2Fv2%2Fcategories&post=28855"},{"taxonomy":"post_tag","embeddable":true,"href":"http:\/\/www.rtvnoticias.com.ar\/index.php?rest_route=%2Fwp%2Fv2%2Ftags&post=28855"}],"curies":[{"name":"wp","href":"https:\/\/api.w.org\/{rel}","templated":true}]}}