{"id":28860,"date":"2021-09-03T20:07:02","date_gmt":"2021-09-03T23:07:02","guid":{"rendered":"http:\/\/www.rtvnoticias.com.ar\/?p=28860"},"modified":"2021-09-03T20:07:08","modified_gmt":"2021-09-03T23:07:08","slug":"cooperativa-de-intendente-alvear-se-convirtio-en-el-primer-usuario-generador-de-la-pampa","status":"publish","type":"post","link":"http:\/\/www.rtvnoticias.com.ar\/?p=28860","title":{"rendered":"Cooperativa de Intendente Alvear se convirti\u00f3 en el primer usuario generador de La Pampa"},"content":{"rendered":"\n<p>En el marco del R\u00e9gimen Provincial de Fomento a la Generaci\u00f3n Distribuida de Energ\u00eda El\u00e9ctrica, el gobernador Sergio Ziliotto le entreg\u00f3 a la Cooperativa de Electricidad, Obras y Servicios P\u00fablicos de Intendente Alvear (COSERIA) el primer certificado Provincial de Usuario\/a Generador\/a, el que le permitir\u00e1 acceder a los beneficios fiscales que establece la normativa provincial.<\/p>\n\n\n\n<p>El acto se realiz\u00f3 en el Sal\u00f3n de Acuerdos de Casa de Gobierno y estuvieron presentes el gobernador de la Provincia de La Pampa, Sergio Ziliotto, acompa\u00f1ado por el secretario de Energ\u00eda y Miner\u00eda, Mat\u00edas Toso, el subsecretario de Energ\u00edas Renovables, Claudio Gordillo y la directora de Planificaci\u00f3n y Proyectos, Vanina Basso; el Intendente de Intendente Alvear, Juan Cruz Barton y en representaci\u00f3n de COSERIA, el presidente de la entidad Claudio Saffeni, acompa\u00f1ado por Graciela Tosso y Mariano Iglesias.<br>El certificado fue entregado en mano por el Gobernador a los representantes de la Cooperativa, la que se convierte dentro del R\u00e9gimen Provincial de Generaci\u00f3n Distribuida, en el Primer Usuario Generador de La Pampa.<br>Toso expres\u00f3 la satisfacci\u00f3n del Gobierno de La Pampa por haber llegado \u201ca este d\u00eda que es producto del trabajo realizado entre todos los actores\u201d y sostuvo que \u201ces un avance m\u00e1s en el camino de ser una Provincia identificada con su perfil energ\u00e9tico, enfocada en modernizarse, generar energ\u00eda y aportar posibilidades al desarrollo local y nacional\u201d.<\/p>\n\n\n\n<p>\u201cContinuamos el viejo mandato\u201d<br>Claudio Seffani afirm\u00f3 que para la COSERIA acceder al programa de usuario generador es \u201ccontinuar el viejo mandato de la Cooperativa que naci\u00f3 distribuyendo electricidad. Hoy hay un nuevo tipo de generaci\u00f3n y distribuci\u00f3n, que es la energ\u00eda renovable y siempre pensamos que ten\u00edamos que estar al lado del asociado y si para ellos es una demanda, nuestra intenci\u00f3n es llevar adelante este desaf\u00edo en toda nuestra zona de concesi\u00f3n\u201d.<br>\u201cNosotros vamos a acompa\u00f1ar a cualquier asociado que quiera ser usuario distribuidor, tanto sea a trav\u00e9s de las diligencias, fortalecer el proyecto y obviamente contribuir a que lo pueda realizar. Adem\u00e1s, si el usuario lo requiere y conf\u00eda en su Cooperativa podremos proveerle los distintos elementos que el proyecto requiera\u201d, indic\u00f3.<br>Saffeni detall\u00f3 que la entidad solidaria accedi\u00f3 a un cr\u00e9dito del Banco de La Pampa para avanzar en esta iniciativa y precis\u00f3 que comenzar\u00e1n con generaci\u00f3n fotovoltaica, sin descartar en un futuro la posibilidad de incursionar en la biomasa.<br>Inform\u00f3 que la Cooperativa esta \u201cpreparando parte del personal para que puedan hacer operaci\u00f3n y mantenimiento de distintos emprendimientos de generaci\u00f3n fotovoltaica que pueda haber en nuestra zona de influencia\u201d.<\/p>\n\n\n\n<p>Acciones de la COSERIA<br>La Cooperativa ya tiene instalado en su sede un equipo de generaci\u00f3n solar fotovoltaica con una potencia de 4.62 kW, y se encuadra en la categor\u00eda de usuario generador mediano (UGMe). \u201cCelebramos la iniciativa de COSERIA por involucrarse en el R\u00e9gimen y apostar por esta pol\u00edtica energ\u00e9tica, que requiere del trabajo conjunto de todos los sectores siendo fundamental la participaci\u00f3n de las cooperativas concesionarias del servicio el\u00e9ctrico para la difusi\u00f3n y avance del R\u00e9gimen, que promueve un desarrollo descentralizado en cada localidad pampeana\u201d, expres\u00f3 Toso.<br>Para convertirse en usuario\/a generador se requiere seguir los pasos de un procedimiento \u00e1gil y sencillo a trav\u00e9s de la Plataforma Digital de la Secretaria de Energ\u00eda de Naci\u00f3n y por \u00faltimo como instancia final proceder a la inscripci\u00f3n en el Registro Provincial de Usuarios\/as Generadores a partir de energ\u00edas renovables (RUGER).<\/p>\n\n\n\n<p>24 solicitudes<br>El programa Implica un avance de la materializaci\u00f3n del Plan Estrat\u00e9gico de Energ\u00eda, propuesto por el gobernador Ziliotto, que pone el foco en el empoderamiento de las y los usuarios, involucr\u00e1ndolos como protagonistas tanto en la producci\u00f3n de energ\u00eda el\u00e9ctrica como en la incorporaci\u00f3n de medidas de ahorro y eficiencia.<br>Incentiva a los usuarios\/as del sistema a ahorrar en su consumo de la red el\u00e9ctrica, a la par que posibilita la inyecci\u00f3n de los excedentes que ser\u00e1n adquiridos por las cooperativas para ser comercializados con otras personas usuarias del sistema. La Generaci\u00f3n Distribuida es una herramienta para la gesti\u00f3n inteligente de la demanda y ha sido declarada de inter\u00e9s estrat\u00e9gico en la pol\u00edtica p\u00fablica energ\u00e9tica de la Provincia, registr\u00e1ndose a la fecha 24 solicitudes para acceder al R\u00e9gimen.<\/p>\n<div class=\"sharedaddy sd-sharing-enabled\"><div class=\"robots-nocontent sd-block sd-social sd-social-icon sd-sharing\"><h3 class=\"sd-title\">Comparte esto:<\/h3><div class=\"sd-content\"><ul><li class=\"share-twitter\"><a rel=\"nofollow noopener noreferrer\" data-shared=\"sharing-twitter-28860\" class=\"share-twitter sd-button share-icon no-text\" href=\"http:\/\/www.rtvnoticias.com.ar\/?p=28860&amp;share=twitter\" target=\"_blank\" title=\"Haz clic para compartir en Twitter\"><span><\/span><span class=\"sharing-screen-reader-text\">Haz clic para compartir en Twitter (Se abre en una ventana nueva)<\/span><\/a><\/li><li class=\"share-facebook\"><a rel=\"nofollow noopener noreferrer\" data-shared=\"sharing-facebook-28860\" class=\"share-facebook sd-button share-icon no-text\" href=\"http:\/\/www.rtvnoticias.com.ar\/?p=28860&amp;share=facebook\" target=\"_blank\" title=\"Haz clic para compartir en Facebook\"><span><\/span><span class=\"sharing-screen-reader-text\">Haz clic para compartir en Facebook (Se abre en una ventana nueva)<\/span><\/a><\/li><li class=\"share-jetpack-whatsapp\"><a rel=\"nofollow noopener noreferrer\" data-shared=\"\" class=\"share-jetpack-whatsapp sd-button share-icon no-text\" href=\"http:\/\/www.rtvnoticias.com.ar\/?p=28860&amp;share=jetpack-whatsapp\" target=\"_blank\" title=\"Haz clic para compartir en WhatsApp\"><span><\/span><span class=\"sharing-screen-reader-text\">Haz clic para compartir en WhatsApp (Se abre en una ventana nueva)<\/span><\/a><\/li><li class=\"share-telegram\"><a rel=\"nofollow noopener noreferrer\" data-shared=\"\" class=\"share-telegram sd-button share-icon no-text\" href=\"http:\/\/www.rtvnoticias.com.ar\/?p=28860&amp;share=telegram\" target=\"_blank\" title=\"Haz clic para compartir en Telegram\"><span><\/span><span class=\"sharing-screen-reader-text\">Haz clic para compartir en Telegram (Se abre en una ventana nueva)<\/span><\/a><\/li><li class=\"share-end\"><\/li><\/ul><\/div><\/div><\/div>","protected":false},"excerpt":{"rendered":"<p>En el marco del R\u00e9gimen Provincial de Fomento a la Generaci\u00f3n Distribuida de Energ\u00eda El\u00e9ctrica, el gobernador Sergio Ziliotto le entreg\u00f3 a la Cooperativa de<\/p>\n<div class=\"sharedaddy sd-sharing-enabled\"><div class=\"robots-nocontent sd-block sd-social sd-social-icon sd-sharing\"><h3 class=\"sd-title\">Comparte esto:<\/h3><div class=\"sd-content\"><ul><li class=\"share-twitter\"><a rel=\"nofollow noopener noreferrer\" data-shared=\"sharing-twitter-28860\" class=\"share-twitter sd-button share-icon no-text\" href=\"http:\/\/www.rtvnoticias.com.ar\/?p=28860&amp;share=twitter\" target=\"_blank\" title=\"Haz clic para compartir en Twitter\"><span><\/span><span class=\"sharing-screen-reader-text\">Haz clic para compartir en Twitter (Se abre en una ventana nueva)<\/span><\/a><\/li><li class=\"share-facebook\"><a rel=\"nofollow noopener noreferrer\" data-shared=\"sharing-facebook-28860\" class=\"share-facebook sd-button share-icon no-text\" href=\"http:\/\/www.rtvnoticias.com.ar\/?p=28860&amp;share=facebook\" target=\"_blank\" title=\"Haz clic para compartir en Facebook\"><span><\/span><span class=\"sharing-screen-reader-text\">Haz clic para compartir en Facebook (Se abre en una ventana nueva)<\/span><\/a><\/li><li class=\"share-jetpack-whatsapp\"><a rel=\"nofollow noopener noreferrer\" data-shared=\"\" class=\"share-jetpack-whatsapp sd-button share-icon no-text\" href=\"http:\/\/www.rtvnoticias.com.ar\/?p=28860&amp;share=jetpack-whatsapp\" target=\"_blank\" title=\"Haz clic para compartir en WhatsApp\"><span><\/span><span class=\"sharing-screen-reader-text\">Haz clic para compartir en WhatsApp (Se abre en una ventana nueva)<\/span><\/a><\/li><li class=\"share-telegram\"><a rel=\"nofollow noopener noreferrer\" data-shared=\"\" class=\"share-telegram sd-button share-icon no-text\" href=\"http:\/\/www.rtvnoticias.com.ar\/?p=28860&amp;share=telegram\" target=\"_blank\" title=\"Haz clic para compartir en Telegram\"><span><\/span><span class=\"sharing-screen-reader-text\">Haz clic para compartir en Telegram (Se abre en una ventana nueva)<\/span><\/a><\/li><li class=\"share-end\"><\/li><\/ul><\/div><\/div><\/div>","protected":false},"author":5,"featured_media":28861,"comment_status":"closed","ping_status":"closed","sticky":false,"template":"","format":"standard","meta":{"spay_email":"","jetpack_publicize_message":"","jetpack_is_tweetstorm":false,"jetpack_publicize_feature_enabled":true},"categories":[4],"tags":[3801],"jetpack_featured_media_url":"http:\/\/www.rtvnoticias.com.ar\/wp-content\/uploads\/2021\/09\/ziliotto-alvear2.jpg","jetpack_publicize_connections":[],"jetpack_sharing_enabled":true,"_links":{"self":[{"href":"http:\/\/www.rtvnoticias.com.ar\/index.php?rest_route=\/wp\/v2\/posts\/28860"}],"collection":[{"href":"http:\/\/www.rtvnoticias.com.ar\/index.php?rest_route=\/wp\/v2\/posts"}],"about":[{"href":"http:\/\/www.rtvnoticias.com.ar\/index.php?rest_route=\/wp\/v2\/types\/post"}],"author":[{"embeddable":true,"href":"http:\/\/www.rtvnoticias.com.ar\/index.php?rest_route=\/wp\/v2\/users\/5"}],"replies":[{"embeddable":true,"href":"http:\/\/www.rtvnoticias.com.ar\/index.php?rest_route=%2Fwp%2Fv2%2Fcomments&post=28860"}],"version-history":[{"count":1,"href":"http:\/\/www.rtvnoticias.com.ar\/index.php?rest_route=\/wp\/v2\/posts\/28860\/revisions"}],"predecessor-version":[{"id":28862,"href":"http:\/\/www.rtvnoticias.com.ar\/index.php?rest_route=\/wp\/v2\/posts\/28860\/revisions\/28862"}],"wp:featuredmedia":[{"embeddable":true,"href":"http:\/\/www.rtvnoticias.com.ar\/index.php?rest_route=\/wp\/v2\/media\/28861"}],"wp:attachment":[{"href":"http:\/\/www.rtvnoticias.com.ar\/index.php?rest_route=%2Fwp%2Fv2%2Fmedia&parent=28860"}],"wp:term":[{"taxonomy":"category","embeddable":true,"href":"http:\/\/www.rtvnoticias.com.ar\/index.php?rest_route=%2Fwp%2Fv2%2Fcategories&post=28860"},{"taxonomy":"post_tag","embeddable":true,"href":"http:\/\/www.rtvnoticias.com.ar\/index.php?rest_route=%2Fwp%2Fv2%2Ftags&post=28860"}],"curies":[{"name":"wp","href":"https:\/\/api.w.org\/{rel}","templated":true}]}}