{"id":28863,"date":"2021-09-04T08:27:11","date_gmt":"2021-09-04T11:27:11","guid":{"rendered":"http:\/\/www.rtvnoticias.com.ar\/?p=28863"},"modified":"2021-09-04T08:27:16","modified_gmt":"2021-09-04T11:27:16","slug":"autoridades-nacionales-de-cancilleria-recorrieron-zona-franca","status":"publish","type":"post","link":"http:\/\/www.rtvnoticias.com.ar\/?p=28863","title":{"rendered":"Autoridades nacionales de Canciller\u00eda recorrieron Zona Franca"},"content":{"rendered":"\n<p>Autoridades del Ministerio de la Producci\u00f3n y la Zona Franca en General Pico, recibieron la comitiva compuesta por diversas autoridades nacionales encabezada por el subsecretario de Asuntos Nacionales del Ministerio de Relaciones Exteriores, Comercio Internacional y Culto, Fernando Asencio, provinciales de la Agencia I-COMEX La Pampa y municipales encabezada por la intendenta, Fernanda Alonso.<\/p>\n\n\n\n<p>Participaron del encuentro el subsecretario de Asuntos Nacionales del Ministerio de Relaciones Exteriores, Comercio Internacional y Culto, Fernando Asencio, los secretarios de Embajada, Octavio La Croce y Miguel Arguedas, la ministra de la Producci\u00f3n, Fernanda Gonz\u00e1lez junto al subsecretario de Industria, Comercio y PyMEs, Silvano Tonellotto, el presidente Ejecutivo Agencia I-COMEX La Pampa, Sebasti\u00e1n Lastiri, la intendenta de General Pico, Fernanda Alonso, el presidente Comit\u00e9 de Vigilancia Zona Franca La Pampa, Germ\u00e1n Luqui, la directora de Relaciones Institucionales Zona Franca La Pampa, Alejandra Alonso y la gerenta de Comercio Exterior Agencia I-COMEX La Pampa, Eugenia Paturlanne.<\/p>\n\n\n\n<p>El encuentro que incluy\u00f3 una recorrida por diversas empresas, tuvo como fin analizar temas relacionados a la promoci\u00f3n de inversiones en distintos sectores productivos en la provincia de La Pampa.<\/p>\n\n\n\n<p>Al respecto el subsecretario de Asuntos Nacionales del Ministerio de Relaciones Exteriores, Comercio Internacional y Culto expres\u00f3: \u201cMe llevo una impresi\u00f3n altamente positiva, con un gobernador que tiene bien marcado el horizonte, con una Provincia que tiene una potencia terrible, con Sebasti\u00e1n que est\u00e1 llevando adelante una Agencia que tiene todo el apoyo de la Canciller\u00eda argentina, obviamente el canciller Felipe Sol\u00e1, y con una ministra de la Producci\u00f3n que tiene much\u00edsimas ganas de hacer y solucionar cosas. Por eso est\u00e1 hoy la Canciller\u00eda argentina ac\u00e1, no solo por el tema exportador o temas comerciales sino por un abanico de temas y \u00e1reas tem\u00e1ticas que pueden resolverle la vida a los pampeanos\u201d.<\/p>\n\n\n\n<p>Canciller\u00eda tiene m\u00e1s de 160 representaciones en el mundo, \u201cdonde pueden estar colgados los productos de La Pampa, desde lo m\u00e1s peque\u00f1o a lo m\u00e1s grande. Me llevo una impresi\u00f3n muy grata porque la verdad que se ve distinta a La Pampa desde La Pampa que desde la Capital Federal, por eso en mi rol de secretario de asuntos nacionales celebro estar ac\u00e1 en este momento porque veo una provincia que tiene una fuerza terrible, me llevo eso y mucho trabajo. Uno de ellos es hablar con el canciller intensamente del Paso Pehuenche que tanto beneficio le traer\u00eda a La Pampa, es una de las cosas que me llevo y obviamente la calidad de su gente\u201d.<\/p>\n\n\n\n<p>Consultado por los dichos del presidente, quien remarc\u00f3 que en La Pampa se mantiene un modelo productivo y de provincia, Fernando Asencio sostuvo que \u201cse nota desde la Capital Federal pero desde ac\u00e1 se nota a\u00fan m\u00e1s, la verdad se nota que los gobernadores siempre siguen una misma l\u00ednea de trabajo, con una conducta intachable, y no lo digo solamente por el compa\u00f1ero gobernador, que fue compa\u00f1ero m\u00edo de banca, sino porque se ve el trabajo de La Pampa, una provincia ordenada y con un potencial enorme\u201d.<\/p>\n\n\n\n<p><strong>Ministra de la Producci\u00f3n<\/strong><\/p>\n\n\n\n<p>Por su parte, Fernanda Gonz\u00e1lez hizo particular hincapi\u00e9 en la estrecha relaci\u00f3n con el Gobierno nacional en todas sus \u00e1reas, \u201cuna vez m\u00e1s contamos con la presencia y acompa\u00f1amiento en nuestra provincia. Estamos recorriendo la Zona Franca pero en realidad estuvimos hablando sobre las empresas que se radican en la Provincia, que generan puestos de trabajo genuinos, y de todos los parques industriales conformados en las distintas localidades de la provincia de La Pampa, la ampliaci\u00f3n del parque industrial de General Pico, lo mismo que el Polo Tecnol\u00f3gico. As\u00ed que toda la conversaci\u00f3n fue en funci\u00f3n de estas actividades que se vienen desarrollando en nuestra Provincia\u201d.<\/p>\n\n\n\n<p>La ministra destac\u00f3 que en La Pampa, la actividad productiva no se interrumpi\u00f3 en el marco de pandemia, \u201cpor el contrario, continuaron trabajando e incluso se generaron nuevos puestos de trabajo a nivel provincial\u201d.<\/p>\n\n\n\n<p><strong>Sebasti\u00e1n Lastiri<\/strong><\/p>\n\n\n\n<p>El presidente Ejecutivo de I-COMEX explic\u00f3 que aprovechando la pol\u00edtica de federalizaci\u00f3n de los servicios de Canciller\u00eda del Gobierno nacional, contando con la presencia del subsecretario Fernando Asencio, encargado de las relaciones con la Provincia, \u201cpusimos en una amplia agencia de trabajo los distintos temas sobre promoci\u00f3n de inversiones en particular y comercio exterior, y algunos otros temas de agenda productiva y econ\u00f3mica provincial vinculados con estos temas\u201d.<br>\u201cSe queda con una nutrida agenda de trabajo y en particular hoy visitando este espacio que es la Zona Franca que tiene un poco de las dos cosas, atraer inversores y promover las exportaciones a partir de esta plataforma que tiene la provincia de La Pampa. Muy contentos con el trabajo que hemos venido desarrollando con Fernando y en el caso de hoy con el Ministerio de la Producci\u00f3n para cerrar toda la agenda productiva y que se lleve Canciller\u00eda\u201d, agreg\u00f3 Sebasti\u00e1n Lastiri.<br>Asimismo, el titular de I-COMEX destac\u00f3 el apoyo de Canciller\u00eda, en la figura del canciller Felipe Sol\u00e1, \u201ces casi un hecho in\u00e9dito contar con esta presencia y con estos servicios a disposici\u00f3n de un organismo como Canciller\u00eda que tiene representantes a lo largo de todo el mundo y para una provincia como La Pampa eso es muy valioso\u201d, concluy\u00f3.<\/p>\n<div class=\"sharedaddy sd-sharing-enabled\"><div class=\"robots-nocontent sd-block sd-social sd-social-icon sd-sharing\"><h3 class=\"sd-title\">Comparte esto:<\/h3><div class=\"sd-content\"><ul><li class=\"share-twitter\"><a rel=\"nofollow noopener noreferrer\" data-shared=\"sharing-twitter-28863\" class=\"share-twitter sd-button share-icon no-text\" href=\"http:\/\/www.rtvnoticias.com.ar\/?p=28863&amp;share=twitter\" target=\"_blank\" title=\"Haz clic para compartir en Twitter\"><span><\/span><span class=\"sharing-screen-reader-text\">Haz clic para compartir en Twitter (Se abre en una ventana nueva)<\/span><\/a><\/li><li class=\"share-facebook\"><a rel=\"nofollow noopener noreferrer\" data-shared=\"sharing-facebook-28863\" class=\"share-facebook sd-button share-icon no-text\" href=\"http:\/\/www.rtvnoticias.com.ar\/?p=28863&amp;share=facebook\" target=\"_blank\" title=\"Haz clic para compartir en Facebook\"><span><\/span><span class=\"sharing-screen-reader-text\">Haz clic para compartir en Facebook (Se abre en una ventana nueva)<\/span><\/a><\/li><li class=\"share-jetpack-whatsapp\"><a rel=\"nofollow noopener noreferrer\" data-shared=\"\" class=\"share-jetpack-whatsapp sd-button share-icon no-text\" href=\"http:\/\/www.rtvnoticias.com.ar\/?p=28863&amp;share=jetpack-whatsapp\" target=\"_blank\" title=\"Haz clic para compartir en WhatsApp\"><span><\/span><span class=\"sharing-screen-reader-text\">Haz clic para compartir en WhatsApp (Se abre en una ventana nueva)<\/span><\/a><\/li><li class=\"share-telegram\"><a rel=\"nofollow noopener noreferrer\" data-shared=\"\" class=\"share-telegram sd-button share-icon no-text\" href=\"http:\/\/www.rtvnoticias.com.ar\/?p=28863&amp;share=telegram\" target=\"_blank\" title=\"Haz clic para compartir en Telegram\"><span><\/span><span class=\"sharing-screen-reader-text\">Haz clic para compartir en Telegram (Se abre en una ventana nueva)<\/span><\/a><\/li><li class=\"share-end\"><\/li><\/ul><\/div><\/div><\/div>","protected":false},"excerpt":{"rendered":"<p>Autoridades del Ministerio de la Producci\u00f3n y la Zona Franca en General Pico, recibieron la comitiva compuesta por diversas autoridades nacionales encabezada por el subsecretario<\/p>\n<div class=\"sharedaddy sd-sharing-enabled\"><div class=\"robots-nocontent sd-block sd-social sd-social-icon sd-sharing\"><h3 class=\"sd-title\">Comparte esto:<\/h3><div class=\"sd-content\"><ul><li class=\"share-twitter\"><a rel=\"nofollow noopener noreferrer\" data-shared=\"sharing-twitter-28863\" class=\"share-twitter sd-button share-icon no-text\" href=\"http:\/\/www.rtvnoticias.com.ar\/?p=28863&amp;share=twitter\" target=\"_blank\" title=\"Haz clic para compartir en Twitter\"><span><\/span><span class=\"sharing-screen-reader-text\">Haz clic para compartir en Twitter (Se abre en una ventana nueva)<\/span><\/a><\/li><li class=\"share-facebook\"><a rel=\"nofollow noopener noreferrer\" data-shared=\"sharing-facebook-28863\" class=\"share-facebook sd-button share-icon no-text\" href=\"http:\/\/www.rtvnoticias.com.ar\/?p=28863&amp;share=facebook\" target=\"_blank\" title=\"Haz clic para compartir en Facebook\"><span><\/span><span class=\"sharing-screen-reader-text\">Haz clic para compartir en Facebook (Se abre en una ventana nueva)<\/span><\/a><\/li><li class=\"share-jetpack-whatsapp\"><a rel=\"nofollow noopener noreferrer\" data-shared=\"\" class=\"share-jetpack-whatsapp sd-button share-icon no-text\" href=\"http:\/\/www.rtvnoticias.com.ar\/?p=28863&amp;share=jetpack-whatsapp\" target=\"_blank\" title=\"Haz clic para compartir en WhatsApp\"><span><\/span><span class=\"sharing-screen-reader-text\">Haz clic para compartir en WhatsApp (Se abre en una ventana nueva)<\/span><\/a><\/li><li class=\"share-telegram\"><a rel=\"nofollow noopener noreferrer\" data-shared=\"\" class=\"share-telegram sd-button share-icon no-text\" href=\"http:\/\/www.rtvnoticias.com.ar\/?p=28863&amp;share=telegram\" target=\"_blank\" title=\"Haz clic para compartir en Telegram\"><span><\/span><span class=\"sharing-screen-reader-text\">Haz clic para compartir en Telegram (Se abre en una ventana nueva)<\/span><\/a><\/li><li class=\"share-end\"><\/li><\/ul><\/div><\/div><\/div>","protected":false},"author":5,"featured_media":28864,"comment_status":"closed","ping_status":"closed","sticky":false,"template":"","format":"standard","meta":{"spay_email":"","jetpack_publicize_message":"","jetpack_is_tweetstorm":false,"jetpack_publicize_feature_enabled":true},"categories":[1],"tags":[2045],"jetpack_featured_media_url":"http:\/\/www.rtvnoticias.com.ar\/wp-content\/uploads\/2021\/09\/funcionarioszf.jpg","jetpack_publicize_connections":[],"jetpack_sharing_enabled":true,"_links":{"self":[{"href":"http:\/\/www.rtvnoticias.com.ar\/index.php?rest_route=\/wp\/v2\/posts\/28863"}],"collection":[{"href":"http:\/\/www.rtvnoticias.com.ar\/index.php?rest_route=\/wp\/v2\/posts"}],"about":[{"href":"http:\/\/www.rtvnoticias.com.ar\/index.php?rest_route=\/wp\/v2\/types\/post"}],"author":[{"embeddable":true,"href":"http:\/\/www.rtvnoticias.com.ar\/index.php?rest_route=\/wp\/v2\/users\/5"}],"replies":[{"embeddable":true,"href":"http:\/\/www.rtvnoticias.com.ar\/index.php?rest_route=%2Fwp%2Fv2%2Fcomments&post=28863"}],"version-history":[{"count":1,"href":"http:\/\/www.rtvnoticias.com.ar\/index.php?rest_route=\/wp\/v2\/posts\/28863\/revisions"}],"predecessor-version":[{"id":28865,"href":"http:\/\/www.rtvnoticias.com.ar\/index.php?rest_route=\/wp\/v2\/posts\/28863\/revisions\/28865"}],"wp:featuredmedia":[{"embeddable":true,"href":"http:\/\/www.rtvnoticias.com.ar\/index.php?rest_route=\/wp\/v2\/media\/28864"}],"wp:attachment":[{"href":"http:\/\/www.rtvnoticias.com.ar\/index.php?rest_route=%2Fwp%2Fv2%2Fmedia&parent=28863"}],"wp:term":[{"taxonomy":"category","embeddable":true,"href":"http:\/\/www.rtvnoticias.com.ar\/index.php?rest_route=%2Fwp%2Fv2%2Fcategories&post=28863"},{"taxonomy":"post_tag","embeddable":true,"href":"http:\/\/www.rtvnoticias.com.ar\/index.php?rest_route=%2Fwp%2Fv2%2Ftags&post=28863"}],"curies":[{"name":"wp","href":"https:\/\/api.w.org\/{rel}","templated":true}]}}