{"id":32022,"date":"2022-05-18T00:27:00","date_gmt":"2022-05-18T03:27:00","guid":{"rendered":"http:\/\/www.rtvnoticias.com.ar\/?p=32022"},"modified":"2022-05-17T19:33:46","modified_gmt":"2022-05-17T22:33:46","slug":"gobierno-creo-el-consejo-asesor-de-cambio-climatico","status":"publish","type":"post","link":"http:\/\/www.rtvnoticias.com.ar\/?p=32022","title":{"rendered":"Gobierno cre\u00f3 el Consejo Asesor de Cambio Clim\u00e1tico"},"content":{"rendered":"\n<p>Tal como anunciara el gobernador, Sergio Ziliotto durante la apertura de sesiones legislativas el 1\u00b0 de marzo \u00faltimo, se cre\u00f3 este organismo que funcionar\u00e1 bajo la \u00f3rbita de la Secretar\u00eda General de la Gobernaci\u00f3n a trav\u00e9s de la Subsecretar\u00eda de Ambiente. Articular\u00e1 pol\u00edticas en la materia y concientizar\u00e1 socialmente respecto a su relevancia. La misma acci\u00f3n protectiva de Gobierno se extiende con la creaci\u00f3n de la Direcci\u00f3n de Conservaci\u00f3n de la Biodiversidad, \u00c1reas Protegidas y Cambio Clim\u00e1tico.<\/p>\n\n\n\n<p>En esa l\u00ednea el Gobernador firm\u00f3 el Decreto correspondiente, luego de evaluar el Expediente N\u00b0 5756\/22 que, entre sus considerandos, sostiene que el cambio clim\u00e1tico \u201cse ha transformado en una de las amenazas que enfrenta la comunidad, por lo que el esfuerzo para enfrentar las consecuencias actuales y futuras, debe ser delineado e implementado conjuntamente entre el Estado y la sociedad civil\u201d.<\/p>\n\n\n\n<p>M\u00e1s adelante se considera que el abordaje integral al cambio clim\u00e1tico \u201cdemanda la decisi\u00f3n de diversos actores sobre la base de un trabajo sistem\u00e1tico de integraci\u00f3n y coordinaci\u00f3n necesario para dar respuesta a los desaf\u00edos de la mitigaci\u00f3n y adaptaci\u00f3n en el marco de un desarrollo sostenible\u201d.<\/p>\n\n\n\n<p>A consideraci\u00f3n de Gobierno, el desaf\u00edo de generar una pol\u00edtica sobre cambio clim\u00e1tico, que tome en consideraci\u00f3n los intereses ambientales, econ\u00f3micos y sociales de la Provincia, \u201cposibilita potenciar las oportunidades para alcanzar una relaci\u00f3n m\u00e1s arm\u00f3nica con el planeta y los seres vivos que en \u00e9l habitan\u201d.<\/p>\n\n\n\n<p>En tal sentido, sostiene el Poder Ejecutivo, \u201cLa Pampa trabaja a trav\u00e9s de todas las \u00e1reas en la formulaci\u00f3n y en la actualizaci\u00f3n permanente de pol\u00edticas p\u00fablicas tendientes a mitigar el cambio clim\u00e1tico y facilitar la adaptaci\u00f3n a sus efectos, abordando las tem\u00e1ticas de Conservaci\u00f3n de la Biodiversidad y \u00c1reas Protegidas juntos con las de Cambio Clim\u00e1tico, dependientes de la Subsecretar\u00eda de Ambiente, en la \u00f3rbita de la Secretar\u00eda General de la Gobernaci\u00f3n\u201d.<\/p>\n\n\n\n<p><strong>Prioridad<br><\/strong>La problem\u00e1tica vinculada al cambio clim\u00e1tico demanda la intervenci\u00f3n de m\u00faltiples \u00e1reas del Estado, y de la consulta de expertos de los sectores p\u00fablico, privado, acad\u00e9mico y de la sociedad civil, \u201csiendo prioritario la creaci\u00f3n de un espacio para la transversalizaci\u00f3n de pol\u00edticas p\u00fablicas en la materia\u201d.<\/p>\n\n\n\n<p>En tal sentido y atento a la complejidad, transversalidad y necesidad de la participaci\u00f3n expresada, \u201cse torna necesaria la creaci\u00f3n de un Consejo Asesor de Cambio Clim\u00e1tico, conformado por organismos gubernamentales e instituciones de la sociedad civil involucrados en la materia\u201d, justific\u00f3 el Gobierno de La Pampa.<\/p>\n\n\n\n<p><strong>S\u00edntesis<br><\/strong>El Decreto, que consta de 9 art\u00edculos, da cuenta que la persona que ocupe la titularidad del Poder Ejecutivo de la Provincia ejercer\u00e1 en forma honoraria la presidencia, y en tal car\u00e1cter podr\u00e1 presidir o participar, cuando as\u00ed lo considere necesario, o a invitaci\u00f3n de la Autoridad Ambiental o el Consejo Asesor, conforme lo establezca la reglamentaci\u00f3n del mismo. El Consejo Asesor de Cambio Clim\u00e1tico ser\u00e1 coordinado por el subsecretario de Ambiente o la autoridad m\u00e1xima ambiental que a futuro se designe mientras que la Subsecretar\u00eda de Ambiente ser\u00e1 la responsable de reglamentar el funcionamiento del Consejo Asesor.<\/p>\n\n\n\n<p>El Consejo Asesor estar\u00e1 compuesto por el subsecretario de Ambiente en car\u00e1cter de Coordinador; un representante del Ministerio de la Producci\u00f3n y un representante de la Secretar\u00eda de Energ\u00eda y Miner\u00eda del Gobierno de La Pampa.<\/p>\n\n\n\n<p><strong>Propuestas<br><\/strong>El subsecretario de Ambiente est\u00e1 facultado a invitar a participar de manera permanente o transitoria, a dos representantes de la C\u00e1mara de Diputados; un representante de la Universidad Nacional de La Pampa; uno del Colegio de Ingenieros Agr\u00f3nomos y un representante del Consejo Profesional de Ciencias Naturales, organismos, entes descentralizados, o instituciones de la sociedad civil con incumbencia en la materia, que considere conveniente a sus fines.<\/p>\n\n\n\n<p>El Gobierno, a fines del cumplimiento de su prop\u00f3sito, habilita al Consejo Asesor de Cambio Clim\u00e1tico a articular los procesos participativos y de sinergia entre las diferentes \u00e1reas del Gobierno provincial, as\u00ed como entre el Gobierno nacional, las provincias, los municipios y las comisiones de fomento, e integrar acciones de mitigaci\u00f3n y adaptaci\u00f3n al cambio clim\u00e1tico en la planificaci\u00f3n de los diferentes sectores y\/o sistemas.<\/p>\n\n\n\n<p>En tal sentido, deber\u00e1 proponer un Plan Provincial de Respuesta al Cambio Clim\u00e1tico como insumo para la discusi\u00f3n de una estrategia nacional m\u00e1s amplia; planes de acciones sectoriales a nivel gubernamental para la mitigaci\u00f3n en sectores claves en pos de alcanzar los objetivos provinciales en la materia, y para la adaptaci\u00f3n en sectores vulnerables a los impactos del cambio clim\u00e1tico en el marco del desarrollo sostenible, entre otros puntos.<\/p>\n\n\n\n<p><strong>Crear condiciones<br><\/strong>La decisi\u00f3n del gobernador Sergio Ziliotto, tanto en el anuncio del 1\u00b0 de marzo como en la creaci\u00f3n del Consejo Asesor de Cambio Clim\u00e1tico, se alinea con el Plan Nacional de Adaptaci\u00f3n y Mitigaci\u00f3n al Cambio Clim\u00e1tico que habilita a las autoridades competentes de cada jurisdicci\u00f3n, a establecer medidas y acciones para los impactos de vulerabilidad y adaptaci\u00f3n, a fin de fortalecer la capacidad de sistemas humanos y naturales para afrontar los impactos del cambio clim\u00e1tico. Se determin\u00f3 que cada jurisdicci\u00f3n debe promover procesos de participaci\u00f3n entre todos los involucrados y actores interesados que conduzcan a la definici\u00f3n de las mejores acciones de adaptaci\u00f3n y mitigaci\u00f3n al cambio clim\u00e1tico.<\/p>\n\n\n\n<p>En tal sentido, la provincia de La Pampa asumi\u00f3 el compromiso de formular y actualizar pol\u00edticas p\u00fablicas tendientes a mitigar el cambio clim\u00e1tico y facilitar la adaptaci\u00f3n a sus efectos. Por ello, a inicios de a\u00f1o 2020, mediante el Decreto N\u00b0 83\/2020, el Ejecutivo Provincial dispuso la creaci\u00f3n de la Direcci\u00f3n de Conservaci\u00f3n de la Biodiversidad, \u00c1reas Protegidas y Cambio Clim\u00e1tico; dotando de estructura funcional a la Subsecretar\u00eda de Ambiente, organismo provincial competente en materia ambiental.<\/p>\n\n\n\n<p>Puesta en funciones de dicha Direcci\u00f3n, y en el \u00e1mbito de la Consejo Federal de Medio Ambiente (CO.FE.MA), la provincia de La Pampa, fue designada durante el per\u00edodo 2020, como coordinadora de la Comisi\u00f3n de Cambio Clim\u00e1tico; mediante la Resoluci\u00f3n 420\/2020, siendo su alterno el representante de la Ciudad de Buenos Aires y su Secretar\u00eda de Actas la Provincia de Buenos Aires.<\/p>\n\n\n\n<p>La necesidad de formular planes estrat\u00e9gicos de actuaci\u00f3n y una agenda de trabajo transversal con especificidad en la materia de cambio clim\u00e1tico, exige conferir una nueva estructura funcional a la actual cartera ambiental provincial. Por esos motivos, la jerarquizaci\u00f3n de la tem\u00e1tica mediante la creaci\u00f3n de una Direcci\u00f3n de Cambio Clim\u00e1tico permitir\u00e1 accionar de forma eficiente frente a dicha problem\u00e1tica, ubicando adem\u00e1s a la provincia de La Pampa dentro de las pioneras en este complejo proceso que traspasa todas las \u00e1reas y todas las tem\u00e1ticas, potenciando la capacidad de intervenci\u00f3n del Estado provincial, acorde al cumplimiento de la Ley Nacional N\u00b0 27.520 de Presupuestos M\u00ednimos de Adaptaci\u00f3n y Mitigaci\u00f3n al Cambio Clim\u00e1tico.<\/p>\n\n\n\n<p>De igual modo, la din\u00e1mica y el \u00e1mbito de competencias y funciones que exige el \u00e1rea de conservaci\u00f3n de la biodiversidad y \u00e1reas protegidas, torna necesario el deslinde, creando al efecto tambi\u00e9n una Direcci\u00f3n espec\u00edfica, que tenga por fin el fiel cumplimiento de la leyes provinciales N\u00b0 2651 que crea el Sistema Provincial de \u00c1reas Protegidas y N\u00b0 3195 Ley Ambiental Provincial en cuanto a la preservaci\u00f3n de la diversidad biol\u00f3gica en la provincia de La Pampa, esta \u00faltima en consonancia con la Ley Nacional N\u00b0 24.375 que aprueba el Convenio sobre la Diversidad Biol\u00f3gica, en pos de la conservaci\u00f3n de la diversidad biol\u00f3gica, la utilizaci\u00f3n sostenible de sus componentes y la participaci\u00f3n justa y equitativa en los beneficios que se deriven de la utilizaci\u00f3n de los recursos gen\u00e9ticos.<\/p>\n<div class=\"sharedaddy sd-sharing-enabled\"><div class=\"robots-nocontent sd-block sd-social sd-social-icon sd-sharing\"><h3 class=\"sd-title\">Comparte esto:<\/h3><div class=\"sd-content\"><ul><li class=\"share-twitter\"><a rel=\"nofollow noopener noreferrer\" data-shared=\"sharing-twitter-32022\" class=\"share-twitter sd-button share-icon no-text\" href=\"http:\/\/www.rtvnoticias.com.ar\/?p=32022&amp;share=twitter\" target=\"_blank\" title=\"Haz clic para compartir en Twitter\"><span><\/span><span class=\"sharing-screen-reader-text\">Haz clic para compartir en Twitter (Se abre en una ventana nueva)<\/span><\/a><\/li><li class=\"share-facebook\"><a rel=\"nofollow noopener noreferrer\" data-shared=\"sharing-facebook-32022\" class=\"share-facebook sd-button share-icon no-text\" href=\"http:\/\/www.rtvnoticias.com.ar\/?p=32022&amp;share=facebook\" target=\"_blank\" title=\"Haz clic para compartir en Facebook\"><span><\/span><span class=\"sharing-screen-reader-text\">Haz clic para compartir en Facebook (Se abre en una ventana nueva)<\/span><\/a><\/li><li class=\"share-jetpack-whatsapp\"><a rel=\"nofollow noopener noreferrer\" data-shared=\"\" class=\"share-jetpack-whatsapp sd-button share-icon no-text\" href=\"http:\/\/www.rtvnoticias.com.ar\/?p=32022&amp;share=jetpack-whatsapp\" target=\"_blank\" title=\"Haz clic para compartir en WhatsApp\"><span><\/span><span class=\"sharing-screen-reader-text\">Haz clic para compartir en WhatsApp (Se abre en una ventana nueva)<\/span><\/a><\/li><li class=\"share-telegram\"><a rel=\"nofollow noopener noreferrer\" data-shared=\"\" class=\"share-telegram sd-button share-icon no-text\" href=\"http:\/\/www.rtvnoticias.com.ar\/?p=32022&amp;share=telegram\" target=\"_blank\" title=\"Haz clic para compartir en Telegram\"><span><\/span><span class=\"sharing-screen-reader-text\">Haz clic para compartir en Telegram (Se abre en una ventana nueva)<\/span><\/a><\/li><li class=\"share-end\"><\/li><\/ul><\/div><\/div><\/div>","protected":false},"excerpt":{"rendered":"<p>Tal como anunciara el gobernador, Sergio Ziliotto durante la apertura de sesiones legislativas el 1\u00b0 de marzo \u00faltimo, se cre\u00f3 este organismo que funcionar\u00e1 bajo<\/p>\n<div class=\"sharedaddy sd-sharing-enabled\"><div class=\"robots-nocontent sd-block sd-social sd-social-icon sd-sharing\"><h3 class=\"sd-title\">Comparte esto:<\/h3><div class=\"sd-content\"><ul><li class=\"share-twitter\"><a rel=\"nofollow noopener noreferrer\" data-shared=\"sharing-twitter-32022\" class=\"share-twitter sd-button share-icon no-text\" href=\"http:\/\/www.rtvnoticias.com.ar\/?p=32022&amp;share=twitter\" target=\"_blank\" title=\"Haz clic para compartir en Twitter\"><span><\/span><span class=\"sharing-screen-reader-text\">Haz clic para compartir en Twitter (Se abre en una ventana nueva)<\/span><\/a><\/li><li class=\"share-facebook\"><a rel=\"nofollow noopener noreferrer\" data-shared=\"sharing-facebook-32022\" class=\"share-facebook sd-button share-icon no-text\" href=\"http:\/\/www.rtvnoticias.com.ar\/?p=32022&amp;share=facebook\" target=\"_blank\" title=\"Haz clic para compartir en Facebook\"><span><\/span><span class=\"sharing-screen-reader-text\">Haz clic para compartir en Facebook (Se abre en una ventana nueva)<\/span><\/a><\/li><li class=\"share-jetpack-whatsapp\"><a rel=\"nofollow noopener noreferrer\" data-shared=\"\" class=\"share-jetpack-whatsapp sd-button share-icon no-text\" href=\"http:\/\/www.rtvnoticias.com.ar\/?p=32022&amp;share=jetpack-whatsapp\" target=\"_blank\" title=\"Haz clic para compartir en WhatsApp\"><span><\/span><span class=\"sharing-screen-reader-text\">Haz clic para compartir en WhatsApp (Se abre en una ventana nueva)<\/span><\/a><\/li><li class=\"share-telegram\"><a rel=\"nofollow noopener noreferrer\" data-shared=\"\" class=\"share-telegram sd-button share-icon no-text\" href=\"http:\/\/www.rtvnoticias.com.ar\/?p=32022&amp;share=telegram\" target=\"_blank\" title=\"Haz clic para compartir en Telegram\"><span><\/span><span class=\"sharing-screen-reader-text\">Haz clic para compartir en Telegram (Se abre en una ventana nueva)<\/span><\/a><\/li><li class=\"share-end\"><\/li><\/ul><\/div><\/div><\/div>","protected":false},"author":7,"featured_media":32023,"comment_status":"closed","ping_status":"closed","sticky":false,"template":"","format":"standard","meta":{"spay_email":"","jetpack_publicize_message":"","jetpack_is_tweetstorm":false,"jetpack_publicize_feature_enabled":true},"categories":[1],"tags":[],"jetpack_featured_media_url":"http:\/\/www.rtvnoticias.com.ar\/wp-content\/uploads\/2022\/05\/cambio-climatico.jpg","jetpack_publicize_connections":[],"jetpack_sharing_enabled":true,"_links":{"self":[{"href":"http:\/\/www.rtvnoticias.com.ar\/index.php?rest_route=\/wp\/v2\/posts\/32022"}],"collection":[{"href":"http:\/\/www.rtvnoticias.com.ar\/index.php?rest_route=\/wp\/v2\/posts"}],"about":[{"href":"http:\/\/www.rtvnoticias.com.ar\/index.php?rest_route=\/wp\/v2\/types\/post"}],"author":[{"embeddable":true,"href":"http:\/\/www.rtvnoticias.com.ar\/index.php?rest_route=\/wp\/v2\/users\/7"}],"replies":[{"embeddable":true,"href":"http:\/\/www.rtvnoticias.com.ar\/index.php?rest_route=%2Fwp%2Fv2%2Fcomments&post=32022"}],"version-history":[{"count":1,"href":"http:\/\/www.rtvnoticias.com.ar\/index.php?rest_route=\/wp\/v2\/posts\/32022\/revisions"}],"predecessor-version":[{"id":32024,"href":"http:\/\/www.rtvnoticias.com.ar\/index.php?rest_route=\/wp\/v2\/posts\/32022\/revisions\/32024"}],"wp:featuredmedia":[{"embeddable":true,"href":"http:\/\/www.rtvnoticias.com.ar\/index.php?rest_route=\/wp\/v2\/media\/32023"}],"wp:attachment":[{"href":"http:\/\/www.rtvnoticias.com.ar\/index.php?rest_route=%2Fwp%2Fv2%2Fmedia&parent=32022"}],"wp:term":[{"taxonomy":"category","embeddable":true,"href":"http:\/\/www.rtvnoticias.com.ar\/index.php?rest_route=%2Fwp%2Fv2%2Fcategories&post=32022"},{"taxonomy":"post_tag","embeddable":true,"href":"http:\/\/www.rtvnoticias.com.ar\/index.php?rest_route=%2Fwp%2Fv2%2Ftags&post=32022"}],"curies":[{"name":"wp","href":"https:\/\/api.w.org\/{rel}","templated":true}]}}