{"id":32031,"date":"2022-05-19T12:05:05","date_gmt":"2022-05-19T15:05:05","guid":{"rendered":"http:\/\/www.rtvnoticias.com.ar\/?p=32031"},"modified":"2022-05-19T12:05:07","modified_gmt":"2022-05-19T15:05:07","slug":"termino-la-reunion-de-gabinete-en-casa-rosada-agenda-tecnica-y-pedido-de-apoyo-a-alberto-fernandez","status":"publish","type":"post","link":"http:\/\/www.rtvnoticias.com.ar\/?p=32031","title":{"rendered":"Termin\u00f3 la reuni\u00f3n de Gabinete en Casa Rosada: agenda t\u00e9cnica y pedido de apoyo a Alberto Fern\u00e1ndez"},"content":{"rendered":"\n<p>En el marco de la interna del Frente de Todos, los ministros de Gobierno protagonizaron una nueva reuni\u00f3n t\u00e9cnica de Gabinete, en la que se abordaron temas vinculados a la inflaci\u00f3n, modificaciones en el sistema de salud y el Censo 2022.<\/p>\n\n\n\n<p>Desde las 7:40, los titulares de las carteras estuvieron reunidos en el Sal\u00f3n Eva Per\u00f3n con el objetivo de realizar un repaso de los estados de sus ministerios y se espera que, a posterior, brinden una conferencia de prensa con los detalles de la misma.<\/p>\n\n\n\n<p>A su t\u00e9rmino, el jefe de Gabinete brind\u00f3 una conferencia junto a los ministros de Seguridad, An\u00edbal Fern\u00e1ndez; de Ciencia y Tecnolog\u00eda, Daniel Filmus y el titular del INDEC, Marco Lavagna.<\/p>\n\n\n\n<p>\u00abEl ministro Mart\u00edn Guzm\u00e1n hizo una exposici\u00f3n muy detallada de la situaci\u00f3n y vemos el contexto internacional muy complejo. Pa\u00edses del primer mundo, con una econom\u00eda solida hoy est\u00e1n viendo procesos inflacionarios que no los ven\u00edan desde hace a\u00f1os\u00bb, cont\u00f3 Manzur, y continu\u00f3: \u00abLa Argentina no es una isla, a una econom\u00eda debilitada, esto nos impacta\u00bb.<\/p>\n\n\n\n<p>En la misma l\u00ednea, destac\u00f3 la baja de \u00edndice y asegur\u00f3 que Guzm\u00e1n trabaja para continuar en el sendero de la baja y as\u00ed \u00abcuidar a los sectores m\u00e1s vulnerables\u00bb.<\/p>\n\n\n\n<p>Fuentes oficiales presentes en el encuentro definieron la reuni\u00f3n como \u00abt\u00e9cnica\u00bb y \u00abde trabajo\u00bb, y aunque enfatizaron en que no se trat\u00f3 de una reuni\u00f3n para motivar a los titulares de las carteras como s\u00ed fue la del 4 de mayo, revelaron que se pidi\u00f3 el apoyo de los ministros para el acto en apoyo de Alberto Fern\u00e1ndez del viernes en la UOCRA en Esteban Echeverr\u00eda.<\/p>\n\n\n\n<p>Consultado por el pedido de uno de los tres l\u00edderes de la CGT Pablo Moyano sobre la universalizaciones de las Asignaciones Familiares, Manzur asegur\u00f3 que el Gobierno analizar\u00e1n la propuesta.<\/p>\n\n\n\n<p>\u00abTodo lo que sean propuestas superadoras y est\u00e9n al alcance en el Gobierno lo vamos a analizar, y lo vamos a poner sobre la mesa, y en ese sentido quiero transmitir que desde el equipo de gobierno que acompa\u00f1a al Presidente vamos a hacer todo lo que est\u00e9 a nuestro alcance, primero cuidar a los sectores m\u00e1s vulnerables y no parar esta din\u00e1mica de crecimiento que ha puesto en marcha Argentina\u00bb, dijo Manzur en una conferencia de prensa.<\/p>\n\n\n\n<p>Aunque evit\u00f3 hablar sobre el pedido de espec\u00edfico, el funcionario insisti\u00f3: \u00abTodos los proyectos van a ser evaluados y tenidos en cuenta\u00bb.<\/p>\n\n\n\n<p>\u00abEl Gobierno est\u00e1 enfocado en seguir la tarea de la recuperaci\u00f3n y en eso estamos trabajando. Ya llevamos construidas 45 mil viviendas y m\u00e1s de 4.000 obras p\u00fablicas. Estamos en un proceso en el cual se recupera el empleo y crece la industria\u00bb, detall\u00f3 el jefe de Ministros.<\/p>\n\n\n\n<p>Previo al ingreso, el jefe de Gabinete declar\u00f3: \u201cTenemos un plan de Gobierno, tenemos el norte claro, sabemos cu\u00e1l es el rumbo\u00bb.<\/p>\n\n\n\n<p>All\u00ed estuvieron presentes el canciller Santiago Cafiero, los ministros Mart\u00edn Guzm\u00e1n (Econom\u00eda), Eduardo de Pedro (interior), Claudio Moroni (Trabajo), Jorge Taiana (Defensa), An\u00edbal Fern\u00e1ndez (Seguridad), Juan Zabaleta (Desarrollo social), Mart\u00edn Soria (Justicia), Juan Cabandi\u00e9 (Ambiente y Desarrollo Sostenible), Gabriel Katopodis (Obras p\u00fablicas), Trist\u00e1n Bauer (Cultura), Alexis Guerrera (Transporte), Juli\u00e1n Dom\u00ednguez (Agricultura y ganader\u00eda), Daniel Filmus (Ciencia y Tecnolog\u00eda), Carla Vizzotti (Salud) y Elizabeth G\u00f3mez Alcorta (Mujeres y Diversidad).<\/p>\n\n\n\n<p>Tambi\u00e9n participaron la secretaria de Legal y T\u00e9cnica, Vilma Ibarra; el secretario de Asuntos Estrat\u00e9gicos, Gustavo Beliz; el director del INDEC, Marco Lavagna; el secretario de Medios y Comunicaci\u00f3n P\u00fablica, Juan Ross; el jefe de Asesores; Juan Manuel Olmos y la portavoz de la Presidencia, Gabriela Cerruti.<\/p>\n\n\n\n<p>Se ausentaron del encuentro el titular de la cartera de Turismo, Mat\u00edas Lammens; de Producci\u00f3n, Mat\u00edas Kulfas; de Educaci\u00f3n, Jaime Perczyk y de Desarrollo Territorial, Jorge Ferraresi, quien conforman la comitiva que acompa\u00f1ar\u00e1 al Presidente en San Juan.<\/p>\n\n\n\n<p>Por su parte, el presidente Alberto Fern\u00e1ndez viajar\u00e1 a la provincia de San Juan para recorrer el Barrio Las Pampas, en Pocito, donde observar\u00e1n las 700 casas construidas luego del terremoto del a\u00f1o 2021, y posteriormente entregar viviendas en Barrio Libertador junto al gobernador, Sergio U\u00f1ac y el ministro de Desarrollo Territorial y H\u00e1bitat Jorge Ferraresi.<\/p>\n<div class=\"sharedaddy sd-sharing-enabled\"><div class=\"robots-nocontent sd-block sd-social sd-social-icon sd-sharing\"><h3 class=\"sd-title\">Comparte esto:<\/h3><div class=\"sd-content\"><ul><li class=\"share-twitter\"><a rel=\"nofollow noopener noreferrer\" data-shared=\"sharing-twitter-32031\" class=\"share-twitter sd-button share-icon no-text\" href=\"http:\/\/www.rtvnoticias.com.ar\/?p=32031&amp;share=twitter\" target=\"_blank\" title=\"Haz clic para compartir en Twitter\"><span><\/span><span class=\"sharing-screen-reader-text\">Haz clic para compartir en Twitter (Se abre en una ventana nueva)<\/span><\/a><\/li><li class=\"share-facebook\"><a rel=\"nofollow noopener noreferrer\" data-shared=\"sharing-facebook-32031\" class=\"share-facebook sd-button share-icon no-text\" href=\"http:\/\/www.rtvnoticias.com.ar\/?p=32031&amp;share=facebook\" target=\"_blank\" title=\"Haz clic para compartir en Facebook\"><span><\/span><span class=\"sharing-screen-reader-text\">Haz clic para compartir en Facebook (Se abre en una ventana nueva)<\/span><\/a><\/li><li class=\"share-jetpack-whatsapp\"><a rel=\"nofollow noopener noreferrer\" data-shared=\"\" class=\"share-jetpack-whatsapp sd-button share-icon no-text\" href=\"http:\/\/www.rtvnoticias.com.ar\/?p=32031&amp;share=jetpack-whatsapp\" target=\"_blank\" title=\"Haz clic para compartir en WhatsApp\"><span><\/span><span class=\"sharing-screen-reader-text\">Haz clic para compartir en WhatsApp (Se abre en una ventana nueva)<\/span><\/a><\/li><li class=\"share-telegram\"><a rel=\"nofollow noopener noreferrer\" data-shared=\"\" class=\"share-telegram sd-button share-icon no-text\" href=\"http:\/\/www.rtvnoticias.com.ar\/?p=32031&amp;share=telegram\" target=\"_blank\" title=\"Haz clic para compartir en Telegram\"><span><\/span><span class=\"sharing-screen-reader-text\">Haz clic para compartir en Telegram (Se abre en una ventana nueva)<\/span><\/a><\/li><li class=\"share-end\"><\/li><\/ul><\/div><\/div><\/div>","protected":false},"excerpt":{"rendered":"<p>En el marco de la interna del Frente de Todos, los ministros de Gobierno protagonizaron una nueva reuni\u00f3n t\u00e9cnica de Gabinete, en la que se<\/p>\n<div class=\"sharedaddy sd-sharing-enabled\"><div class=\"robots-nocontent sd-block sd-social sd-social-icon sd-sharing\"><h3 class=\"sd-title\">Comparte esto:<\/h3><div class=\"sd-content\"><ul><li class=\"share-twitter\"><a rel=\"nofollow noopener noreferrer\" data-shared=\"sharing-twitter-32031\" class=\"share-twitter sd-button share-icon no-text\" href=\"http:\/\/www.rtvnoticias.com.ar\/?p=32031&amp;share=twitter\" target=\"_blank\" title=\"Haz clic para compartir en Twitter\"><span><\/span><span class=\"sharing-screen-reader-text\">Haz clic para compartir en Twitter (Se abre en una ventana nueva)<\/span><\/a><\/li><li class=\"share-facebook\"><a rel=\"nofollow noopener noreferrer\" data-shared=\"sharing-facebook-32031\" class=\"share-facebook sd-button share-icon no-text\" href=\"http:\/\/www.rtvnoticias.com.ar\/?p=32031&amp;share=facebook\" target=\"_blank\" title=\"Haz clic para compartir en Facebook\"><span><\/span><span class=\"sharing-screen-reader-text\">Haz clic para compartir en Facebook (Se abre en una ventana nueva)<\/span><\/a><\/li><li class=\"share-jetpack-whatsapp\"><a rel=\"nofollow noopener noreferrer\" data-shared=\"\" class=\"share-jetpack-whatsapp sd-button share-icon no-text\" href=\"http:\/\/www.rtvnoticias.com.ar\/?p=32031&amp;share=jetpack-whatsapp\" target=\"_blank\" title=\"Haz clic para compartir en WhatsApp\"><span><\/span><span class=\"sharing-screen-reader-text\">Haz clic para compartir en WhatsApp (Se abre en una ventana nueva)<\/span><\/a><\/li><li class=\"share-telegram\"><a rel=\"nofollow noopener noreferrer\" data-shared=\"\" class=\"share-telegram sd-button share-icon no-text\" href=\"http:\/\/www.rtvnoticias.com.ar\/?p=32031&amp;share=telegram\" target=\"_blank\" title=\"Haz clic para compartir en Telegram\"><span><\/span><span class=\"sharing-screen-reader-text\">Haz clic para compartir en Telegram (Se abre en una ventana nueva)<\/span><\/a><\/li><li class=\"share-end\"><\/li><\/ul><\/div><\/div><\/div>","protected":false},"author":7,"featured_media":32032,"comment_status":"closed","ping_status":"closed","sticky":false,"template":"","format":"standard","meta":{"spay_email":"","jetpack_publicize_message":"","jetpack_is_tweetstorm":false,"jetpack_publicize_feature_enabled":true},"categories":[1],"tags":[],"jetpack_featured_media_url":"http:\/\/www.rtvnoticias.com.ar\/wp-content\/uploads\/2022\/05\/reunion-gabinete.jpg","jetpack_publicize_connections":[],"jetpack_sharing_enabled":true,"_links":{"self":[{"href":"http:\/\/www.rtvnoticias.com.ar\/index.php?rest_route=\/wp\/v2\/posts\/32031"}],"collection":[{"href":"http:\/\/www.rtvnoticias.com.ar\/index.php?rest_route=\/wp\/v2\/posts"}],"about":[{"href":"http:\/\/www.rtvnoticias.com.ar\/index.php?rest_route=\/wp\/v2\/types\/post"}],"author":[{"embeddable":true,"href":"http:\/\/www.rtvnoticias.com.ar\/index.php?rest_route=\/wp\/v2\/users\/7"}],"replies":[{"embeddable":true,"href":"http:\/\/www.rtvnoticias.com.ar\/index.php?rest_route=%2Fwp%2Fv2%2Fcomments&post=32031"}],"version-history":[{"count":1,"href":"http:\/\/www.rtvnoticias.com.ar\/index.php?rest_route=\/wp\/v2\/posts\/32031\/revisions"}],"predecessor-version":[{"id":32033,"href":"http:\/\/www.rtvnoticias.com.ar\/index.php?rest_route=\/wp\/v2\/posts\/32031\/revisions\/32033"}],"wp:featuredmedia":[{"embeddable":true,"href":"http:\/\/www.rtvnoticias.com.ar\/index.php?rest_route=\/wp\/v2\/media\/32032"}],"wp:attachment":[{"href":"http:\/\/www.rtvnoticias.com.ar\/index.php?rest_route=%2Fwp%2Fv2%2Fmedia&parent=32031"}],"wp:term":[{"taxonomy":"category","embeddable":true,"href":"http:\/\/www.rtvnoticias.com.ar\/index.php?rest_route=%2Fwp%2Fv2%2Fcategories&post=32031"},{"taxonomy":"post_tag","embeddable":true,"href":"http:\/\/www.rtvnoticias.com.ar\/index.php?rest_route=%2Fwp%2Fv2%2Ftags&post=32031"}],"curies":[{"name":"wp","href":"https:\/\/api.w.org\/{rel}","templated":true}]}}