{"id":32058,"date":"2022-05-20T10:51:26","date_gmt":"2022-05-20T13:51:26","guid":{"rendered":"http:\/\/www.rtvnoticias.com.ar\/?p=32058"},"modified":"2022-05-20T10:51:28","modified_gmt":"2022-05-20T13:51:28","slug":"cambios-en-el-gobierno-la-secretaria-de-comercio-interior-pasa-a-la-orbita-del-ministerio-de-economia","status":"publish","type":"post","link":"http:\/\/www.rtvnoticias.com.ar\/?p=32058","title":{"rendered":"Cambios en el Gobierno: la Secretar\u00eda de Comercio Interior pasa a la \u00f3rbita del Ministerio de Econom\u00eda"},"content":{"rendered":"\n<p>La Secretar\u00eda de Comercio Interior, que conduce Roberto Feletti, pasar\u00e1 del Ministerio de Desarrollo Productivo a la \u00f3rbita de Econom\u00eda, con lo que Mart\u00edn Guzm\u00e1n se queda con el control de toda la pol\u00edtica de precios.<\/p>\n\n\n\n<p>La medida ser\u00e1 anunciada este viernes por el gobierno y se da dos semanas despu\u00e9s de que Cristina Kirchner reclamara cambios en el \u00e1rea.<\/p>\n\n\n\n<p>En t\u00e9rminos pol\u00edticos se trata de un triunfo de Guzm\u00e1n ya que absorbe una secretar\u00eda clave para el combate de la inflaci\u00f3n, justo en momentos en los que el kirchnerismo presionaba a fondo para sacarlo del gobierno. Lejos de eso, la medida es una nueva ratificaci\u00f3n por parte de Alberto Fern\u00e1ndez.<\/p>\n\n\n\n<p>No obstante, el traspaso tambi\u00e9n podr\u00eda ser amenaza de un nuevo conflicto interno para Guzm\u00e1n, como el que ya tiene con la Secretar\u00eda de Energ\u00eda que controlan funcionarios que responden a Cristina y que suelen contradecir al ministro.<\/p>\n\n\n\n<p>Hace dos semanas Cristina fue muy cr\u00edtica sobre el manejo de la pol\u00edtica de precios por parte de Mat\u00edas Kulfas, aunque la Secretar\u00eda siempre estuvo en manos de funcionarios ligados a la vicepresidenta, primero Paula Espa\u00f1ol y ahora Feletti.<\/p>\n\n\n\n<p>La vice record\u00f3 un chispazo con Kulfas en 2019. \u00abDije que iba a venir una puja distributiva. Todas las alimenticias perdieron con el macrismo y esta gente hab\u00eda desmontado nuestra Secretar\u00eda de Comercio Interior. Le recomend\u00e9 a un joven economista que fuera a ver al ministro de Producci\u00f3n, el ministro que hab\u00eda escrito un libro contra nosotros, para que le explicara cu\u00e1l era su proyecto de la Secretar\u00eda de Comercio. Y cuando fue a verlo el ministro le dijo: \u2018No, nosotros no vamos a hacer lo que hicieron ustedes, esto va a ser di\u00e1logo, consenso, ustedes ten\u00edan un criterio muy intervencionista&#8217;\u00bb, revel\u00f3 Cristina en relaci\u00f3n a Kulfas. El joven economista al que se refer\u00eda Cristina era Hern\u00e1n Letcher.<\/p>\n<div class=\"sharedaddy sd-sharing-enabled\"><div class=\"robots-nocontent sd-block sd-social sd-social-icon sd-sharing\"><h3 class=\"sd-title\">Comparte esto:<\/h3><div class=\"sd-content\"><ul><li class=\"share-twitter\"><a rel=\"nofollow noopener noreferrer\" data-shared=\"sharing-twitter-32058\" class=\"share-twitter sd-button share-icon no-text\" href=\"http:\/\/www.rtvnoticias.com.ar\/?p=32058&amp;share=twitter\" target=\"_blank\" title=\"Haz clic para compartir en Twitter\"><span><\/span><span class=\"sharing-screen-reader-text\">Haz clic para compartir en Twitter (Se abre en una ventana nueva)<\/span><\/a><\/li><li class=\"share-facebook\"><a rel=\"nofollow noopener noreferrer\" data-shared=\"sharing-facebook-32058\" class=\"share-facebook sd-button share-icon no-text\" href=\"http:\/\/www.rtvnoticias.com.ar\/?p=32058&amp;share=facebook\" target=\"_blank\" title=\"Haz clic para compartir en Facebook\"><span><\/span><span class=\"sharing-screen-reader-text\">Haz clic para compartir en Facebook (Se abre en una ventana nueva)<\/span><\/a><\/li><li class=\"share-jetpack-whatsapp\"><a rel=\"nofollow noopener noreferrer\" data-shared=\"\" class=\"share-jetpack-whatsapp sd-button share-icon no-text\" href=\"http:\/\/www.rtvnoticias.com.ar\/?p=32058&amp;share=jetpack-whatsapp\" target=\"_blank\" title=\"Haz clic para compartir en WhatsApp\"><span><\/span><span class=\"sharing-screen-reader-text\">Haz clic para compartir en WhatsApp (Se abre en una ventana nueva)<\/span><\/a><\/li><li class=\"share-telegram\"><a rel=\"nofollow noopener noreferrer\" data-shared=\"\" class=\"share-telegram sd-button share-icon no-text\" href=\"http:\/\/www.rtvnoticias.com.ar\/?p=32058&amp;share=telegram\" target=\"_blank\" title=\"Haz clic para compartir en Telegram\"><span><\/span><span class=\"sharing-screen-reader-text\">Haz clic para compartir en Telegram (Se abre en una ventana nueva)<\/span><\/a><\/li><li class=\"share-end\"><\/li><\/ul><\/div><\/div><\/div>","protected":false},"excerpt":{"rendered":"<p>La Secretar\u00eda de Comercio Interior, que conduce Roberto Feletti, pasar\u00e1 del Ministerio de Desarrollo Productivo a la \u00f3rbita de Econom\u00eda, con lo que Mart\u00edn Guzm\u00e1n<\/p>\n<div class=\"sharedaddy sd-sharing-enabled\"><div class=\"robots-nocontent sd-block sd-social sd-social-icon sd-sharing\"><h3 class=\"sd-title\">Comparte esto:<\/h3><div class=\"sd-content\"><ul><li class=\"share-twitter\"><a rel=\"nofollow noopener noreferrer\" data-shared=\"sharing-twitter-32058\" class=\"share-twitter sd-button share-icon no-text\" href=\"http:\/\/www.rtvnoticias.com.ar\/?p=32058&amp;share=twitter\" target=\"_blank\" title=\"Haz clic para compartir en Twitter\"><span><\/span><span class=\"sharing-screen-reader-text\">Haz clic para compartir en Twitter (Se abre en una ventana nueva)<\/span><\/a><\/li><li class=\"share-facebook\"><a rel=\"nofollow noopener noreferrer\" data-shared=\"sharing-facebook-32058\" class=\"share-facebook sd-button share-icon no-text\" href=\"http:\/\/www.rtvnoticias.com.ar\/?p=32058&amp;share=facebook\" target=\"_blank\" title=\"Haz clic para compartir en Facebook\"><span><\/span><span class=\"sharing-screen-reader-text\">Haz clic para compartir en Facebook (Se abre en una ventana nueva)<\/span><\/a><\/li><li class=\"share-jetpack-whatsapp\"><a rel=\"nofollow noopener noreferrer\" data-shared=\"\" class=\"share-jetpack-whatsapp sd-button share-icon no-text\" href=\"http:\/\/www.rtvnoticias.com.ar\/?p=32058&amp;share=jetpack-whatsapp\" target=\"_blank\" title=\"Haz clic para compartir en WhatsApp\"><span><\/span><span class=\"sharing-screen-reader-text\">Haz clic para compartir en WhatsApp (Se abre en una ventana nueva)<\/span><\/a><\/li><li class=\"share-telegram\"><a rel=\"nofollow noopener noreferrer\" data-shared=\"\" class=\"share-telegram sd-button share-icon no-text\" href=\"http:\/\/www.rtvnoticias.com.ar\/?p=32058&amp;share=telegram\" target=\"_blank\" title=\"Haz clic para compartir en Telegram\"><span><\/span><span class=\"sharing-screen-reader-text\">Haz clic para compartir en Telegram (Se abre en una ventana nueva)<\/span><\/a><\/li><li class=\"share-end\"><\/li><\/ul><\/div><\/div><\/div>","protected":false},"author":7,"featured_media":31751,"comment_status":"closed","ping_status":"closed","sticky":false,"template":"","format":"standard","meta":{"spay_email":"","jetpack_publicize_message":"","jetpack_is_tweetstorm":false,"jetpack_publicize_feature_enabled":true},"categories":[1],"tags":[],"jetpack_featured_media_url":"http:\/\/www.rtvnoticias.com.ar\/wp-content\/uploads\/2022\/04\/feletti.jpg","jetpack_publicize_connections":[],"jetpack_sharing_enabled":true,"_links":{"self":[{"href":"http:\/\/www.rtvnoticias.com.ar\/index.php?rest_route=\/wp\/v2\/posts\/32058"}],"collection":[{"href":"http:\/\/www.rtvnoticias.com.ar\/index.php?rest_route=\/wp\/v2\/posts"}],"about":[{"href":"http:\/\/www.rtvnoticias.com.ar\/index.php?rest_route=\/wp\/v2\/types\/post"}],"author":[{"embeddable":true,"href":"http:\/\/www.rtvnoticias.com.ar\/index.php?rest_route=\/wp\/v2\/users\/7"}],"replies":[{"embeddable":true,"href":"http:\/\/www.rtvnoticias.com.ar\/index.php?rest_route=%2Fwp%2Fv2%2Fcomments&post=32058"}],"version-history":[{"count":1,"href":"http:\/\/www.rtvnoticias.com.ar\/index.php?rest_route=\/wp\/v2\/posts\/32058\/revisions"}],"predecessor-version":[{"id":32059,"href":"http:\/\/www.rtvnoticias.com.ar\/index.php?rest_route=\/wp\/v2\/posts\/32058\/revisions\/32059"}],"wp:featuredmedia":[{"embeddable":true,"href":"http:\/\/www.rtvnoticias.com.ar\/index.php?rest_route=\/wp\/v2\/media\/31751"}],"wp:attachment":[{"href":"http:\/\/www.rtvnoticias.com.ar\/index.php?rest_route=%2Fwp%2Fv2%2Fmedia&parent=32058"}],"wp:term":[{"taxonomy":"category","embeddable":true,"href":"http:\/\/www.rtvnoticias.com.ar\/index.php?rest_route=%2Fwp%2Fv2%2Fcategories&post=32058"},{"taxonomy":"post_tag","embeddable":true,"href":"http:\/\/www.rtvnoticias.com.ar\/index.php?rest_route=%2Fwp%2Fv2%2Ftags&post=32058"}],"curies":[{"name":"wp","href":"https:\/\/api.w.org\/{rel}","templated":true}]}}