{"id":32068,"date":"2022-05-22T11:09:48","date_gmt":"2022-05-22T14:09:48","guid":{"rendered":"http:\/\/www.rtvnoticias.com.ar\/?p=32068"},"modified":"2022-05-22T11:09:52","modified_gmt":"2022-05-22T14:09:52","slug":"encuentro-peronista-en-mendoza-fuerte-llamado-a-la-unidad","status":"publish","type":"post","link":"http:\/\/www.rtvnoticias.com.ar\/?p=32068","title":{"rendered":"Encuentro peronista en Mendoza: fuerte llamado a la \u00abunidad\u00bb"},"content":{"rendered":"\n<p class=\"has-text-align-center\"><strong>Estuvieron presentes Eduardo de Pedro, Sergio Massa, Axel Kicillof, Gabriel Katopodis, Juan Urtubey y los legisladores Juliana Di Tullio, Jos\u00e9 Mayans, Hugo Yasky. No estuvieron Alberto Fern\u00e1ndez y Juan Manzur.<\/strong><\/p>\n\n\n\n<p>Dirigentes peronistas, que representan todas las vertientes que conforman el Frente de Todos (FDT), participaron este sabado de un plenario de debate doctrinario organizado por el Partido Justicialista (PJ) de Mendoza, en el que coincidieron en que \u201chay futuro para el 2023\u201d de cara a las elecciones presidenciales, destacaron la \u201cmuestra de unidad\u201d de los sectores y enfatizaron \u201cla necesidad de una apertura\u201d hacia los disidentes.<\/p>\n\n\n\n<div class=\"wp-block-image\"><figure class=\"aligncenter size-large\"><img data-attachment-id=\"32070\" data-permalink=\"http:\/\/www.rtvnoticias.com.ar\/?attachment_id=32070\" data-orig-file=\"http:\/\/www.rtvnoticias.com.ar\/wp-content\/uploads\/2022\/05\/FdT1.jpg\" data-orig-size=\"760,508\" data-comments-opened=\"0\" data-image-meta=\"{&quot;aperture&quot;:&quot;0&quot;,&quot;credit&quot;:&quot;&quot;,&quot;camera&quot;:&quot;&quot;,&quot;caption&quot;:&quot;&quot;,&quot;created_timestamp&quot;:&quot;0&quot;,&quot;copyright&quot;:&quot;&quot;,&quot;focal_length&quot;:&quot;0&quot;,&quot;iso&quot;:&quot;0&quot;,&quot;shutter_speed&quot;:&quot;0&quot;,&quot;title&quot;:&quot;&quot;,&quot;orientation&quot;:&quot;0&quot;}\" data-image-title=\"FdT1\" data-image-description=\"\" data-image-caption=\"\" data-medium-file=\"http:\/\/www.rtvnoticias.com.ar\/wp-content\/uploads\/2022\/05\/FdT1-300x201.jpg\" data-large-file=\"http:\/\/www.rtvnoticias.com.ar\/wp-content\/uploads\/2022\/05\/FdT1.jpg\" decoding=\"async\" loading=\"lazy\" width=\"760\" height=\"508\" src=\"http:\/\/www.rtvnoticias.com.ar\/wp-content\/uploads\/2022\/05\/FdT1.jpg\" alt=\"\" class=\"wp-image-32070\" srcset=\"http:\/\/www.rtvnoticias.com.ar\/wp-content\/uploads\/2022\/05\/FdT1.jpg 760w, http:\/\/www.rtvnoticias.com.ar\/wp-content\/uploads\/2022\/05\/FdT1-300x201.jpg 300w\" sizes=\"(max-width: 760px) 100vw, 760px\" \/><\/figure><\/div>\n\n\n\n<p>Con la participaci\u00f3n de los ministros Eduardo \u2018Wado\u2019 de Pedro (Interior) y Gabriel Katopodis (Obra P\u00fablica); los gobernadores Axel Kicillof y Sergio U\u00f1ac (San Juan) y el presidente de la C\u00e1mara de Diputados, Sergio Massa; entre otros, la coalici\u00f3n gobernante dio este s\u00e1bado \u201cuna muestra de unidad\u201d en el plenario justicialista realizado en el auditorio \u00c1ngel Bustelo de la capital mendocina, convocado por la senadora mendocina y titular del PJ mendocino, Anabel Fern\u00e1ndez Sagasti.<\/p>\n\n\n\n<p>Entre todos los disertantes hubo coincidencias en la necesidad de \u00abla unidad del campo popular para derrotar a la derecha\u201d de cara a las elecciones presidenciales del a\u00f1o pr\u00f3ximo.<\/p>\n\n\n\n<p>En el marco de la apertura del FDT que impulsan varios dirigentes como el camporista De Pedro, otro de los asistentes fue el exgobernador de Salta, Juan Manuel Urtubey, quien est\u00e1 alejado de la coalici\u00f3n oficialista, pero que semanas atr\u00e1s tuvo reuniones con el ministro bajo la premisa de que \u201cse necesita una amplia participaci\u00f3n que permita competir en internas\u201d dentro de la coalici\u00f3n gobernante.<\/p>\n\n\n\n<p>En esa l\u00ednea, al iniciar el plenario, Fern\u00e1ndez Sagasti expres\u00f3: \u201cHay que convocarlos a todos, a cada uno de los compa\u00f1eros que est\u00e1n distanciados, y que vuelvan a debatir ideas\u201d y agradeci\u00f3 \u00abpor creer, pensar que se puede y porque no nos quitaron la autoestima y el valor de lo que significa ser peronista en Mendoza\u00bb.<\/p>\n\n\n\n<p>Al exponer en forma virtual, Katopodis expres\u00f3: \u201cNo se nos est\u00e1 permitido quebrar ni descuidar la unidad del Frente. El &#8216;albertismo&#8217; y el &#8216;cristinismo&#8217; son terminolog\u00edas que imponen los medios de comunicaci\u00f3n, pero nosotros somos peronistas en esencia y en acci\u00f3n. Nuestro compromiso es cumplir con cada ciudadano y resolverles los problemas\u00bb.<\/p>\n\n\n\n<p>De cara a las elecciones del 2023, el ministro dijo que el FDT no puede \u00abdejar a nuestra gente a la intemperie en manos del macrismo, que quiere volver el mismo que ajust\u00f3 el pa\u00eds y que est\u00e1 dispuesto a vender al pa\u00eds\u201d.<\/p>\n\n\n\n<p>Hacia el final del encuentro, De Pedro -uno de los oradores m\u00e1s aplaudidos en el recinto- dijo que \u201ctodav\u00eda somos un pa\u00eds unitario y el desaf\u00edo del peronismo es construir una Argentina federal\u00bb y a\u00f1adi\u00f3: \u00abEl federalismo es real si hay trabajo genuino privado que dignifique a la familia argentina, sino seguiremos siendo un gran puerto\u201d.<\/p>\n\n\n\n<p>En su discurso, el titular de la cartera pol\u00edtica enumer\u00f3 las \u00abdecisiones valientes\u00bb que tom\u00f3 Cristina Fern\u00e1ndez de Kirchner cuando fue Presidenta.<\/p>\n\n\n\n<p>\u00abEn materia de energ\u00eda, gracias a la decisi\u00f3n de Cristina de recuperar YPF, sin tener miedo de tomar decisiones que no le gustan a un grupo min\u00fasculo de la Argentina, volvimos a tener a YPF y hoy el Estado nacional participa de las decisiones estrat\u00e9gicas en la administraci\u00f3n del gas y Vaca Muerta\u00bb, remarc\u00f3 De Pedro.<\/p>\n\n\n\n<p>Y agreg\u00f3: \u00abTenemos que tomar decisiones desde del Gobierno nacional y que YPF y las petroleras tributen en la Patagonia. Basta de atender en Buenos Aires y que todos los recursos tributen en CABA. Vamos a construir una Argentina un poco m\u00e1s justa\u00bb.<\/p>\n\n\n\n<p>A trav\u00e9s de la plataforma Zoom, Massa asegur\u00f3 que \u201ccon el desaf\u00edo de distribuir el ingreso, con la responsabilidad de apostar a la educaci\u00f3n p\u00fablica y con la tarea de industrializar el pa\u00eds de manera federal, debemos tener la capacidad de debatir entre nosotros, pero mostrando a los argentinos que firmamos un contrato de esperanza en 2019 y en el 2023 lo vamos a consolidar\u201d.<\/p>\n\n\n\n<p>\u201cDebemos tener la capacidad de debatir, pero entendiendo que el debate debe ser con altura y puertas adentro porque hoy tenemos la responsabilidad de gobernar y eso nos pone en la obligaci\u00f3n de cumplir con el contrato electoral que hicimos en el 2019, aunque hoy ya es otro mundo\u201d, destac\u00f3 el titular de Diputados.<\/p>\n\n\n\n<p>Ante cientos de militantes que colmaron el auditorio \u00c1ngel Bustelo de la ciudad de Mendoza, Kicillof tambi\u00e9n disert\u00f3 en forma virtual desde Buenos Aires sobre las tres banderas del justicialismo \u00abindependencia econ\u00f3mica, soberan\u00eda pol\u00edtica y justicia social\u00bb y la actualizaci\u00f3n de la doctrina del movimiento fundado por el expresidente Juan Domingo Per\u00f3n.<\/p>\n\n\n\n<p>\u201cCon la pandemia, si bien el mundo de 1945 cambi\u00f3 much\u00edsimo, la soberan\u00eda pol\u00edtica y la independencia econ\u00f3mica vuelve a aparecer con la importancia del concepto de producci\u00f3n local. Por eso, el concepto de independencia econ\u00f3mica est\u00e1 m\u00e1s vigente que nunca, aunque hay que tener en cuenta siempre la integraci\u00f3n con otros pa\u00edses del subcontinente\u201d, dijo en su discurso.<\/p>\n\n\n\n<p>Tras su ponencia y en medio de los aplausos de los militantes, el gobernador sanjuanino U\u00f1ac lanz\u00f3 una frase que grafic\u00f3 el clima que rein\u00f3 en el auditorio: \u201cEspero que esto sirva para construir el triunfo en el 2023 en todo el pa\u00eds\u201d.<\/p>\n<div class=\"sharedaddy sd-sharing-enabled\"><div class=\"robots-nocontent sd-block sd-social sd-social-icon sd-sharing\"><h3 class=\"sd-title\">Comparte esto:<\/h3><div class=\"sd-content\"><ul><li class=\"share-twitter\"><a rel=\"nofollow noopener noreferrer\" data-shared=\"sharing-twitter-32068\" class=\"share-twitter sd-button share-icon no-text\" href=\"http:\/\/www.rtvnoticias.com.ar\/?p=32068&amp;share=twitter\" target=\"_blank\" title=\"Haz clic para compartir en Twitter\"><span><\/span><span class=\"sharing-screen-reader-text\">Haz clic para compartir en Twitter (Se abre en una ventana nueva)<\/span><\/a><\/li><li class=\"share-facebook\"><a rel=\"nofollow noopener noreferrer\" data-shared=\"sharing-facebook-32068\" class=\"share-facebook sd-button share-icon no-text\" href=\"http:\/\/www.rtvnoticias.com.ar\/?p=32068&amp;share=facebook\" target=\"_blank\" title=\"Haz clic para compartir en Facebook\"><span><\/span><span class=\"sharing-screen-reader-text\">Haz clic para compartir en Facebook (Se abre en una ventana nueva)<\/span><\/a><\/li><li class=\"share-jetpack-whatsapp\"><a rel=\"nofollow noopener noreferrer\" data-shared=\"\" class=\"share-jetpack-whatsapp sd-button share-icon no-text\" href=\"http:\/\/www.rtvnoticias.com.ar\/?p=32068&amp;share=jetpack-whatsapp\" target=\"_blank\" title=\"Haz clic para compartir en WhatsApp\"><span><\/span><span class=\"sharing-screen-reader-text\">Haz clic para compartir en WhatsApp (Se abre en una ventana nueva)<\/span><\/a><\/li><li class=\"share-telegram\"><a rel=\"nofollow noopener noreferrer\" data-shared=\"\" class=\"share-telegram sd-button share-icon no-text\" href=\"http:\/\/www.rtvnoticias.com.ar\/?p=32068&amp;share=telegram\" target=\"_blank\" title=\"Haz clic para compartir en Telegram\"><span><\/span><span class=\"sharing-screen-reader-text\">Haz clic para compartir en Telegram (Se abre en una ventana nueva)<\/span><\/a><\/li><li class=\"share-end\"><\/li><\/ul><\/div><\/div><\/div>","protected":false},"excerpt":{"rendered":"<p>Estuvieron presentes Eduardo de Pedro, Sergio Massa, Axel Kicillof, Gabriel Katopodis, Juan Urtubey y los legisladores Juliana Di Tullio, Jos\u00e9 Mayans, Hugo Yasky. No estuvieron<\/p>\n<div class=\"sharedaddy sd-sharing-enabled\"><div class=\"robots-nocontent sd-block sd-social sd-social-icon sd-sharing\"><h3 class=\"sd-title\">Comparte esto:<\/h3><div class=\"sd-content\"><ul><li class=\"share-twitter\"><a rel=\"nofollow noopener noreferrer\" data-shared=\"sharing-twitter-32068\" class=\"share-twitter sd-button share-icon no-text\" href=\"http:\/\/www.rtvnoticias.com.ar\/?p=32068&amp;share=twitter\" target=\"_blank\" title=\"Haz clic para compartir en Twitter\"><span><\/span><span class=\"sharing-screen-reader-text\">Haz clic para compartir en Twitter (Se abre en una ventana nueva)<\/span><\/a><\/li><li class=\"share-facebook\"><a rel=\"nofollow noopener noreferrer\" data-shared=\"sharing-facebook-32068\" class=\"share-facebook sd-button share-icon no-text\" href=\"http:\/\/www.rtvnoticias.com.ar\/?p=32068&amp;share=facebook\" target=\"_blank\" title=\"Haz clic para compartir en Facebook\"><span><\/span><span class=\"sharing-screen-reader-text\">Haz clic para compartir en Facebook (Se abre en una ventana nueva)<\/span><\/a><\/li><li class=\"share-jetpack-whatsapp\"><a rel=\"nofollow noopener noreferrer\" data-shared=\"\" class=\"share-jetpack-whatsapp sd-button share-icon no-text\" href=\"http:\/\/www.rtvnoticias.com.ar\/?p=32068&amp;share=jetpack-whatsapp\" target=\"_blank\" title=\"Haz clic para compartir en WhatsApp\"><span><\/span><span class=\"sharing-screen-reader-text\">Haz clic para compartir en WhatsApp (Se abre en una ventana nueva)<\/span><\/a><\/li><li class=\"share-telegram\"><a rel=\"nofollow noopener noreferrer\" data-shared=\"\" class=\"share-telegram sd-button share-icon no-text\" href=\"http:\/\/www.rtvnoticias.com.ar\/?p=32068&amp;share=telegram\" target=\"_blank\" title=\"Haz clic para compartir en Telegram\"><span><\/span><span class=\"sharing-screen-reader-text\">Haz clic para compartir en Telegram (Se abre en una ventana nueva)<\/span><\/a><\/li><li class=\"share-end\"><\/li><\/ul><\/div><\/div><\/div>","protected":false},"author":7,"featured_media":32069,"comment_status":"closed","ping_status":"closed","sticky":false,"template":"","format":"standard","meta":{"spay_email":"","jetpack_publicize_message":"","jetpack_is_tweetstorm":false,"jetpack_publicize_feature_enabled":true},"categories":[1],"tags":[],"jetpack_featured_media_url":"http:\/\/www.rtvnoticias.com.ar\/wp-content\/uploads\/2022\/05\/FdT2.jpg","jetpack_publicize_connections":[],"jetpack_sharing_enabled":true,"_links":{"self":[{"href":"http:\/\/www.rtvnoticias.com.ar\/index.php?rest_route=\/wp\/v2\/posts\/32068"}],"collection":[{"href":"http:\/\/www.rtvnoticias.com.ar\/index.php?rest_route=\/wp\/v2\/posts"}],"about":[{"href":"http:\/\/www.rtvnoticias.com.ar\/index.php?rest_route=\/wp\/v2\/types\/post"}],"author":[{"embeddable":true,"href":"http:\/\/www.rtvnoticias.com.ar\/index.php?rest_route=\/wp\/v2\/users\/7"}],"replies":[{"embeddable":true,"href":"http:\/\/www.rtvnoticias.com.ar\/index.php?rest_route=%2Fwp%2Fv2%2Fcomments&post=32068"}],"version-history":[{"count":1,"href":"http:\/\/www.rtvnoticias.com.ar\/index.php?rest_route=\/wp\/v2\/posts\/32068\/revisions"}],"predecessor-version":[{"id":32071,"href":"http:\/\/www.rtvnoticias.com.ar\/index.php?rest_route=\/wp\/v2\/posts\/32068\/revisions\/32071"}],"wp:featuredmedia":[{"embeddable":true,"href":"http:\/\/www.rtvnoticias.com.ar\/index.php?rest_route=\/wp\/v2\/media\/32069"}],"wp:attachment":[{"href":"http:\/\/www.rtvnoticias.com.ar\/index.php?rest_route=%2Fwp%2Fv2%2Fmedia&parent=32068"}],"wp:term":[{"taxonomy":"category","embeddable":true,"href":"http:\/\/www.rtvnoticias.com.ar\/index.php?rest_route=%2Fwp%2Fv2%2Fcategories&post=32068"},{"taxonomy":"post_tag","embeddable":true,"href":"http:\/\/www.rtvnoticias.com.ar\/index.php?rest_route=%2Fwp%2Fv2%2Ftags&post=32068"}],"curies":[{"name":"wp","href":"https:\/\/api.w.org\/{rel}","templated":true}]}}