{"id":32072,"date":"2022-05-22T11:11:18","date_gmt":"2022-05-22T14:11:18","guid":{"rendered":"http:\/\/www.rtvnoticias.com.ar\/?p=32072"},"modified":"2022-05-22T11:11:20","modified_gmt":"2022-05-22T14:11:20","slug":"presentaron-acuerdo-federal-una-coalicion-de-partidos-provinciales-dentro-de-juntos-por-el-cambio","status":"publish","type":"post","link":"http:\/\/www.rtvnoticias.com.ar\/?p=32072","title":{"rendered":"Presentaron \u00abAcuerdo Federal\u00bb, una coalici\u00f3n de partidos provinciales dentro de Juntos por el Cambio"},"content":{"rendered":"\n<p class=\"has-text-align-center\"><strong>En el acto participaron Ricardo L\u00f3pez Murphy (Republicanos Unidos), Oscar Moscariello (Partido Dem\u00f3crata Progresista) y el vicegobernador de Corrientes, Pedro Braillard Poccard.<\/strong><\/p>\n\n\n\n<p>Con la mirada puesta en las elecciones presidenciales de 2023, Juntos por el Cambio lanz\u00f3 este s\u00e1bado \u00abAcuerdo Federal\u00bb, una confederaci\u00f3n de partidos provinciales para generar \u00abun espacio federal que ampl\u00ede y mejore la base\u00bb de la coalici\u00f3n opositora.<\/p>\n\n\n\n<p>El sello pol\u00edtico fue presentado este mediod\u00eda en el Hotel del Turismo de la provincia de Corrientes durante un acto del que participaron el diputado nacional Ricardo L\u00f3pez Murphy (Republicanos Unidos), el vicegobernador de Corrientes y exsenador nacional, Pedro Braillard Poccard (Partido Popular), y el dirigente Oscar Moscariello, del Partido Dem\u00f3crata Progresista.<\/p>\n\n\n\n<p>\u00abEl objetivo de esta confederaci\u00f3n ser\u00e1 el de abrir la puerta de fuerzas provinciales al mayor espacio de oposici\u00f3n nacional\u00bb, precisaron desde el espacio pol\u00edtico en un comunicado, y aclararon que busca \u00abconstituirse en usina de propuestas con mirada federal de pol\u00edticas identificadas con los valores e ideales republicanos y liberales\u00bb.<\/p>\n\n\n\n<p>En su discurso inaugural, L\u00f3pez Murphy afirm\u00f3 que es necesario \u00abconsolidar una gran coalici\u00f3n opositora, porque sin esto la reversi\u00f3n de la decadencia y de los problemas que ha sufrido Argentina es imposible\u00bb.<\/p>\n\n\n\n<p>\u00abVa nuestro compromiso de integrarnos, como lo hacemos ahora individualmente, en este caso como confederaci\u00f3n, a la gran coalici\u00f3n opositora. Va nuestro compromiso de influir fuertemente y de competir dentro de ella\u00bb, enfatiz\u00f3 el diputado nacional.<\/p>\n\n\n\n<p>Adem\u00e1s, el presidente de Republicanos Unidos plante\u00f3 la necesidad de que en las pr\u00f3ximas elecciones se logre \u00abun triunfo arrollador\u00bb, porque es lo que va a otorgar \u00abla fortaleza para recuperar y hacer las transformaciones que el pa\u00eds requiere\u00bb.<\/p>\n\n\n\n<p>\u00abNos sentimos muy confiados. Muy seguros que tenemos las ideas, los liderazgos, la historia y la reputaci\u00f3n para revertir este presente y para devolver el entusiasmo y la alegr\u00eda que nuestra ciudadan\u00eda necesita, sabiendo que hemos podido retomar esa senda de progreso y libertad que nunca debimos haber abandonado\u00bb, manifest\u00f3.<\/p>\n\n\n\n<p>Y complet\u00f3: \u00abCon este mensaje, con esta convicci\u00f3n. Con esta contundencia es que los queremos a invitar a los que hoy est\u00e1n como observadores a sumarse activamente. A los que todav\u00eda no est\u00e1n, a incorporarse, a ayudarnos en los foros a dise\u00f1ar el programa\u00bb.<\/p>\n\n\n\n<p>A su turno, Braillard Poccard precis\u00f3 que la intenci\u00f3n Acuerdo Federal es \u00abreivindicar el federalismo\u00bb y constituirse en \u00abuna puerta abierta para todos aquellos sectores que quieran sumarse\u00bb.<\/p>\n\n\n\n<p>\u00abCreemos que gran parte de la soluci\u00f3n de la Argentina pasa por revertir el centralismo que hoy se manifiesta en su peor expresi\u00f3n. La manera en que se distribuyen los recursos provenientes de la sociedad es posiblemente uno de los m\u00e1s inequitativos de la historia reciente de la Argentina\u00bb, puntualiz\u00f3.<\/p>\n\n\n\n<p>En ese marco, el vicegobernador de Corrientes detall\u00f3: \u00abLa idea es dejar sentadas las bases para la creaci\u00f3n de una Confederaci\u00f3n de Partidos, que es la figura que prev\u00e9 la Ley de Partidos Pol\u00edticos, dentro de Juntos por el Cambio y con vistas de tratar de acercar a todas aquellas fuerzas que existen a lo largo y a lo ancho del pa\u00eds que tienen una vocaci\u00f3n pol\u00edtica de participar e integrarse\u00bb.<\/p>\n\n\n\n<p>Por su parte, Oscar Moscariello aprovech\u00f3 la oportunidad par dejar en claro la pertenencia del nuevo espacio interprovincial a Juntos por el Cambio, pero aclar\u00f3 que se hace \u00aba partir de una postura con autocr\u00edtica\u00bb respecto del gobierno del expresidente Mauricio Macri.<\/p>\n\n\n\n<p>\u00abLa ciudadan\u00eda hab\u00eda depositado muchas esperanza y eso gener\u00f3 tambi\u00e9n mucha decepci\u00f3n en mucha gente\u00bb, expres\u00f3 el exembajador plenipotenciario de la Argentina ante la Rep\u00fablica Portuguesa.<\/p>\n\n\n\n<p>Los partidos que forman parte de Acuerdo Federal son: Partido Popular de Corrientes, Partido Liberal de Corrientes, Republicanos Unidos, SER de Entre R\u00edos, Partido Dem\u00f3crata Progresista, Partido Activar, Creo y MID.<\/p>\n<div class=\"sharedaddy sd-sharing-enabled\"><div class=\"robots-nocontent sd-block sd-social sd-social-icon sd-sharing\"><h3 class=\"sd-title\">Comparte esto:<\/h3><div class=\"sd-content\"><ul><li class=\"share-twitter\"><a rel=\"nofollow noopener noreferrer\" data-shared=\"sharing-twitter-32072\" class=\"share-twitter sd-button share-icon no-text\" href=\"http:\/\/www.rtvnoticias.com.ar\/?p=32072&amp;share=twitter\" target=\"_blank\" title=\"Haz clic para compartir en Twitter\"><span><\/span><span class=\"sharing-screen-reader-text\">Haz clic para compartir en Twitter (Se abre en una ventana nueva)<\/span><\/a><\/li><li class=\"share-facebook\"><a rel=\"nofollow noopener noreferrer\" data-shared=\"sharing-facebook-32072\" class=\"share-facebook sd-button share-icon no-text\" href=\"http:\/\/www.rtvnoticias.com.ar\/?p=32072&amp;share=facebook\" target=\"_blank\" title=\"Haz clic para compartir en Facebook\"><span><\/span><span class=\"sharing-screen-reader-text\">Haz clic para compartir en Facebook (Se abre en una ventana nueva)<\/span><\/a><\/li><li class=\"share-jetpack-whatsapp\"><a rel=\"nofollow noopener noreferrer\" data-shared=\"\" class=\"share-jetpack-whatsapp sd-button share-icon no-text\" href=\"http:\/\/www.rtvnoticias.com.ar\/?p=32072&amp;share=jetpack-whatsapp\" target=\"_blank\" title=\"Haz clic para compartir en WhatsApp\"><span><\/span><span class=\"sharing-screen-reader-text\">Haz clic para compartir en WhatsApp (Se abre en una ventana nueva)<\/span><\/a><\/li><li class=\"share-telegram\"><a rel=\"nofollow noopener noreferrer\" data-shared=\"\" class=\"share-telegram sd-button share-icon no-text\" href=\"http:\/\/www.rtvnoticias.com.ar\/?p=32072&amp;share=telegram\" target=\"_blank\" title=\"Haz clic para compartir en Telegram\"><span><\/span><span class=\"sharing-screen-reader-text\">Haz clic para compartir en Telegram (Se abre en una ventana nueva)<\/span><\/a><\/li><li class=\"share-end\"><\/li><\/ul><\/div><\/div><\/div>","protected":false},"excerpt":{"rendered":"<p>En el acto participaron Ricardo L\u00f3pez Murphy (Republicanos Unidos), Oscar Moscariello (Partido Dem\u00f3crata Progresista) y el vicegobernador de Corrientes, Pedro Braillard Poccard. Con la mirada<\/p>\n<div class=\"sharedaddy sd-sharing-enabled\"><div class=\"robots-nocontent sd-block sd-social sd-social-icon sd-sharing\"><h3 class=\"sd-title\">Comparte esto:<\/h3><div class=\"sd-content\"><ul><li class=\"share-twitter\"><a rel=\"nofollow noopener noreferrer\" data-shared=\"sharing-twitter-32072\" class=\"share-twitter sd-button share-icon no-text\" href=\"http:\/\/www.rtvnoticias.com.ar\/?p=32072&amp;share=twitter\" target=\"_blank\" title=\"Haz clic para compartir en Twitter\"><span><\/span><span class=\"sharing-screen-reader-text\">Haz clic para compartir en Twitter (Se abre en una ventana nueva)<\/span><\/a><\/li><li class=\"share-facebook\"><a rel=\"nofollow noopener noreferrer\" data-shared=\"sharing-facebook-32072\" class=\"share-facebook sd-button share-icon no-text\" href=\"http:\/\/www.rtvnoticias.com.ar\/?p=32072&amp;share=facebook\" target=\"_blank\" title=\"Haz clic para compartir en Facebook\"><span><\/span><span class=\"sharing-screen-reader-text\">Haz clic para compartir en Facebook (Se abre en una ventana nueva)<\/span><\/a><\/li><li class=\"share-jetpack-whatsapp\"><a rel=\"nofollow noopener noreferrer\" data-shared=\"\" class=\"share-jetpack-whatsapp sd-button share-icon no-text\" href=\"http:\/\/www.rtvnoticias.com.ar\/?p=32072&amp;share=jetpack-whatsapp\" target=\"_blank\" title=\"Haz clic para compartir en WhatsApp\"><span><\/span><span class=\"sharing-screen-reader-text\">Haz clic para compartir en WhatsApp (Se abre en una ventana nueva)<\/span><\/a><\/li><li class=\"share-telegram\"><a rel=\"nofollow noopener noreferrer\" data-shared=\"\" class=\"share-telegram sd-button share-icon no-text\" href=\"http:\/\/www.rtvnoticias.com.ar\/?p=32072&amp;share=telegram\" target=\"_blank\" title=\"Haz clic para compartir en Telegram\"><span><\/span><span class=\"sharing-screen-reader-text\">Haz clic para compartir en Telegram (Se abre en una ventana nueva)<\/span><\/a><\/li><li class=\"share-end\"><\/li><\/ul><\/div><\/div><\/div>","protected":false},"author":7,"featured_media":32073,"comment_status":"closed","ping_status":"closed","sticky":false,"template":"","format":"standard","meta":{"spay_email":"","jetpack_publicize_message":"","jetpack_is_tweetstorm":false,"jetpack_publicize_feature_enabled":true},"categories":[1],"tags":[],"jetpack_featured_media_url":"http:\/\/www.rtvnoticias.com.ar\/wp-content\/uploads\/2022\/05\/JxC.jpg","jetpack_publicize_connections":[],"jetpack_sharing_enabled":true,"_links":{"self":[{"href":"http:\/\/www.rtvnoticias.com.ar\/index.php?rest_route=\/wp\/v2\/posts\/32072"}],"collection":[{"href":"http:\/\/www.rtvnoticias.com.ar\/index.php?rest_route=\/wp\/v2\/posts"}],"about":[{"href":"http:\/\/www.rtvnoticias.com.ar\/index.php?rest_route=\/wp\/v2\/types\/post"}],"author":[{"embeddable":true,"href":"http:\/\/www.rtvnoticias.com.ar\/index.php?rest_route=\/wp\/v2\/users\/7"}],"replies":[{"embeddable":true,"href":"http:\/\/www.rtvnoticias.com.ar\/index.php?rest_route=%2Fwp%2Fv2%2Fcomments&post=32072"}],"version-history":[{"count":1,"href":"http:\/\/www.rtvnoticias.com.ar\/index.php?rest_route=\/wp\/v2\/posts\/32072\/revisions"}],"predecessor-version":[{"id":32074,"href":"http:\/\/www.rtvnoticias.com.ar\/index.php?rest_route=\/wp\/v2\/posts\/32072\/revisions\/32074"}],"wp:featuredmedia":[{"embeddable":true,"href":"http:\/\/www.rtvnoticias.com.ar\/index.php?rest_route=\/wp\/v2\/media\/32073"}],"wp:attachment":[{"href":"http:\/\/www.rtvnoticias.com.ar\/index.php?rest_route=%2Fwp%2Fv2%2Fmedia&parent=32072"}],"wp:term":[{"taxonomy":"category","embeddable":true,"href":"http:\/\/www.rtvnoticias.com.ar\/index.php?rest_route=%2Fwp%2Fv2%2Fcategories&post=32072"},{"taxonomy":"post_tag","embeddable":true,"href":"http:\/\/www.rtvnoticias.com.ar\/index.php?rest_route=%2Fwp%2Fv2%2Ftags&post=32072"}],"curies":[{"name":"wp","href":"https:\/\/api.w.org\/{rel}","templated":true}]}}