{"id":32092,"date":"2022-05-23T17:56:54","date_gmt":"2022-05-23T20:56:54","guid":{"rendered":"http:\/\/www.rtvnoticias.com.ar\/?p=32092"},"modified":"2022-05-23T17:56:57","modified_gmt":"2022-05-23T20:56:57","slug":"roberto-feletti-renuncio-a-la-secretaria-de-comercio-y-lo-reemplazara-guillermo-hang","status":"publish","type":"post","link":"http:\/\/www.rtvnoticias.com.ar\/?p=32092","title":{"rendered":"Roberto Feletti renunci\u00f3 a la Secretar\u00eda de Comercio y lo reemplazar\u00e1 Guillermo Hang"},"content":{"rendered":"\n<p class=\"has-text-align-center\"><strong>Present\u00f3 su renuncia al cargo en una nota enviada al ministro de Econom\u00eda, Mart\u00edn Guzm\u00e1n. En su reemplazo asumir\u00e1 Guillermo Hang, director del Banco Central.<\/strong><\/p>\n\n\n\n<p>El secretario de Comercio Interior, Roberto Feletti, present\u00f3 este lunes su renuncia \u201cindeclinable\u201d al cargo y ser\u00e1 reemplazado por el actual director del Banco Central Guillermo Hang, confirmaron fuentes oficiales.<\/p>\n\n\n\n<p>Hang, con una larga trayectoria en la funci\u00f3n p\u00fablica, se desempe\u00f1\u00f3 en diferentes \u00e1reas del Ministerio de Econom\u00eda entre 2008 y 2015 y desde el inicio de la gesti\u00f3n del actual gobierno es miembro del directorio del Banco Central.<\/p>\n\n\n\n<p>La designaci\u00f3n de Hang se conoci\u00f3 luego de que Feletti comunicar\u00e1 su renuncia al frente de la Secretario de Comercio Interior.<\/p>\n\n\n\n<p>\u201cLa actitud m\u00e1s razonable y profesional de mi parte es facilitar que el ministro Mart\u00edn Guzm\u00e1n tenga libertad para seleccionar funcionarios y funcionarias que compartan el rumbo definido y el programa fijado\u201d, subray\u00f3 Feletti en una carta que public\u00f3 en su cuenta de Twitter.<\/p>\n\n\n\n<p>La carta con la renuncia \u201cindeclinable\u201d fue enviada al presidente Alberto Fern\u00e1ndez.<\/p>\n\n\n\n<p>En esa nota record\u00f3 que asumi\u00f3 el cargo el 12 de octubre pasado, en reemplazo de Paula Espa\u00f1ol.<\/p>\n\n\n\n<p>Feletti destac\u00f3 que el traspaso de la Secretaria de Comercio desde el Ministerio de Desarrollo Productivo, que dirige Mar\u00edas Kulfas, hacia la cartera de Econom\u00eda, decidida la semana pasada, \u201cabre una nueva etapa, en la que este \u00faltimo se har\u00e1 cargo. de la pol\u00edtica econ\u00f3mica de manera integral, incorporando a su \u00f3rbita la pol\u00edtica de precios y dem\u00e1s misiones y funciones atinentes a la Secretar\u00eda que encabec\u00e9 hasta aqu\u00ed\u201d.<\/p>\n\n\n\n<p>\u201cEn ese sentido, considero que la actitud m\u00e1s razonable y profesional de mi parte es facilitar que el ministro Martin Guzm\u00e1n tenga libertad para seleccionar funcionarios y funcionarias que compartan el rumbo definido y el programa fijado\u201d, sostuvo el funcionario saliente.<\/p>\n\n\n\n<p>En su carta, Feletti dijo que su trayectoria en la funci\u00f3n p\u00fablica \u201cha estado marcada por la coherencia y el convencimiento en torno a las pol\u00edticas que he aplicado y defendido desde los distintos lugares que tuve la responsabilidad de administrar\u201d.<\/p>\n\n\n\n<p>\u201cJam\u00e1s prioric\u00e9 el ejercicio de un cargo o mi inter\u00e9s personal por sobre las convicciones pol\u00edticas, y esta no ser\u00e1 la excepci\u00f3n\u201d, a\u00f1adi\u00f3.<\/p>\n\n\n\n<p>Fuentes oficiales se\u00f1alaron que Feletti anticip\u00f3 su renuncia en base a los argumentos se\u00f1alados en su carta.<\/p>\n<div class=\"sharedaddy sd-sharing-enabled\"><div class=\"robots-nocontent sd-block sd-social sd-social-icon sd-sharing\"><h3 class=\"sd-title\">Comparte esto:<\/h3><div class=\"sd-content\"><ul><li class=\"share-twitter\"><a rel=\"nofollow noopener noreferrer\" data-shared=\"sharing-twitter-32092\" class=\"share-twitter sd-button share-icon no-text\" href=\"http:\/\/www.rtvnoticias.com.ar\/?p=32092&amp;share=twitter\" target=\"_blank\" title=\"Haz clic para compartir en Twitter\"><span><\/span><span class=\"sharing-screen-reader-text\">Haz clic para compartir en Twitter (Se abre en una ventana nueva)<\/span><\/a><\/li><li class=\"share-facebook\"><a rel=\"nofollow noopener noreferrer\" data-shared=\"sharing-facebook-32092\" class=\"share-facebook sd-button share-icon no-text\" href=\"http:\/\/www.rtvnoticias.com.ar\/?p=32092&amp;share=facebook\" target=\"_blank\" title=\"Haz clic para compartir en Facebook\"><span><\/span><span class=\"sharing-screen-reader-text\">Haz clic para compartir en Facebook (Se abre en una ventana nueva)<\/span><\/a><\/li><li class=\"share-jetpack-whatsapp\"><a rel=\"nofollow noopener noreferrer\" data-shared=\"\" class=\"share-jetpack-whatsapp sd-button share-icon no-text\" href=\"http:\/\/www.rtvnoticias.com.ar\/?p=32092&amp;share=jetpack-whatsapp\" target=\"_blank\" title=\"Haz clic para compartir en WhatsApp\"><span><\/span><span class=\"sharing-screen-reader-text\">Haz clic para compartir en WhatsApp (Se abre en una ventana nueva)<\/span><\/a><\/li><li class=\"share-telegram\"><a rel=\"nofollow noopener noreferrer\" data-shared=\"\" class=\"share-telegram sd-button share-icon no-text\" href=\"http:\/\/www.rtvnoticias.com.ar\/?p=32092&amp;share=telegram\" target=\"_blank\" title=\"Haz clic para compartir en Telegram\"><span><\/span><span class=\"sharing-screen-reader-text\">Haz clic para compartir en Telegram (Se abre en una ventana nueva)<\/span><\/a><\/li><li class=\"share-end\"><\/li><\/ul><\/div><\/div><\/div>","protected":false},"excerpt":{"rendered":"<p>Present\u00f3 su renuncia al cargo en una nota enviada al ministro de Econom\u00eda, Mart\u00edn Guzm\u00e1n. En su reemplazo asumir\u00e1 Guillermo Hang, director del Banco Central.<\/p>\n<div class=\"sharedaddy sd-sharing-enabled\"><div class=\"robots-nocontent sd-block sd-social sd-social-icon sd-sharing\"><h3 class=\"sd-title\">Comparte esto:<\/h3><div class=\"sd-content\"><ul><li class=\"share-twitter\"><a rel=\"nofollow noopener noreferrer\" data-shared=\"sharing-twitter-32092\" class=\"share-twitter sd-button share-icon no-text\" href=\"http:\/\/www.rtvnoticias.com.ar\/?p=32092&amp;share=twitter\" target=\"_blank\" title=\"Haz clic para compartir en Twitter\"><span><\/span><span class=\"sharing-screen-reader-text\">Haz clic para compartir en Twitter (Se abre en una ventana nueva)<\/span><\/a><\/li><li class=\"share-facebook\"><a rel=\"nofollow noopener noreferrer\" data-shared=\"sharing-facebook-32092\" class=\"share-facebook sd-button share-icon no-text\" href=\"http:\/\/www.rtvnoticias.com.ar\/?p=32092&amp;share=facebook\" target=\"_blank\" title=\"Haz clic para compartir en Facebook\"><span><\/span><span class=\"sharing-screen-reader-text\">Haz clic para compartir en Facebook (Se abre en una ventana nueva)<\/span><\/a><\/li><li class=\"share-jetpack-whatsapp\"><a rel=\"nofollow noopener noreferrer\" data-shared=\"\" class=\"share-jetpack-whatsapp sd-button share-icon no-text\" href=\"http:\/\/www.rtvnoticias.com.ar\/?p=32092&amp;share=jetpack-whatsapp\" target=\"_blank\" title=\"Haz clic para compartir en WhatsApp\"><span><\/span><span class=\"sharing-screen-reader-text\">Haz clic para compartir en WhatsApp (Se abre en una ventana nueva)<\/span><\/a><\/li><li class=\"share-telegram\"><a rel=\"nofollow noopener noreferrer\" data-shared=\"\" class=\"share-telegram sd-button share-icon no-text\" href=\"http:\/\/www.rtvnoticias.com.ar\/?p=32092&amp;share=telegram\" target=\"_blank\" title=\"Haz clic para compartir en Telegram\"><span><\/span><span class=\"sharing-screen-reader-text\">Haz clic para compartir en Telegram (Se abre en una ventana nueva)<\/span><\/a><\/li><li class=\"share-end\"><\/li><\/ul><\/div><\/div><\/div>","protected":false},"author":7,"featured_media":32093,"comment_status":"closed","ping_status":"closed","sticky":false,"template":"","format":"standard","meta":{"spay_email":"","jetpack_publicize_message":"","jetpack_is_tweetstorm":false,"jetpack_publicize_feature_enabled":true},"categories":[1],"tags":[],"jetpack_featured_media_url":"http:\/\/www.rtvnoticias.com.ar\/wp-content\/uploads\/2022\/05\/hang-guzman.jpg","jetpack_publicize_connections":[],"jetpack_sharing_enabled":true,"_links":{"self":[{"href":"http:\/\/www.rtvnoticias.com.ar\/index.php?rest_route=\/wp\/v2\/posts\/32092"}],"collection":[{"href":"http:\/\/www.rtvnoticias.com.ar\/index.php?rest_route=\/wp\/v2\/posts"}],"about":[{"href":"http:\/\/www.rtvnoticias.com.ar\/index.php?rest_route=\/wp\/v2\/types\/post"}],"author":[{"embeddable":true,"href":"http:\/\/www.rtvnoticias.com.ar\/index.php?rest_route=\/wp\/v2\/users\/7"}],"replies":[{"embeddable":true,"href":"http:\/\/www.rtvnoticias.com.ar\/index.php?rest_route=%2Fwp%2Fv2%2Fcomments&post=32092"}],"version-history":[{"count":1,"href":"http:\/\/www.rtvnoticias.com.ar\/index.php?rest_route=\/wp\/v2\/posts\/32092\/revisions"}],"predecessor-version":[{"id":32094,"href":"http:\/\/www.rtvnoticias.com.ar\/index.php?rest_route=\/wp\/v2\/posts\/32092\/revisions\/32094"}],"wp:featuredmedia":[{"embeddable":true,"href":"http:\/\/www.rtvnoticias.com.ar\/index.php?rest_route=\/wp\/v2\/media\/32093"}],"wp:attachment":[{"href":"http:\/\/www.rtvnoticias.com.ar\/index.php?rest_route=%2Fwp%2Fv2%2Fmedia&parent=32092"}],"wp:term":[{"taxonomy":"category","embeddable":true,"href":"http:\/\/www.rtvnoticias.com.ar\/index.php?rest_route=%2Fwp%2Fv2%2Fcategories&post=32092"},{"taxonomy":"post_tag","embeddable":true,"href":"http:\/\/www.rtvnoticias.com.ar\/index.php?rest_route=%2Fwp%2Fv2%2Ftags&post=32092"}],"curies":[{"name":"wp","href":"https:\/\/api.w.org\/{rel}","templated":true}]}}