{"id":32095,"date":"2022-05-24T10:48:04","date_gmt":"2022-05-24T13:48:04","guid":{"rendered":"http:\/\/www.rtvnoticias.com.ar\/?p=32095"},"modified":"2022-05-24T10:48:08","modified_gmt":"2022-05-24T13:48:08","slug":"berni-sin-filtro-contra-el-presidente-el-que-trajo-al-borracho-que-se-lo-lleve","status":"publish","type":"post","link":"http:\/\/www.rtvnoticias.com.ar\/?p=32095","title":{"rendered":"Berni, sin filtro contra el Presidente: \u201cEl que trajo al borracho que se lo lleve\u201d"},"content":{"rendered":"\n<p>El fuego interno contra Alberto Fern\u00e1ndez no cesa. El ministro de seguridad bonaerense volvi\u00f3 a embestirlo con otra dur\u00edsima cr\u00edtica a su gesti\u00f3n y su particular llegada al poder.<\/p>\n\n\n\n<p>Ya como lo viene mostrando en sus \u00faltimas apariciones p\u00fablicas, el ministro de Seguridad bonaerense Sergio Berni, ya no tiene filtro a la hora de criticar la gesti\u00f3n de Alberto Fern\u00e1ndez. En esta \u00faltima oportunidad, aprovech\u00f3 una entrevista televisiva para disparar contra el presidente y tambi\u00e9n responsabiliz\u00f3 a Cristina Kirchner de haberlo elegido para el puesto y ser quien caus\u00f3 el presente del pa\u00eds.<\/p>\n\n\n\n<p>\u00abEl que trajo al borracho que se lo lleve\u00bb, desliz\u00f3 el funcionario en una particular analog\u00eda con la f\u00f3rmula gobernante y destac\u00f3 que la vicepresidenta es \u00abla \u00fanica que tiene capacidad de conducci\u00f3n\u00bb dentro del espacio oficialista.<\/p>\n\n\n\n<p>Con estas declaraciones, Berni dej\u00f3 en claro que su v\u00ednculo con el jefe de Estado ya est\u00e1 acabado, aunque tampoco tiene la mejor relaci\u00f3n con el otro sector de la interna. \u00abMe fui del kirchnerismo antes de las elecciones. No hablo con ella desde ese entonces. Tengo respeto y admiraci\u00f3n pero est\u00e1 conformaci\u00f3n del Frente de Todos no me gusta, hicieron un merengue. Ellos dos tienen que arreglar este problema\u00bb, record\u00f3.<\/p>\n\n\n\n<p>Esto no fue todo para el ministro de seguridad bonaerense porque se tom\u00f3 un espacio para criticar y cuestionar directamente contra el mandatario. \u00abEl propio presidente dijo que no era peronista sino que es socialdem\u00f3crata. Este modelo est\u00e1 carente de doctrina peronista, hay que volver a lo b\u00e1sico. Me acuerdo cuando Cristina lo nombr\u00f3 a Alberto como candidato a presidente que sent\u00ed que se ven\u00eda el Big Bang\u00bb.<\/p>\n\n\n\n<p>Berni es uno de los hombres m\u00e1s f\u00e9rreos del Gobierno de Axel Kicillof y de cara a las elecciones 2023 se desconoce que ser\u00e1 de su futuro pol\u00edtico. Para sorpresa de todos, el funcionario reconoci\u00f3 que est\u00e1 dispuesto a unirse a cualquier partido, incluso el de Mauricio Macri.<\/p>\n\n\n\n<p>\u00abYo me siento en cualquier mesa en la que sepan a quien poner, no a quien sacar. Por m\u00e1s que sean peronistas o no. Yo creo que todos nosotros nos tenemos que despojar de las cuestiones personales ya sea Bullrich o Macri no tengo problemas\u00bb, admiti\u00f3 el ministro, quien ya empez\u00f3 con su campa\u00f1a para el a\u00f1o entrante.<\/p>\n<div class=\"sharedaddy sd-sharing-enabled\"><div class=\"robots-nocontent sd-block sd-social sd-social-icon sd-sharing\"><h3 class=\"sd-title\">Comparte esto:<\/h3><div class=\"sd-content\"><ul><li class=\"share-twitter\"><a rel=\"nofollow noopener noreferrer\" data-shared=\"sharing-twitter-32095\" class=\"share-twitter sd-button share-icon no-text\" href=\"http:\/\/www.rtvnoticias.com.ar\/?p=32095&amp;share=twitter\" target=\"_blank\" title=\"Haz clic para compartir en Twitter\"><span><\/span><span class=\"sharing-screen-reader-text\">Haz clic para compartir en Twitter (Se abre en una ventana nueva)<\/span><\/a><\/li><li class=\"share-facebook\"><a rel=\"nofollow noopener noreferrer\" data-shared=\"sharing-facebook-32095\" class=\"share-facebook sd-button share-icon no-text\" href=\"http:\/\/www.rtvnoticias.com.ar\/?p=32095&amp;share=facebook\" target=\"_blank\" title=\"Haz clic para compartir en Facebook\"><span><\/span><span class=\"sharing-screen-reader-text\">Haz clic para compartir en Facebook (Se abre en una ventana nueva)<\/span><\/a><\/li><li class=\"share-jetpack-whatsapp\"><a rel=\"nofollow noopener noreferrer\" data-shared=\"\" class=\"share-jetpack-whatsapp sd-button share-icon no-text\" href=\"http:\/\/www.rtvnoticias.com.ar\/?p=32095&amp;share=jetpack-whatsapp\" target=\"_blank\" title=\"Haz clic para compartir en WhatsApp\"><span><\/span><span class=\"sharing-screen-reader-text\">Haz clic para compartir en WhatsApp (Se abre en una ventana nueva)<\/span><\/a><\/li><li class=\"share-telegram\"><a rel=\"nofollow noopener noreferrer\" data-shared=\"\" class=\"share-telegram sd-button share-icon no-text\" href=\"http:\/\/www.rtvnoticias.com.ar\/?p=32095&amp;share=telegram\" target=\"_blank\" title=\"Haz clic para compartir en Telegram\"><span><\/span><span class=\"sharing-screen-reader-text\">Haz clic para compartir en Telegram (Se abre en una ventana nueva)<\/span><\/a><\/li><li class=\"share-end\"><\/li><\/ul><\/div><\/div><\/div>","protected":false},"excerpt":{"rendered":"<p>El fuego interno contra Alberto Fern\u00e1ndez no cesa. El ministro de seguridad bonaerense volvi\u00f3 a embestirlo con otra dur\u00edsima cr\u00edtica a su gesti\u00f3n y su<\/p>\n<div class=\"sharedaddy sd-sharing-enabled\"><div class=\"robots-nocontent sd-block sd-social sd-social-icon sd-sharing\"><h3 class=\"sd-title\">Comparte esto:<\/h3><div class=\"sd-content\"><ul><li class=\"share-twitter\"><a rel=\"nofollow noopener noreferrer\" data-shared=\"sharing-twitter-32095\" class=\"share-twitter sd-button share-icon no-text\" href=\"http:\/\/www.rtvnoticias.com.ar\/?p=32095&amp;share=twitter\" target=\"_blank\" title=\"Haz clic para compartir en Twitter\"><span><\/span><span class=\"sharing-screen-reader-text\">Haz clic para compartir en Twitter (Se abre en una ventana nueva)<\/span><\/a><\/li><li class=\"share-facebook\"><a rel=\"nofollow noopener noreferrer\" data-shared=\"sharing-facebook-32095\" class=\"share-facebook sd-button share-icon no-text\" href=\"http:\/\/www.rtvnoticias.com.ar\/?p=32095&amp;share=facebook\" target=\"_blank\" title=\"Haz clic para compartir en Facebook\"><span><\/span><span class=\"sharing-screen-reader-text\">Haz clic para compartir en Facebook (Se abre en una ventana nueva)<\/span><\/a><\/li><li class=\"share-jetpack-whatsapp\"><a rel=\"nofollow noopener noreferrer\" data-shared=\"\" class=\"share-jetpack-whatsapp sd-button share-icon no-text\" href=\"http:\/\/www.rtvnoticias.com.ar\/?p=32095&amp;share=jetpack-whatsapp\" target=\"_blank\" title=\"Haz clic para compartir en WhatsApp\"><span><\/span><span class=\"sharing-screen-reader-text\">Haz clic para compartir en WhatsApp (Se abre en una ventana nueva)<\/span><\/a><\/li><li class=\"share-telegram\"><a rel=\"nofollow noopener noreferrer\" data-shared=\"\" class=\"share-telegram sd-button share-icon no-text\" href=\"http:\/\/www.rtvnoticias.com.ar\/?p=32095&amp;share=telegram\" target=\"_blank\" title=\"Haz clic para compartir en Telegram\"><span><\/span><span class=\"sharing-screen-reader-text\">Haz clic para compartir en Telegram (Se abre en una ventana nueva)<\/span><\/a><\/li><li class=\"share-end\"><\/li><\/ul><\/div><\/div><\/div>","protected":false},"author":7,"featured_media":17542,"comment_status":"closed","ping_status":"closed","sticky":false,"template":"","format":"standard","meta":{"spay_email":"","jetpack_publicize_message":"","jetpack_is_tweetstorm":false,"jetpack_publicize_feature_enabled":true},"categories":[1],"tags":[],"jetpack_featured_media_url":"http:\/\/www.rtvnoticias.com.ar\/wp-content\/uploads\/2019\/12\/berni.jpg","jetpack_publicize_connections":[],"jetpack_sharing_enabled":true,"_links":{"self":[{"href":"http:\/\/www.rtvnoticias.com.ar\/index.php?rest_route=\/wp\/v2\/posts\/32095"}],"collection":[{"href":"http:\/\/www.rtvnoticias.com.ar\/index.php?rest_route=\/wp\/v2\/posts"}],"about":[{"href":"http:\/\/www.rtvnoticias.com.ar\/index.php?rest_route=\/wp\/v2\/types\/post"}],"author":[{"embeddable":true,"href":"http:\/\/www.rtvnoticias.com.ar\/index.php?rest_route=\/wp\/v2\/users\/7"}],"replies":[{"embeddable":true,"href":"http:\/\/www.rtvnoticias.com.ar\/index.php?rest_route=%2Fwp%2Fv2%2Fcomments&post=32095"}],"version-history":[{"count":1,"href":"http:\/\/www.rtvnoticias.com.ar\/index.php?rest_route=\/wp\/v2\/posts\/32095\/revisions"}],"predecessor-version":[{"id":32096,"href":"http:\/\/www.rtvnoticias.com.ar\/index.php?rest_route=\/wp\/v2\/posts\/32095\/revisions\/32096"}],"wp:featuredmedia":[{"embeddable":true,"href":"http:\/\/www.rtvnoticias.com.ar\/index.php?rest_route=\/wp\/v2\/media\/17542"}],"wp:attachment":[{"href":"http:\/\/www.rtvnoticias.com.ar\/index.php?rest_route=%2Fwp%2Fv2%2Fmedia&parent=32095"}],"wp:term":[{"taxonomy":"category","embeddable":true,"href":"http:\/\/www.rtvnoticias.com.ar\/index.php?rest_route=%2Fwp%2Fv2%2Fcategories&post=32095"},{"taxonomy":"post_tag","embeddable":true,"href":"http:\/\/www.rtvnoticias.com.ar\/index.php?rest_route=%2Fwp%2Fv2%2Ftags&post=32095"}],"curies":[{"name":"wp","href":"https:\/\/api.w.org\/{rel}","templated":true}]}}