{"id":32097,"date":"2022-05-24T10:56:38","date_gmt":"2022-05-24T13:56:38","guid":{"rendered":"http:\/\/www.rtvnoticias.com.ar\/?p=32097"},"modified":"2022-05-24T10:56:40","modified_gmt":"2022-05-24T13:56:40","slug":"argentina-participara-de-la-cumbre-del-g7-en-alemania","status":"publish","type":"post","link":"http:\/\/www.rtvnoticias.com.ar\/?p=32097","title":{"rendered":"Argentina participar\u00e1 de la cumbre del G7 en Alemania"},"content":{"rendered":"\n<p>El presidente Alberto Fern\u00e1ndez ser\u00e1 el \u00fanico mandatario latinoamericano que participar\u00e1 en la cumbre del G-7 que se realizar\u00e1 el pr\u00f3ximo 27 de junio en Baviera, Alemania, merced a una invitaci\u00f3n cursada por el canciller de ese pa\u00eds, Olaf Scholz, seg\u00fan confirmaron fuentes de Canciller\u00eda.<\/p>\n\n\n\n<p>Durante la reciente gira que Fern\u00e1ndez realiz\u00f3 por Europa y que lo llev\u00f3 tambi\u00e9n a Alemania, Scholz hab\u00eda calificado a la Argentina como \u00abcomo pa\u00eds socio del G-7 durante la Presidencia de Alemania\u00bb para poder discutir \u00abcon jefes de estado y de gobierno seleccionados y l\u00edderes de organizaciones internacionales qu\u00e9 pasos espec\u00edficos se pueden tomar para fortalecer la cooperaci\u00f3n multilateral\u00bb.<\/p>\n\n\n\n<p>Voceros del Palacio San Mart\u00edn indicaron que esta invitaci\u00f3n es \u00abel primer resultado concreto\u00bb de la visita que el jefe de Estado llev\u00f3 a cabo en la naci\u00f3n germana el pasado 11 de mayo.<\/p>\n\n\n\n<p>Desde ese espacio, tiene el objetivo de que bajo su liderazgo \u00abse logre enviar una se\u00f1al fuerte en apoyo de la responsabilidad internacional y desarrollar respuestas espec\u00edficas a los desaf\u00edos globales\u00bb, indicaron fuentes oficiales.<\/p>\n\n\n\n<p>Argentina ser\u00e1 el quinto pa\u00eds invitado en participar en la cumbre del G-7 en Schloss Elmau, en Bavaria, a fines de junio, un encuentro al que tambi\u00e9n asistir\u00e1n delegaciones de otras naciones emergentes como India, Indonesia, Sud\u00e1frica y Senegal, en las cuales est\u00e1 vigente la democracia como sistema de gobierno.<\/p>\n\n\n\n<p>Indonesia tiene actualmente la Presidencia del G20 e India tiene una asociaci\u00f3n estrecha con Alemania que se reflej\u00f3 en una reciente visita que el primer ministro Narendra Damodardas Modi realiz\u00f3 a Berlin.<\/p>\n\n\n\n<p>En tanto Senegal preside la Uni\u00f3n Africana; Sud\u00e1frica integra el G20 y Argentina ejerce la residencia pro tempore de la Celac.<\/p>\n<div class=\"sharedaddy sd-sharing-enabled\"><div class=\"robots-nocontent sd-block sd-social sd-social-icon sd-sharing\"><h3 class=\"sd-title\">Comparte esto:<\/h3><div class=\"sd-content\"><ul><li class=\"share-twitter\"><a rel=\"nofollow noopener noreferrer\" data-shared=\"sharing-twitter-32097\" class=\"share-twitter sd-button share-icon no-text\" href=\"http:\/\/www.rtvnoticias.com.ar\/?p=32097&amp;share=twitter\" target=\"_blank\" title=\"Haz clic para compartir en Twitter\"><span><\/span><span class=\"sharing-screen-reader-text\">Haz clic para compartir en Twitter (Se abre en una ventana nueva)<\/span><\/a><\/li><li class=\"share-facebook\"><a rel=\"nofollow noopener noreferrer\" data-shared=\"sharing-facebook-32097\" class=\"share-facebook sd-button share-icon no-text\" href=\"http:\/\/www.rtvnoticias.com.ar\/?p=32097&amp;share=facebook\" target=\"_blank\" title=\"Haz clic para compartir en Facebook\"><span><\/span><span class=\"sharing-screen-reader-text\">Haz clic para compartir en Facebook (Se abre en una ventana nueva)<\/span><\/a><\/li><li class=\"share-jetpack-whatsapp\"><a rel=\"nofollow noopener noreferrer\" data-shared=\"\" class=\"share-jetpack-whatsapp sd-button share-icon no-text\" href=\"http:\/\/www.rtvnoticias.com.ar\/?p=32097&amp;share=jetpack-whatsapp\" target=\"_blank\" title=\"Haz clic para compartir en WhatsApp\"><span><\/span><span class=\"sharing-screen-reader-text\">Haz clic para compartir en WhatsApp (Se abre en una ventana nueva)<\/span><\/a><\/li><li class=\"share-telegram\"><a rel=\"nofollow noopener noreferrer\" data-shared=\"\" class=\"share-telegram sd-button share-icon no-text\" href=\"http:\/\/www.rtvnoticias.com.ar\/?p=32097&amp;share=telegram\" target=\"_blank\" title=\"Haz clic para compartir en Telegram\"><span><\/span><span class=\"sharing-screen-reader-text\">Haz clic para compartir en Telegram (Se abre en una ventana nueva)<\/span><\/a><\/li><li class=\"share-end\"><\/li><\/ul><\/div><\/div><\/div>","protected":false},"excerpt":{"rendered":"<p>El presidente Alberto Fern\u00e1ndez ser\u00e1 el \u00fanico mandatario latinoamericano que participar\u00e1 en la cumbre del G-7 que se realizar\u00e1 el pr\u00f3ximo 27 de junio en<\/p>\n<div class=\"sharedaddy sd-sharing-enabled\"><div class=\"robots-nocontent sd-block sd-social sd-social-icon sd-sharing\"><h3 class=\"sd-title\">Comparte esto:<\/h3><div class=\"sd-content\"><ul><li class=\"share-twitter\"><a rel=\"nofollow noopener noreferrer\" data-shared=\"sharing-twitter-32097\" class=\"share-twitter sd-button share-icon no-text\" href=\"http:\/\/www.rtvnoticias.com.ar\/?p=32097&amp;share=twitter\" target=\"_blank\" title=\"Haz clic para compartir en Twitter\"><span><\/span><span class=\"sharing-screen-reader-text\">Haz clic para compartir en Twitter (Se abre en una ventana nueva)<\/span><\/a><\/li><li class=\"share-facebook\"><a rel=\"nofollow noopener noreferrer\" data-shared=\"sharing-facebook-32097\" class=\"share-facebook sd-button share-icon no-text\" href=\"http:\/\/www.rtvnoticias.com.ar\/?p=32097&amp;share=facebook\" target=\"_blank\" title=\"Haz clic para compartir en Facebook\"><span><\/span><span class=\"sharing-screen-reader-text\">Haz clic para compartir en Facebook (Se abre en una ventana nueva)<\/span><\/a><\/li><li class=\"share-jetpack-whatsapp\"><a rel=\"nofollow noopener noreferrer\" data-shared=\"\" class=\"share-jetpack-whatsapp sd-button share-icon no-text\" href=\"http:\/\/www.rtvnoticias.com.ar\/?p=32097&amp;share=jetpack-whatsapp\" target=\"_blank\" title=\"Haz clic para compartir en WhatsApp\"><span><\/span><span class=\"sharing-screen-reader-text\">Haz clic para compartir en WhatsApp (Se abre en una ventana nueva)<\/span><\/a><\/li><li class=\"share-telegram\"><a rel=\"nofollow noopener noreferrer\" data-shared=\"\" class=\"share-telegram sd-button share-icon no-text\" href=\"http:\/\/www.rtvnoticias.com.ar\/?p=32097&amp;share=telegram\" target=\"_blank\" title=\"Haz clic para compartir en Telegram\"><span><\/span><span class=\"sharing-screen-reader-text\">Haz clic para compartir en Telegram (Se abre en una ventana nueva)<\/span><\/a><\/li><li class=\"share-end\"><\/li><\/ul><\/div><\/div><\/div>","protected":false},"author":7,"featured_media":32098,"comment_status":"closed","ping_status":"closed","sticky":false,"template":"","format":"standard","meta":{"spay_email":"","jetpack_publicize_message":"","jetpack_is_tweetstorm":false,"jetpack_publicize_feature_enabled":true},"categories":[1],"tags":[],"jetpack_featured_media_url":"http:\/\/www.rtvnoticias.com.ar\/wp-content\/uploads\/2022\/05\/af-g7.jpg","jetpack_publicize_connections":[],"jetpack_sharing_enabled":true,"_links":{"self":[{"href":"http:\/\/www.rtvnoticias.com.ar\/index.php?rest_route=\/wp\/v2\/posts\/32097"}],"collection":[{"href":"http:\/\/www.rtvnoticias.com.ar\/index.php?rest_route=\/wp\/v2\/posts"}],"about":[{"href":"http:\/\/www.rtvnoticias.com.ar\/index.php?rest_route=\/wp\/v2\/types\/post"}],"author":[{"embeddable":true,"href":"http:\/\/www.rtvnoticias.com.ar\/index.php?rest_route=\/wp\/v2\/users\/7"}],"replies":[{"embeddable":true,"href":"http:\/\/www.rtvnoticias.com.ar\/index.php?rest_route=%2Fwp%2Fv2%2Fcomments&post=32097"}],"version-history":[{"count":1,"href":"http:\/\/www.rtvnoticias.com.ar\/index.php?rest_route=\/wp\/v2\/posts\/32097\/revisions"}],"predecessor-version":[{"id":32099,"href":"http:\/\/www.rtvnoticias.com.ar\/index.php?rest_route=\/wp\/v2\/posts\/32097\/revisions\/32099"}],"wp:featuredmedia":[{"embeddable":true,"href":"http:\/\/www.rtvnoticias.com.ar\/index.php?rest_route=\/wp\/v2\/media\/32098"}],"wp:attachment":[{"href":"http:\/\/www.rtvnoticias.com.ar\/index.php?rest_route=%2Fwp%2Fv2%2Fmedia&parent=32097"}],"wp:term":[{"taxonomy":"category","embeddable":true,"href":"http:\/\/www.rtvnoticias.com.ar\/index.php?rest_route=%2Fwp%2Fv2%2Fcategories&post=32097"},{"taxonomy":"post_tag","embeddable":true,"href":"http:\/\/www.rtvnoticias.com.ar\/index.php?rest_route=%2Fwp%2Fv2%2Ftags&post=32097"}],"curies":[{"name":"wp","href":"https:\/\/api.w.org\/{rel}","templated":true}]}}