{"id":32100,"date":"2022-05-25T14:08:25","date_gmt":"2022-05-25T17:08:25","guid":{"rendered":"http:\/\/www.rtvnoticias.com.ar\/?p=32100"},"modified":"2022-05-25T14:08:27","modified_gmt":"2022-05-25T17:08:27","slug":"la-iglesia-pidio-al-gobierno-prudencia-para-vivir-en-paz","status":"publish","type":"post","link":"http:\/\/www.rtvnoticias.com.ar\/?p=32100","title":{"rendered":"La Iglesia pidi\u00f3 al Gobierno \u00abprudencia\u00bb para \u00abvivir en paz\u00bb"},"content":{"rendered":"\n<p>El cardenal primado de la Argentina, Mario Poli, pidi\u00f3 que la \u00abprudencia\u00bb de las autoridades y la \u00abhonestidad\u00bb de los ciudadanos \u00abrobustezcan la concordia y la justicia\u00bb, para as\u00ed poder \u00abvivir en paz y prosperidad\u00bb.<\/p>\n\n\n\n<p>\u00abSe\u00f1or, atiende nuestros ruegos por la Patria, para que la prudencia de sus autoridades y la honestidad de sus ciudadanos robustezcan la concordia y la justicia y podamos vivir en paz y prosperidad\u00bb, comenz\u00f3 la homil\u00eda del arzobispo porte\u00f1o.<\/p>\n\n\n\n<p>Con el presidente Alberto Fern\u00e1ndez y su Gabinete presentes en la Catedral Metropolitana por la tradicional ceremonia del Tedeum del 25 de mayo, Poli defini\u00f3 a la Argentina como \u00abtierra bendita del pan\u00bb y lanz\u00f3 un duro cuestionamiento frente a los elevados \u00edndices de pobreza e indigencia: \u00abCuando \u00e9ste falta en tantas familias es cuando m\u00e1s tenemos que pensar en nuestro pr\u00f3jimo y sus necesidades b\u00e1sicas: educaci\u00f3n, salud, justicia\u00bb.<\/p>\n\n\n\n<p>Y continu\u00f3: \u00abHay un ma\u00f1ana esperanzador si no renunciamos a los valores aut\u00e9nticos que nos vienen del pasado; siempre habr\u00e1 destino si somos capaces de renunciar a nosotros mismos por algo que est\u00e1 m\u00e1s all\u00e1 de nosotros mismos. Cuando pensamos en los dem\u00e1s antes que en nosotros, el Dios de la constituci\u00f3n act\u00faa en forma soberana\u00bb.<\/p>\n\n\n\n<p>El referente eclesi\u00e1stico advirti\u00f3 sobre \u00ablas tensiones que parecen repetir crueles enfrentamientos\u00bb y destac\u00f3 el rol del papa Francisco: \u00abLa insistencia sobre la fraternidad humana se destaca como una constante en su magisterio\u00bb.<\/p>\n\n\n\n<p>El cardenal primado de la Argentina subray\u00f3 que \u00abla democracia da lugar a la fraternidad pero tambi\u00e9n requiere de la \u00e9tica, la bondad y la solidaridad, la honestidad, el di\u00e1logo siempre beneficioso para el acuerdo y el compromiso por el bien com\u00fan de todos\u00bb y alert\u00f3: \u00abSin estos valores que dan fundamento a la vida social surge el enfrentamiento entre hermanos, de unos con otros, para preservar sus propios intereses\u00bb.<\/p>\n\n\n\n<p>\u00abNo nos cansemos de promover el bien, la justicia, la paz\u00bb, destac\u00f3. Y agreg\u00f3: \u00abPadre bueno, que llamaste hijos tuyos a los que trabajan por la concordia, conc\u00e9denos a todos los argentinos la gracia de procurar sin cesar aquella justicia que la \u00fanica garant\u00eda de la paz s\u00f3lida y verdadera\u00bb.<\/p>\n\n\n\n<p>Al finalizar la ceremonia, Poli se acerc\u00f3 a saludar al Presidente, a quien le regal\u00f3 un rosario para su hijo reci\u00e9n nacido, Francisco, y le pidi\u00f3 que lo pusiera en la cuna del ni\u00f1o. \u00abFirmo cada palabra de las que usted dijo\u00bb, expres\u00f3 el mandatario en el breve intercambio que mantuvo con el arzobispo.<\/p>\n\n\n\n<p>Antes de caminar desde la Casa Rosada hasta la Catedral Metropolitana para asistir al Tedeum, Alberto Fern\u00e1ndez hab\u00eda pedido al pueblo tener \u00abm\u00e1s unidad que nunca\u00bb y, en un mensaje a la dirigencia pol\u00edtica, remarc\u00f3 que \u00abprimero est\u00e1 la gente\u00bb, m\u00e1s all\u00e1 de las diferencias.<\/p>\n\n\n\n<p>\u00abEs un tiempo muy dif\u00edcil en el mundo. Despu\u00e9s de una pandemia que tanto dolor nos trajo, nos somete a una guerra cruenta que nadie hubiera querido. Tenemos que trabajar por la paz: voy a seguir trabajando, a donde vaya, para pedir por la paz en el mundo. Es un tiempo de reencuentro y no nos podemos dar el permiso de someter a la humanidad a m\u00e1s da\u00f1o y m\u00e1s dificultades\u00bb, hab\u00eda sostenido el mandatario.<\/p>\n\n\n\n<p>En declaraciones a los periodistas acreditados en Balcarce 50, el jefe de Estado hab\u00eda concluido: \u00abVivimos en un mundo muy conmocionado, muy convulsionado, muy da\u00f1ado. Tenemos una humanidad que corre riesgo de sufrir grandes hambrunas y lo que necesitamos es unir esfuerzos. No quiero que piensen como yo. que cada uno piense como piense, pero lo primero, la gente\u00bb.<\/p>\n<div class=\"sharedaddy sd-sharing-enabled\"><div class=\"robots-nocontent sd-block sd-social sd-social-icon sd-sharing\"><h3 class=\"sd-title\">Comparte esto:<\/h3><div class=\"sd-content\"><ul><li class=\"share-twitter\"><a rel=\"nofollow noopener noreferrer\" data-shared=\"sharing-twitter-32100\" class=\"share-twitter sd-button share-icon no-text\" href=\"http:\/\/www.rtvnoticias.com.ar\/?p=32100&amp;share=twitter\" target=\"_blank\" title=\"Haz clic para compartir en Twitter\"><span><\/span><span class=\"sharing-screen-reader-text\">Haz clic para compartir en Twitter (Se abre en una ventana nueva)<\/span><\/a><\/li><li class=\"share-facebook\"><a rel=\"nofollow noopener noreferrer\" data-shared=\"sharing-facebook-32100\" class=\"share-facebook sd-button share-icon no-text\" href=\"http:\/\/www.rtvnoticias.com.ar\/?p=32100&amp;share=facebook\" target=\"_blank\" title=\"Haz clic para compartir en Facebook\"><span><\/span><span class=\"sharing-screen-reader-text\">Haz clic para compartir en Facebook (Se abre en una ventana nueva)<\/span><\/a><\/li><li class=\"share-jetpack-whatsapp\"><a rel=\"nofollow noopener noreferrer\" data-shared=\"\" class=\"share-jetpack-whatsapp sd-button share-icon no-text\" href=\"http:\/\/www.rtvnoticias.com.ar\/?p=32100&amp;share=jetpack-whatsapp\" target=\"_blank\" title=\"Haz clic para compartir en WhatsApp\"><span><\/span><span class=\"sharing-screen-reader-text\">Haz clic para compartir en WhatsApp (Se abre en una ventana nueva)<\/span><\/a><\/li><li class=\"share-telegram\"><a rel=\"nofollow noopener noreferrer\" data-shared=\"\" class=\"share-telegram sd-button share-icon no-text\" href=\"http:\/\/www.rtvnoticias.com.ar\/?p=32100&amp;share=telegram\" target=\"_blank\" title=\"Haz clic para compartir en Telegram\"><span><\/span><span class=\"sharing-screen-reader-text\">Haz clic para compartir en Telegram (Se abre en una ventana nueva)<\/span><\/a><\/li><li class=\"share-end\"><\/li><\/ul><\/div><\/div><\/div>","protected":false},"excerpt":{"rendered":"<p>El cardenal primado de la Argentina, Mario Poli, pidi\u00f3 que la \u00abprudencia\u00bb de las autoridades y la \u00abhonestidad\u00bb de los ciudadanos \u00abrobustezcan la concordia y<\/p>\n<div class=\"sharedaddy sd-sharing-enabled\"><div class=\"robots-nocontent sd-block sd-social sd-social-icon sd-sharing\"><h3 class=\"sd-title\">Comparte esto:<\/h3><div class=\"sd-content\"><ul><li class=\"share-twitter\"><a rel=\"nofollow noopener noreferrer\" data-shared=\"sharing-twitter-32100\" class=\"share-twitter sd-button share-icon no-text\" href=\"http:\/\/www.rtvnoticias.com.ar\/?p=32100&amp;share=twitter\" target=\"_blank\" title=\"Haz clic para compartir en Twitter\"><span><\/span><span class=\"sharing-screen-reader-text\">Haz clic para compartir en Twitter (Se abre en una ventana nueva)<\/span><\/a><\/li><li class=\"share-facebook\"><a rel=\"nofollow noopener noreferrer\" data-shared=\"sharing-facebook-32100\" class=\"share-facebook sd-button share-icon no-text\" href=\"http:\/\/www.rtvnoticias.com.ar\/?p=32100&amp;share=facebook\" target=\"_blank\" title=\"Haz clic para compartir en Facebook\"><span><\/span><span class=\"sharing-screen-reader-text\">Haz clic para compartir en Facebook (Se abre en una ventana nueva)<\/span><\/a><\/li><li class=\"share-jetpack-whatsapp\"><a rel=\"nofollow noopener noreferrer\" data-shared=\"\" class=\"share-jetpack-whatsapp sd-button share-icon no-text\" href=\"http:\/\/www.rtvnoticias.com.ar\/?p=32100&amp;share=jetpack-whatsapp\" target=\"_blank\" title=\"Haz clic para compartir en WhatsApp\"><span><\/span><span class=\"sharing-screen-reader-text\">Haz clic para compartir en WhatsApp (Se abre en una ventana nueva)<\/span><\/a><\/li><li class=\"share-telegram\"><a rel=\"nofollow noopener noreferrer\" data-shared=\"\" class=\"share-telegram sd-button share-icon no-text\" href=\"http:\/\/www.rtvnoticias.com.ar\/?p=32100&amp;share=telegram\" target=\"_blank\" title=\"Haz clic para compartir en Telegram\"><span><\/span><span class=\"sharing-screen-reader-text\">Haz clic para compartir en Telegram (Se abre en una ventana nueva)<\/span><\/a><\/li><li class=\"share-end\"><\/li><\/ul><\/div><\/div><\/div>","protected":false},"author":7,"featured_media":32101,"comment_status":"closed","ping_status":"closed","sticky":false,"template":"","format":"standard","meta":{"spay_email":"","jetpack_publicize_message":"","jetpack_is_tweetstorm":false,"jetpack_publicize_feature_enabled":true},"categories":[1],"tags":[],"jetpack_featured_media_url":"http:\/\/www.rtvnoticias.com.ar\/wp-content\/uploads\/2022\/05\/tedeum.jpg","jetpack_publicize_connections":[],"jetpack_sharing_enabled":true,"_links":{"self":[{"href":"http:\/\/www.rtvnoticias.com.ar\/index.php?rest_route=\/wp\/v2\/posts\/32100"}],"collection":[{"href":"http:\/\/www.rtvnoticias.com.ar\/index.php?rest_route=\/wp\/v2\/posts"}],"about":[{"href":"http:\/\/www.rtvnoticias.com.ar\/index.php?rest_route=\/wp\/v2\/types\/post"}],"author":[{"embeddable":true,"href":"http:\/\/www.rtvnoticias.com.ar\/index.php?rest_route=\/wp\/v2\/users\/7"}],"replies":[{"embeddable":true,"href":"http:\/\/www.rtvnoticias.com.ar\/index.php?rest_route=%2Fwp%2Fv2%2Fcomments&post=32100"}],"version-history":[{"count":1,"href":"http:\/\/www.rtvnoticias.com.ar\/index.php?rest_route=\/wp\/v2\/posts\/32100\/revisions"}],"predecessor-version":[{"id":32102,"href":"http:\/\/www.rtvnoticias.com.ar\/index.php?rest_route=\/wp\/v2\/posts\/32100\/revisions\/32102"}],"wp:featuredmedia":[{"embeddable":true,"href":"http:\/\/www.rtvnoticias.com.ar\/index.php?rest_route=\/wp\/v2\/media\/32101"}],"wp:attachment":[{"href":"http:\/\/www.rtvnoticias.com.ar\/index.php?rest_route=%2Fwp%2Fv2%2Fmedia&parent=32100"}],"wp:term":[{"taxonomy":"category","embeddable":true,"href":"http:\/\/www.rtvnoticias.com.ar\/index.php?rest_route=%2Fwp%2Fv2%2Fcategories&post=32100"},{"taxonomy":"post_tag","embeddable":true,"href":"http:\/\/www.rtvnoticias.com.ar\/index.php?rest_route=%2Fwp%2Fv2%2Ftags&post=32100"}],"curies":[{"name":"wp","href":"https:\/\/api.w.org\/{rel}","templated":true}]}}