{"id":32103,"date":"2022-05-25T14:11:47","date_gmt":"2022-05-25T17:11:47","guid":{"rendered":"http:\/\/www.rtvnoticias.com.ar\/?p=32103"},"modified":"2022-05-25T14:11:51","modified_gmt":"2022-05-25T17:11:51","slug":"en-la-previa-al-tedeum-alberto-pidio-mas-unidad-que-nunca","status":"publish","type":"post","link":"http:\/\/www.rtvnoticias.com.ar\/?p=32103","title":{"rendered":"En la previa al Tedeum Alberto pidi\u00f3 \u00abm\u00e1s unidad que nunca\u00bb"},"content":{"rendered":"\n<p>Antes de asistir al tedeum en la Catedral Metropolitana, el presidente Alberto Fern\u00e1ndez pidi\u00f3 al pueblo tener \u00abm\u00e1s unidad que nunca\u00bb y, en un mensaje a la dirigencia pol\u00edtica, remarc\u00f3 que \u00abprimero est\u00e1 la gente\u00bb, m\u00e1s all\u00e1 de las diferencias.<\/p>\n\n\n\n<p>\u00abEl 25 de mayo de 1810 fue el comienzo del tr\u00e1nsito de la Argentina hacia su independencia y coincidi\u00f3 con el d\u00eda en que llegamos con N\u00e9stor (Kirchner) all\u00e1 por 2003\u00bb, se\u00f1al\u00f3 el mandatario. En declaraciones a los periodistas acreditados en la Casa Rosada, el jefe de Estado breg\u00f3 para que haya \u00abm\u00e1s unidad que nunca\u00bb.<\/p>\n\n\n\n<p>\u00abEs un tiempo muy dif\u00edcil en el mundo. Despu\u00e9s de una pandemia que tanto dolor nos trajo, nos somete a una guerra cruenta que nadie hubiera querido. Tenemos que trabajar por la paz: voy a seguir trabajando, a donde vaya, para pedir por la paz en el mundo. Es un tiempo de reencuentro y no nos podemos dar el permiso de someter a la humanidad a m\u00e1s da\u00f1o y m\u00e1s dificultades\u00bb, sostuvo Alberto Fern\u00e1ndez.<\/p>\n\n\n\n<p>Al ser consultado sobre si planea llevar ese mensaje a la Cumbre de las Am\u00e9ricas, que se realizar\u00e1 en junio en Los \u00c1ngeles, el Presidente respondi\u00f3: \u00abLo digo en el G20, lo dir\u00e9 eventualmente en la Cumbre\u00bb. Adem\u00e1s, al referirse a la interna del Frente de Todos, el mandatario remarc\u00f3: \u00abLa unidad depende de nosotros\u00bb.<\/p>\n\n\n\n<p>\u00abVivimos en un mundo muy conmocionado, muy convulsionado, muy da\u00f1ado. Tenemos una humanidad que corre riesgo de sufrir grandes hambrunas y lo que necesitamos es unir esfuerzos. No quiero que piensen como yo. que cada uno piense como piense, pero lo primero, la gente\u00bb, concluy\u00f3 el jefe de Estado, utilizando su flamante slogan para relanzar su gesti\u00f3n.<\/p>\n<div class=\"sharedaddy sd-sharing-enabled\"><div class=\"robots-nocontent sd-block sd-social sd-social-icon sd-sharing\"><h3 class=\"sd-title\">Comparte esto:<\/h3><div class=\"sd-content\"><ul><li class=\"share-twitter\"><a rel=\"nofollow noopener noreferrer\" data-shared=\"sharing-twitter-32103\" class=\"share-twitter sd-button share-icon no-text\" href=\"http:\/\/www.rtvnoticias.com.ar\/?p=32103&amp;share=twitter\" target=\"_blank\" title=\"Haz clic para compartir en Twitter\"><span><\/span><span class=\"sharing-screen-reader-text\">Haz clic para compartir en Twitter (Se abre en una ventana nueva)<\/span><\/a><\/li><li class=\"share-facebook\"><a rel=\"nofollow noopener noreferrer\" data-shared=\"sharing-facebook-32103\" class=\"share-facebook sd-button share-icon no-text\" href=\"http:\/\/www.rtvnoticias.com.ar\/?p=32103&amp;share=facebook\" target=\"_blank\" title=\"Haz clic para compartir en Facebook\"><span><\/span><span class=\"sharing-screen-reader-text\">Haz clic para compartir en Facebook (Se abre en una ventana nueva)<\/span><\/a><\/li><li class=\"share-jetpack-whatsapp\"><a rel=\"nofollow noopener noreferrer\" data-shared=\"\" class=\"share-jetpack-whatsapp sd-button share-icon no-text\" href=\"http:\/\/www.rtvnoticias.com.ar\/?p=32103&amp;share=jetpack-whatsapp\" target=\"_blank\" title=\"Haz clic para compartir en WhatsApp\"><span><\/span><span class=\"sharing-screen-reader-text\">Haz clic para compartir en WhatsApp (Se abre en una ventana nueva)<\/span><\/a><\/li><li class=\"share-telegram\"><a rel=\"nofollow noopener noreferrer\" data-shared=\"\" class=\"share-telegram sd-button share-icon no-text\" href=\"http:\/\/www.rtvnoticias.com.ar\/?p=32103&amp;share=telegram\" target=\"_blank\" title=\"Haz clic para compartir en Telegram\"><span><\/span><span class=\"sharing-screen-reader-text\">Haz clic para compartir en Telegram (Se abre en una ventana nueva)<\/span><\/a><\/li><li class=\"share-end\"><\/li><\/ul><\/div><\/div><\/div>","protected":false},"excerpt":{"rendered":"<p>Antes de asistir al tedeum en la Catedral Metropolitana, el presidente Alberto Fern\u00e1ndez pidi\u00f3 al pueblo tener \u00abm\u00e1s unidad que nunca\u00bb y, en un mensaje<\/p>\n<div class=\"sharedaddy sd-sharing-enabled\"><div class=\"robots-nocontent sd-block sd-social sd-social-icon sd-sharing\"><h3 class=\"sd-title\">Comparte esto:<\/h3><div class=\"sd-content\"><ul><li class=\"share-twitter\"><a rel=\"nofollow noopener noreferrer\" data-shared=\"sharing-twitter-32103\" class=\"share-twitter sd-button share-icon no-text\" href=\"http:\/\/www.rtvnoticias.com.ar\/?p=32103&amp;share=twitter\" target=\"_blank\" title=\"Haz clic para compartir en Twitter\"><span><\/span><span class=\"sharing-screen-reader-text\">Haz clic para compartir en Twitter (Se abre en una ventana nueva)<\/span><\/a><\/li><li class=\"share-facebook\"><a rel=\"nofollow noopener noreferrer\" data-shared=\"sharing-facebook-32103\" class=\"share-facebook sd-button share-icon no-text\" href=\"http:\/\/www.rtvnoticias.com.ar\/?p=32103&amp;share=facebook\" target=\"_blank\" title=\"Haz clic para compartir en Facebook\"><span><\/span><span class=\"sharing-screen-reader-text\">Haz clic para compartir en Facebook (Se abre en una ventana nueva)<\/span><\/a><\/li><li class=\"share-jetpack-whatsapp\"><a rel=\"nofollow noopener noreferrer\" data-shared=\"\" class=\"share-jetpack-whatsapp sd-button share-icon no-text\" href=\"http:\/\/www.rtvnoticias.com.ar\/?p=32103&amp;share=jetpack-whatsapp\" target=\"_blank\" title=\"Haz clic para compartir en WhatsApp\"><span><\/span><span class=\"sharing-screen-reader-text\">Haz clic para compartir en WhatsApp (Se abre en una ventana nueva)<\/span><\/a><\/li><li class=\"share-telegram\"><a rel=\"nofollow noopener noreferrer\" data-shared=\"\" class=\"share-telegram sd-button share-icon no-text\" href=\"http:\/\/www.rtvnoticias.com.ar\/?p=32103&amp;share=telegram\" target=\"_blank\" title=\"Haz clic para compartir en Telegram\"><span><\/span><span class=\"sharing-screen-reader-text\">Haz clic para compartir en Telegram (Se abre en una ventana nueva)<\/span><\/a><\/li><li class=\"share-end\"><\/li><\/ul><\/div><\/div><\/div>","protected":false},"author":7,"featured_media":32104,"comment_status":"closed","ping_status":"closed","sticky":false,"template":"","format":"standard","meta":{"spay_email":"","jetpack_publicize_message":"","jetpack_is_tweetstorm":false,"jetpack_publicize_feature_enabled":true},"categories":[1],"tags":[],"jetpack_featured_media_url":"http:\/\/www.rtvnoticias.com.ar\/wp-content\/uploads\/2022\/05\/af-tedeum-1.jpg","jetpack_publicize_connections":[],"jetpack_sharing_enabled":true,"_links":{"self":[{"href":"http:\/\/www.rtvnoticias.com.ar\/index.php?rest_route=\/wp\/v2\/posts\/32103"}],"collection":[{"href":"http:\/\/www.rtvnoticias.com.ar\/index.php?rest_route=\/wp\/v2\/posts"}],"about":[{"href":"http:\/\/www.rtvnoticias.com.ar\/index.php?rest_route=\/wp\/v2\/types\/post"}],"author":[{"embeddable":true,"href":"http:\/\/www.rtvnoticias.com.ar\/index.php?rest_route=\/wp\/v2\/users\/7"}],"replies":[{"embeddable":true,"href":"http:\/\/www.rtvnoticias.com.ar\/index.php?rest_route=%2Fwp%2Fv2%2Fcomments&post=32103"}],"version-history":[{"count":1,"href":"http:\/\/www.rtvnoticias.com.ar\/index.php?rest_route=\/wp\/v2\/posts\/32103\/revisions"}],"predecessor-version":[{"id":32105,"href":"http:\/\/www.rtvnoticias.com.ar\/index.php?rest_route=\/wp\/v2\/posts\/32103\/revisions\/32105"}],"wp:featuredmedia":[{"embeddable":true,"href":"http:\/\/www.rtvnoticias.com.ar\/index.php?rest_route=\/wp\/v2\/media\/32104"}],"wp:attachment":[{"href":"http:\/\/www.rtvnoticias.com.ar\/index.php?rest_route=%2Fwp%2Fv2%2Fmedia&parent=32103"}],"wp:term":[{"taxonomy":"category","embeddable":true,"href":"http:\/\/www.rtvnoticias.com.ar\/index.php?rest_route=%2Fwp%2Fv2%2Fcategories&post=32103"},{"taxonomy":"post_tag","embeddable":true,"href":"http:\/\/www.rtvnoticias.com.ar\/index.php?rest_route=%2Fwp%2Fv2%2Ftags&post=32103"}],"curies":[{"name":"wp","href":"https:\/\/api.w.org\/{rel}","templated":true}]}}