{"id":32106,"date":"2022-05-25T14:13:34","date_gmt":"2022-05-25T17:13:34","guid":{"rendered":"http:\/\/www.rtvnoticias.com.ar\/?p=32106"},"modified":"2022-05-25T14:13:37","modified_gmt":"2022-05-25T17:13:37","slug":"el-mensaje-de-cfk-por-el-25-de-mayo-amor-a-nuestro-pais","status":"publish","type":"post","link":"http:\/\/www.rtvnoticias.com.ar\/?p=32106","title":{"rendered":"El mensaje de CFK por el 25 de Mayo: \u00abAmor a nuestro pa\u00eds\u00bb"},"content":{"rendered":"\n<p>La vicepresidenta Cristina Fern\u00e1ndez de Kirchner public\u00f3 un curioso mensaje por el 25 de Mayo a trav\u00e9s de sus redes sociales en el que hizo referencia a la compleja situaci\u00f3n que atraviesa el pa\u00eds.<\/p>\n\n\n\n<p>\u00abCon el mismo amor de siempre a nuestro pa\u00eds y a nuestra historia, a\u00fan en momentos tan dif\u00edciles para nuestro pueblo, hoy m\u00e1s que nunca! Viva la Patria argentinos y argentinas!\u00bb, escribi\u00f3 en su cuenta de Twitter y acompa\u00f1\u00f3 el mensaje con una foto de un grupo de personas flameando banderas argentinas.<\/p>\n\n\n\n<p>El mensaje llega en la previa de la participaci\u00f3n del presidente Alberto Fern\u00e1ndez del tradicional Tedeum en la Catedral Metropolitana por las celebraciones de la fecha patria y que ser\u00e1 la primera participaci\u00f3n del mandatario de manera presencial en el hist\u00f3rico canto dado que en los dos primeros estuvo de forma virtual.<\/p>\n\n\n\n<p>Previo a que inicie la celebraci\u00f3n religiosa que ser\u00e1 oficiada por el arzobispo Mario Poli, se espera que Fern\u00e1ndez ingrese a la Catedral y se dirija al mausoleo que guarda los restos del general Jos\u00e9 de San Mart\u00edn para rendirle homenaje y colocar una ofrenda floral.<\/p>\n\n\n\n<p>Luego del Tedeum, Alberto Fern\u00e1ndez tiene previsto acudir a un locro organizado en el partido bonaerense de Florencia Varela por el dirigente del Movimiento Evita, Emilio P\u00e9rsico.<\/p>\n\n\n\n<p>La relaci\u00f3n entre el Presidente y su vice contin\u00faa distante y r\u00edgida, mientras que con las partes en tensa calma, el di\u00e1logo sigue siendo nulo desde el 10 de marzo pasado.<\/p>\n\n\n\n<p>El kirchnerismo cuestiona el plan econ\u00f3mico encabezado por el ministro de Econom\u00eda, Mart\u00edn Guzm\u00e1n, hombre del entorno del jefe de Estado y le exige una mayor redistribuci\u00f3n de la recuperaci\u00f3n econ\u00f3mica.<\/p>\n\n\n\n<p>En tanto, el ex secretario de Comercio Interior, Roberto Feletti, renunci\u00f3 a su cargo luego de que Fern\u00e1ndez decidiera traspasar la secretar\u00eda de Comercio Interior del Ministerio de la Producci\u00f3n que comanda Mat\u00edas Kulfas, a la \u00f3rbita del Palacio de Hacienda.<\/p>\n\n\n\n<p>En su carta de renuncia, el funcionario vinculado a la Cristina Kirchner plante\u00f3 su disconformidad por el rumbo de la pol\u00edtica econ\u00f3mica y, en especial, al enfoque sobre c\u00f3mo atacar la inflaci\u00f3n.<\/p>\n<div class=\"sharedaddy sd-sharing-enabled\"><div class=\"robots-nocontent sd-block sd-social sd-social-icon sd-sharing\"><h3 class=\"sd-title\">Comparte esto:<\/h3><div class=\"sd-content\"><ul><li class=\"share-twitter\"><a rel=\"nofollow noopener noreferrer\" data-shared=\"sharing-twitter-32106\" class=\"share-twitter sd-button share-icon no-text\" href=\"http:\/\/www.rtvnoticias.com.ar\/?p=32106&amp;share=twitter\" target=\"_blank\" title=\"Haz clic para compartir en Twitter\"><span><\/span><span class=\"sharing-screen-reader-text\">Haz clic para compartir en Twitter (Se abre en una ventana nueva)<\/span><\/a><\/li><li class=\"share-facebook\"><a rel=\"nofollow noopener noreferrer\" data-shared=\"sharing-facebook-32106\" class=\"share-facebook sd-button share-icon no-text\" href=\"http:\/\/www.rtvnoticias.com.ar\/?p=32106&amp;share=facebook\" target=\"_blank\" title=\"Haz clic para compartir en Facebook\"><span><\/span><span class=\"sharing-screen-reader-text\">Haz clic para compartir en Facebook (Se abre en una ventana nueva)<\/span><\/a><\/li><li class=\"share-jetpack-whatsapp\"><a rel=\"nofollow noopener noreferrer\" data-shared=\"\" class=\"share-jetpack-whatsapp sd-button share-icon no-text\" href=\"http:\/\/www.rtvnoticias.com.ar\/?p=32106&amp;share=jetpack-whatsapp\" target=\"_blank\" title=\"Haz clic para compartir en WhatsApp\"><span><\/span><span class=\"sharing-screen-reader-text\">Haz clic para compartir en WhatsApp (Se abre en una ventana nueva)<\/span><\/a><\/li><li class=\"share-telegram\"><a rel=\"nofollow noopener noreferrer\" data-shared=\"\" class=\"share-telegram sd-button share-icon no-text\" href=\"http:\/\/www.rtvnoticias.com.ar\/?p=32106&amp;share=telegram\" target=\"_blank\" title=\"Haz clic para compartir en Telegram\"><span><\/span><span class=\"sharing-screen-reader-text\">Haz clic para compartir en Telegram (Se abre en una ventana nueva)<\/span><\/a><\/li><li class=\"share-end\"><\/li><\/ul><\/div><\/div><\/div>","protected":false},"excerpt":{"rendered":"<p>La vicepresidenta Cristina Fern\u00e1ndez de Kirchner public\u00f3 un curioso mensaje por el 25 de Mayo a trav\u00e9s de sus redes sociales en el que hizo<\/p>\n<div class=\"sharedaddy sd-sharing-enabled\"><div class=\"robots-nocontent sd-block sd-social sd-social-icon sd-sharing\"><h3 class=\"sd-title\">Comparte esto:<\/h3><div class=\"sd-content\"><ul><li class=\"share-twitter\"><a rel=\"nofollow noopener noreferrer\" data-shared=\"sharing-twitter-32106\" class=\"share-twitter sd-button share-icon no-text\" href=\"http:\/\/www.rtvnoticias.com.ar\/?p=32106&amp;share=twitter\" target=\"_blank\" title=\"Haz clic para compartir en Twitter\"><span><\/span><span class=\"sharing-screen-reader-text\">Haz clic para compartir en Twitter (Se abre en una ventana nueva)<\/span><\/a><\/li><li class=\"share-facebook\"><a rel=\"nofollow noopener noreferrer\" data-shared=\"sharing-facebook-32106\" class=\"share-facebook sd-button share-icon no-text\" href=\"http:\/\/www.rtvnoticias.com.ar\/?p=32106&amp;share=facebook\" target=\"_blank\" title=\"Haz clic para compartir en Facebook\"><span><\/span><span class=\"sharing-screen-reader-text\">Haz clic para compartir en Facebook (Se abre en una ventana nueva)<\/span><\/a><\/li><li class=\"share-jetpack-whatsapp\"><a rel=\"nofollow noopener noreferrer\" data-shared=\"\" class=\"share-jetpack-whatsapp sd-button share-icon no-text\" href=\"http:\/\/www.rtvnoticias.com.ar\/?p=32106&amp;share=jetpack-whatsapp\" target=\"_blank\" title=\"Haz clic para compartir en WhatsApp\"><span><\/span><span class=\"sharing-screen-reader-text\">Haz clic para compartir en WhatsApp (Se abre en una ventana nueva)<\/span><\/a><\/li><li class=\"share-telegram\"><a rel=\"nofollow noopener noreferrer\" data-shared=\"\" class=\"share-telegram sd-button share-icon no-text\" href=\"http:\/\/www.rtvnoticias.com.ar\/?p=32106&amp;share=telegram\" target=\"_blank\" title=\"Haz clic para compartir en Telegram\"><span><\/span><span class=\"sharing-screen-reader-text\">Haz clic para compartir en Telegram (Se abre en una ventana nueva)<\/span><\/a><\/li><li class=\"share-end\"><\/li><\/ul><\/div><\/div><\/div>","protected":false},"author":7,"featured_media":31848,"comment_status":"closed","ping_status":"closed","sticky":false,"template":"","format":"standard","meta":{"spay_email":"","jetpack_publicize_message":"","jetpack_is_tweetstorm":false,"jetpack_publicize_feature_enabled":true},"categories":[1],"tags":[],"jetpack_featured_media_url":"http:\/\/www.rtvnoticias.com.ar\/wp-content\/uploads\/2022\/05\/cristina.jpg","jetpack_publicize_connections":[],"jetpack_sharing_enabled":true,"_links":{"self":[{"href":"http:\/\/www.rtvnoticias.com.ar\/index.php?rest_route=\/wp\/v2\/posts\/32106"}],"collection":[{"href":"http:\/\/www.rtvnoticias.com.ar\/index.php?rest_route=\/wp\/v2\/posts"}],"about":[{"href":"http:\/\/www.rtvnoticias.com.ar\/index.php?rest_route=\/wp\/v2\/types\/post"}],"author":[{"embeddable":true,"href":"http:\/\/www.rtvnoticias.com.ar\/index.php?rest_route=\/wp\/v2\/users\/7"}],"replies":[{"embeddable":true,"href":"http:\/\/www.rtvnoticias.com.ar\/index.php?rest_route=%2Fwp%2Fv2%2Fcomments&post=32106"}],"version-history":[{"count":1,"href":"http:\/\/www.rtvnoticias.com.ar\/index.php?rest_route=\/wp\/v2\/posts\/32106\/revisions"}],"predecessor-version":[{"id":32107,"href":"http:\/\/www.rtvnoticias.com.ar\/index.php?rest_route=\/wp\/v2\/posts\/32106\/revisions\/32107"}],"wp:featuredmedia":[{"embeddable":true,"href":"http:\/\/www.rtvnoticias.com.ar\/index.php?rest_route=\/wp\/v2\/media\/31848"}],"wp:attachment":[{"href":"http:\/\/www.rtvnoticias.com.ar\/index.php?rest_route=%2Fwp%2Fv2%2Fmedia&parent=32106"}],"wp:term":[{"taxonomy":"category","embeddable":true,"href":"http:\/\/www.rtvnoticias.com.ar\/index.php?rest_route=%2Fwp%2Fv2%2Fcategories&post=32106"},{"taxonomy":"post_tag","embeddable":true,"href":"http:\/\/www.rtvnoticias.com.ar\/index.php?rest_route=%2Fwp%2Fv2%2Ftags&post=32106"}],"curies":[{"name":"wp","href":"https:\/\/api.w.org\/{rel}","templated":true}]}}