{"id":32110,"date":"2022-05-25T14:21:05","date_gmt":"2022-05-25T17:21:05","guid":{"rendered":"http:\/\/www.rtvnoticias.com.ar\/?p=32110"},"modified":"2022-05-25T14:21:09","modified_gmt":"2022-05-25T17:21:09","slug":"ziliotto-encabezo-el-acto-oficial-por-el-25-de-mayo-en-lonquimay","status":"publish","type":"post","link":"http:\/\/www.rtvnoticias.com.ar\/?p=32110","title":{"rendered":"Ziliotto encabez\u00f3 el acto oficial por el 25 de Mayo en Lonquimay"},"content":{"rendered":"\n<p>El gobernador particip\u00f3 del Tedeum en la Iglesia local. Luego encabez\u00f3 el acto en la avenida central. \u201cNadie se salva solo, solo con un compromiso colectivo y un acompa\u00f1amiento del Estado presente podremos lograr pol\u00edticas en beneficio de la comunidad\u00bb, expres\u00f3 el ministro Rauschenberger.<\/p>\n\n\n\n<p>El gobernador Sergio Ziliotto encabeza el acto central por la celebraci\u00f3n del 25 de mayo, que se desarrolla este mi\u00e9rcoles en la localidad de Lonquimay.<\/p>\n\n\n\n<p>Integran la comitiva provincial el vicegobernador Mariano Fern\u00e1ndez, ministros del gabinete provincial, autoridades policiales, el Coronel Horacio Etchebest, a cargo del Ej\u00e9rcito, el Presidente del Superior Tribunal de Justicia, Hugo D\u00edaz, la secretaria administrativa del Senado, Mar\u00eda Luz Alonso, el senador nacional Daniel Bensus\u00e1n,, diputados provinciales, veteranos de Malvinas junto a vecinas y vecinos de Lonquimay y localidades cercanas.<\/p>\n\n\n\n<p>Luego de la lectura de una carta enviada por el ministro de DEfensa, Jorge Taiana, huizo uso de la palabra el intendente local, Manuel Feito.<\/p>\n\n\n\n<p>El jefe comunal record\u00f3 a \u00abaquellos hombres que pusieron por delante un objetivo com\u00fan dejando de lado los particulares. Hoy donde problemas e inconvenientes no faltan, invito a imitar a esos hombres, que pongamos un objetivo com\u00fan, la patria por delante de todo\u00bb.<\/p>\n\n\n\n<p>Y agreg\u00f3 que \u00abhace 30 meses me hice cargo de la intendencia y ped\u00ed algo similar, que dejemos todo lo particular de lado, en bien de los lonquimayenses. Seamos del color pol\u00edtico que sea, debemos unirnos en un trabajo com\u00fan y creo que est\u00e1 dando resultados\u00bb.<\/p>\n\n\n\n<p>Adem\u00e1s, Fei agradeci\u00f3 a los vecinos \u00abpor haber vestido de gala a Lonquimay para este dia.\u00bb<\/p>\n\n\n\n<p>Si bien se hab\u00eda anunciado que el otro orador ser\u00eda el gobernador Sergio Ziliotto, luego del intendente local se dirigi\u00f3 a los presentes el ministrode Gobierno, Ariel Rauschenberger.<\/p>\n\n\n\n<p>\u201cCada 25 de mayo representa para argentinos algo muy especial. En 1810 se dio el primer paso hacia el proceso revolucionario que culmin\u00f3 el 9 de julio con la Independencia\u201d, sostuvo el ministro provincial.<\/p>\n\n\n\n<p>\u201cHab\u00eda poderosos intereses que se opon\u00edan a una nueva forma de organizaci\u00f3n. M\u00e1s dif\u00edcil fue llevar esa lucha hacia el interior del Virreinato y aun as\u00ed hubo gente que tomo las armas para defender su patria\u201d, agreg\u00f3 Rauschenberger.<\/p>\n\n\n\n<p>Resalt\u00f3 adem\u00e1s que \u201cno todo fueron triunfos, hubo momentos dif\u00edciles por la muerte, por las traiciones, desaz\u00f3n por lo que tocaban vivir, pero hab\u00eda una decisi\u00f3n de defender la Patria\u201d<\/p>\n\n\n\n<p>\u201cEstas fechas sirven \u2013continu\u00f3- si las tomamos para reflexionar, estamos viviendo momentos dif\u00edciles, no solo en Argentina sino tambi\u00e9n en el mundo. Venimos de una crisis sanitaria que nos obliga a pensar como nos reponemos\u201d<\/p>\n\n\n\n<p>Consider\u00f3 adem\u00e1s que \u201cdebemos recuperar independencia pol\u00edtica y soberan\u00eda econ\u00f3mica\u201d y sostuvo que la opresi\u00f3n hoy es \u201cla deuda externa\u201d.<\/p>\n\n\n\n<p>\u201cTenemos intereses, pensamientos distintos, pero nos tiene que unir el beneficio com\u00fan. Tenemos que defender el federalismo, que los fondos que llegan a nuestras provincias sigan llegando y que respondan a necesidades propias, no que nos impongan de afuera\u201d, expres\u00f3 el funcionario provincial.<\/p>\n\n\n\n<p>\u201cNadie se salva solo, solo con un compromiso colectivo y un acompa\u00f1amiento del Estado presente podremos lograr pol\u00edticas en beneficio de la comunidad. Ese es el desaf\u00edo y sabemos cu\u00e1l es el camino que nos marcaron aquellos pr\u00f3ceres de mayo. No debemos abandonar los sue\u00f1os, debemos seguir esforz\u00e1ndonos para lograr esos sue\u00f1os que ten\u00edan los patriotas de mayo\u201d, concluy\u00f3 Rauschenberger.<\/p>\n\n\n\n<p>Luego de los discursos, comenz\u00f3 el desfile militar y de distintas instituciones locales y provinciales.<\/p>\n<div class=\"sharedaddy sd-sharing-enabled\"><div class=\"robots-nocontent sd-block sd-social sd-social-icon sd-sharing\"><h3 class=\"sd-title\">Comparte esto:<\/h3><div class=\"sd-content\"><ul><li class=\"share-twitter\"><a rel=\"nofollow noopener noreferrer\" data-shared=\"sharing-twitter-32110\" class=\"share-twitter sd-button share-icon no-text\" href=\"http:\/\/www.rtvnoticias.com.ar\/?p=32110&amp;share=twitter\" target=\"_blank\" title=\"Haz clic para compartir en Twitter\"><span><\/span><span class=\"sharing-screen-reader-text\">Haz clic para compartir en Twitter (Se abre en una ventana nueva)<\/span><\/a><\/li><li class=\"share-facebook\"><a rel=\"nofollow noopener noreferrer\" data-shared=\"sharing-facebook-32110\" class=\"share-facebook sd-button share-icon no-text\" href=\"http:\/\/www.rtvnoticias.com.ar\/?p=32110&amp;share=facebook\" target=\"_blank\" title=\"Haz clic para compartir en Facebook\"><span><\/span><span class=\"sharing-screen-reader-text\">Haz clic para compartir en Facebook (Se abre en una ventana nueva)<\/span><\/a><\/li><li class=\"share-jetpack-whatsapp\"><a rel=\"nofollow noopener noreferrer\" data-shared=\"\" class=\"share-jetpack-whatsapp sd-button share-icon no-text\" href=\"http:\/\/www.rtvnoticias.com.ar\/?p=32110&amp;share=jetpack-whatsapp\" target=\"_blank\" title=\"Haz clic para compartir en WhatsApp\"><span><\/span><span class=\"sharing-screen-reader-text\">Haz clic para compartir en WhatsApp (Se abre en una ventana nueva)<\/span><\/a><\/li><li class=\"share-telegram\"><a rel=\"nofollow noopener noreferrer\" data-shared=\"\" class=\"share-telegram sd-button share-icon no-text\" href=\"http:\/\/www.rtvnoticias.com.ar\/?p=32110&amp;share=telegram\" target=\"_blank\" title=\"Haz clic para compartir en Telegram\"><span><\/span><span class=\"sharing-screen-reader-text\">Haz clic para compartir en Telegram (Se abre en una ventana nueva)<\/span><\/a><\/li><li class=\"share-end\"><\/li><\/ul><\/div><\/div><\/div>","protected":false},"excerpt":{"rendered":"<p>El gobernador particip\u00f3 del Tedeum en la Iglesia local. Luego encabez\u00f3 el acto en la avenida central. \u201cNadie se salva solo, solo con un compromiso<\/p>\n<div class=\"sharedaddy sd-sharing-enabled\"><div class=\"robots-nocontent sd-block sd-social sd-social-icon sd-sharing\"><h3 class=\"sd-title\">Comparte esto:<\/h3><div class=\"sd-content\"><ul><li class=\"share-twitter\"><a rel=\"nofollow noopener noreferrer\" data-shared=\"sharing-twitter-32110\" class=\"share-twitter sd-button share-icon no-text\" href=\"http:\/\/www.rtvnoticias.com.ar\/?p=32110&amp;share=twitter\" target=\"_blank\" title=\"Haz clic para compartir en Twitter\"><span><\/span><span class=\"sharing-screen-reader-text\">Haz clic para compartir en Twitter (Se abre en una ventana nueva)<\/span><\/a><\/li><li class=\"share-facebook\"><a rel=\"nofollow noopener noreferrer\" data-shared=\"sharing-facebook-32110\" class=\"share-facebook sd-button share-icon no-text\" href=\"http:\/\/www.rtvnoticias.com.ar\/?p=32110&amp;share=facebook\" target=\"_blank\" title=\"Haz clic para compartir en Facebook\"><span><\/span><span class=\"sharing-screen-reader-text\">Haz clic para compartir en Facebook (Se abre en una ventana nueva)<\/span><\/a><\/li><li class=\"share-jetpack-whatsapp\"><a rel=\"nofollow noopener noreferrer\" data-shared=\"\" class=\"share-jetpack-whatsapp sd-button share-icon no-text\" href=\"http:\/\/www.rtvnoticias.com.ar\/?p=32110&amp;share=jetpack-whatsapp\" target=\"_blank\" title=\"Haz clic para compartir en WhatsApp\"><span><\/span><span class=\"sharing-screen-reader-text\">Haz clic para compartir en WhatsApp (Se abre en una ventana nueva)<\/span><\/a><\/li><li class=\"share-telegram\"><a rel=\"nofollow noopener noreferrer\" data-shared=\"\" class=\"share-telegram sd-button share-icon no-text\" href=\"http:\/\/www.rtvnoticias.com.ar\/?p=32110&amp;share=telegram\" target=\"_blank\" title=\"Haz clic para compartir en Telegram\"><span><\/span><span class=\"sharing-screen-reader-text\">Haz clic para compartir en Telegram (Se abre en una ventana nueva)<\/span><\/a><\/li><li class=\"share-end\"><\/li><\/ul><\/div><\/div><\/div>","protected":false},"author":7,"featured_media":32111,"comment_status":"closed","ping_status":"closed","sticky":false,"template":"","format":"standard","meta":{"spay_email":"","jetpack_publicize_message":"","jetpack_is_tweetstorm":false,"jetpack_publicize_feature_enabled":true},"categories":[1],"tags":[],"jetpack_featured_media_url":"http:\/\/www.rtvnoticias.com.ar\/wp-content\/uploads\/2022\/05\/ziliotto-lonquimay.jpg","jetpack_publicize_connections":[],"jetpack_sharing_enabled":true,"_links":{"self":[{"href":"http:\/\/www.rtvnoticias.com.ar\/index.php?rest_route=\/wp\/v2\/posts\/32110"}],"collection":[{"href":"http:\/\/www.rtvnoticias.com.ar\/index.php?rest_route=\/wp\/v2\/posts"}],"about":[{"href":"http:\/\/www.rtvnoticias.com.ar\/index.php?rest_route=\/wp\/v2\/types\/post"}],"author":[{"embeddable":true,"href":"http:\/\/www.rtvnoticias.com.ar\/index.php?rest_route=\/wp\/v2\/users\/7"}],"replies":[{"embeddable":true,"href":"http:\/\/www.rtvnoticias.com.ar\/index.php?rest_route=%2Fwp%2Fv2%2Fcomments&post=32110"}],"version-history":[{"count":1,"href":"http:\/\/www.rtvnoticias.com.ar\/index.php?rest_route=\/wp\/v2\/posts\/32110\/revisions"}],"predecessor-version":[{"id":32112,"href":"http:\/\/www.rtvnoticias.com.ar\/index.php?rest_route=\/wp\/v2\/posts\/32110\/revisions\/32112"}],"wp:featuredmedia":[{"embeddable":true,"href":"http:\/\/www.rtvnoticias.com.ar\/index.php?rest_route=\/wp\/v2\/media\/32111"}],"wp:attachment":[{"href":"http:\/\/www.rtvnoticias.com.ar\/index.php?rest_route=%2Fwp%2Fv2%2Fmedia&parent=32110"}],"wp:term":[{"taxonomy":"category","embeddable":true,"href":"http:\/\/www.rtvnoticias.com.ar\/index.php?rest_route=%2Fwp%2Fv2%2Fcategories&post=32110"},{"taxonomy":"post_tag","embeddable":true,"href":"http:\/\/www.rtvnoticias.com.ar\/index.php?rest_route=%2Fwp%2Fv2%2Ftags&post=32110"}],"curies":[{"name":"wp","href":"https:\/\/api.w.org\/{rel}","templated":true}]}}