{"id":32160,"date":"2022-05-30T11:40:19","date_gmt":"2022-05-30T14:40:19","guid":{"rendered":"http:\/\/www.rtvnoticias.com.ar\/?p=32160"},"modified":"2022-05-30T11:40:21","modified_gmt":"2022-05-30T14:40:21","slug":"jorge-ferraresi-cuando-termine-este-gobierno-algunos-vamos-a-ir-presos-y-otros-iran-a-dar-clases-en-las-universidades-internacionales","status":"publish","type":"post","link":"http:\/\/www.rtvnoticias.com.ar\/?p=32160","title":{"rendered":"Jorge Ferraresi: \u201cCuando termine este Gobierno algunos vamos a ir presos y otros ir\u00e1n a dar clases en las universidades internacionales\u201d"},"content":{"rendered":"\n<p>El ministro de Desarrollo Territorial y H\u00e1bitat y ex intendente de Avellaneda, Jorge Ferraresi,  apunt\u00f3 a la interna del Frente de Todos de cara a las elecciones presidenciales de 2023. \u201cCuando termine este Gobierno algunos vamos a ir presos y otros ir\u00e1n a dar clases en las universidades internacionales\u201d, dijo el funcionario nacional. Lo hizo en un acto para conmemorar los 19 a\u00f1os de la asunci\u00f3n presidencial de N\u00e9stor Kirchner, el 25 de mayo de 2003.<\/p>\n\n\n\n<p>Adem\u00e1s, Ferraresi pidi\u00f3 por la unidad en el oficialismo \u201cpara que nunca m\u00e1s vuelva el neoliberalismo a la Argentina\u201d y consider\u00f3 que si el oficialismo pierde el a\u00f1o que viene habr\u00eda \u201cpersecuciones a los dirigentes populares\u201d.<\/p>\n\n\n\n<p>Tambi\u00e9n, el funcionario de Alberto Fern\u00e1ndez cit\u00f3 al expresidente N\u00e9stor Kirchner: \u201cLo importante no es ganar una elecci\u00f3n, sino mantener las convicciones y esas convicciones que tenemos que mantener tienen que ver con el camino hacia la utop\u00eda\u201d.<\/p>\n\n\n\n<p>El ministro no hizo referencia al Presidente, pero s\u00ed elogi\u00f3 a la vicepresidenta Cristina Kirchner: \u201cLas verdaderas peleas, las peleas m\u00e1s fuertes, las m\u00e1s desiguales, las dio la titular del Senado con la fuerza de la militancia de la gente\u201d.<\/p>\n\n\n\n<p>A su vez, Ferraresi le envi\u00f3 un mensaje a la militancia: \u201cNo nos tienen que contar los esfuerzos que tenemos que hacer los militantes. Lo tenemos que hacer por nuestra esencia, nuestra obligaci\u00f3n y nuestro compromiso por los compa\u00f1eros; muchos dieron la vida para que hoy nosotros estemos ac\u00e1\u201d.<\/p>\n\n\n\n<p>\u201cVamos a trabajar para cumplir con el mandato del 2019, pero con la obligaci\u00f3n de construir el 2023 con un gobierno nacional y popular que profundice las pol\u00edticas y ponga a la Argentina de pie\u201d, finaliz\u00f3 el funcionario<\/p>\n<div class=\"sharedaddy sd-sharing-enabled\"><div class=\"robots-nocontent sd-block sd-social sd-social-icon sd-sharing\"><h3 class=\"sd-title\">Comparte esto:<\/h3><div class=\"sd-content\"><ul><li class=\"share-twitter\"><a rel=\"nofollow noopener noreferrer\" data-shared=\"sharing-twitter-32160\" class=\"share-twitter sd-button share-icon no-text\" href=\"http:\/\/www.rtvnoticias.com.ar\/?p=32160&amp;share=twitter\" target=\"_blank\" title=\"Haz clic para compartir en Twitter\"><span><\/span><span class=\"sharing-screen-reader-text\">Haz clic para compartir en Twitter (Se abre en una ventana nueva)<\/span><\/a><\/li><li class=\"share-facebook\"><a rel=\"nofollow noopener noreferrer\" data-shared=\"sharing-facebook-32160\" class=\"share-facebook sd-button share-icon no-text\" href=\"http:\/\/www.rtvnoticias.com.ar\/?p=32160&amp;share=facebook\" target=\"_blank\" title=\"Haz clic para compartir en Facebook\"><span><\/span><span class=\"sharing-screen-reader-text\">Haz clic para compartir en Facebook (Se abre en una ventana nueva)<\/span><\/a><\/li><li class=\"share-jetpack-whatsapp\"><a rel=\"nofollow noopener noreferrer\" data-shared=\"\" class=\"share-jetpack-whatsapp sd-button share-icon no-text\" href=\"http:\/\/www.rtvnoticias.com.ar\/?p=32160&amp;share=jetpack-whatsapp\" target=\"_blank\" title=\"Haz clic para compartir en WhatsApp\"><span><\/span><span class=\"sharing-screen-reader-text\">Haz clic para compartir en WhatsApp (Se abre en una ventana nueva)<\/span><\/a><\/li><li class=\"share-telegram\"><a rel=\"nofollow noopener noreferrer\" data-shared=\"\" class=\"share-telegram sd-button share-icon no-text\" href=\"http:\/\/www.rtvnoticias.com.ar\/?p=32160&amp;share=telegram\" target=\"_blank\" title=\"Haz clic para compartir en Telegram\"><span><\/span><span class=\"sharing-screen-reader-text\">Haz clic para compartir en Telegram (Se abre en una ventana nueva)<\/span><\/a><\/li><li class=\"share-end\"><\/li><\/ul><\/div><\/div><\/div>","protected":false},"excerpt":{"rendered":"<p>El ministro de Desarrollo Territorial y H\u00e1bitat y ex intendente de Avellaneda, Jorge Ferraresi, apunt\u00f3 a la interna del Frente de Todos de cara a<\/p>\n<div class=\"sharedaddy sd-sharing-enabled\"><div class=\"robots-nocontent sd-block sd-social sd-social-icon sd-sharing\"><h3 class=\"sd-title\">Comparte esto:<\/h3><div class=\"sd-content\"><ul><li class=\"share-twitter\"><a rel=\"nofollow noopener noreferrer\" data-shared=\"sharing-twitter-32160\" class=\"share-twitter sd-button share-icon no-text\" href=\"http:\/\/www.rtvnoticias.com.ar\/?p=32160&amp;share=twitter\" target=\"_blank\" title=\"Haz clic para compartir en Twitter\"><span><\/span><span class=\"sharing-screen-reader-text\">Haz clic para compartir en Twitter (Se abre en una ventana nueva)<\/span><\/a><\/li><li class=\"share-facebook\"><a rel=\"nofollow noopener noreferrer\" data-shared=\"sharing-facebook-32160\" class=\"share-facebook sd-button share-icon no-text\" href=\"http:\/\/www.rtvnoticias.com.ar\/?p=32160&amp;share=facebook\" target=\"_blank\" title=\"Haz clic para compartir en Facebook\"><span><\/span><span class=\"sharing-screen-reader-text\">Haz clic para compartir en Facebook (Se abre en una ventana nueva)<\/span><\/a><\/li><li class=\"share-jetpack-whatsapp\"><a rel=\"nofollow noopener noreferrer\" data-shared=\"\" class=\"share-jetpack-whatsapp sd-button share-icon no-text\" href=\"http:\/\/www.rtvnoticias.com.ar\/?p=32160&amp;share=jetpack-whatsapp\" target=\"_blank\" title=\"Haz clic para compartir en WhatsApp\"><span><\/span><span class=\"sharing-screen-reader-text\">Haz clic para compartir en WhatsApp (Se abre en una ventana nueva)<\/span><\/a><\/li><li class=\"share-telegram\"><a rel=\"nofollow noopener noreferrer\" data-shared=\"\" class=\"share-telegram sd-button share-icon no-text\" href=\"http:\/\/www.rtvnoticias.com.ar\/?p=32160&amp;share=telegram\" target=\"_blank\" title=\"Haz clic para compartir en Telegram\"><span><\/span><span class=\"sharing-screen-reader-text\">Haz clic para compartir en Telegram (Se abre en una ventana nueva)<\/span><\/a><\/li><li class=\"share-end\"><\/li><\/ul><\/div><\/div><\/div>","protected":false},"author":7,"featured_media":32163,"comment_status":"closed","ping_status":"closed","sticky":false,"template":"","format":"standard","meta":{"spay_email":"","jetpack_publicize_message":"","jetpack_is_tweetstorm":false,"jetpack_publicize_feature_enabled":true},"categories":[1],"tags":[],"jetpack_featured_media_url":"http:\/\/www.rtvnoticias.com.ar\/wp-content\/uploads\/2022\/05\/ferraresi.jpg","jetpack_publicize_connections":[],"jetpack_sharing_enabled":true,"_links":{"self":[{"href":"http:\/\/www.rtvnoticias.com.ar\/index.php?rest_route=\/wp\/v2\/posts\/32160"}],"collection":[{"href":"http:\/\/www.rtvnoticias.com.ar\/index.php?rest_route=\/wp\/v2\/posts"}],"about":[{"href":"http:\/\/www.rtvnoticias.com.ar\/index.php?rest_route=\/wp\/v2\/types\/post"}],"author":[{"embeddable":true,"href":"http:\/\/www.rtvnoticias.com.ar\/index.php?rest_route=\/wp\/v2\/users\/7"}],"replies":[{"embeddable":true,"href":"http:\/\/www.rtvnoticias.com.ar\/index.php?rest_route=%2Fwp%2Fv2%2Fcomments&post=32160"}],"version-history":[{"count":1,"href":"http:\/\/www.rtvnoticias.com.ar\/index.php?rest_route=\/wp\/v2\/posts\/32160\/revisions"}],"predecessor-version":[{"id":32161,"href":"http:\/\/www.rtvnoticias.com.ar\/index.php?rest_route=\/wp\/v2\/posts\/32160\/revisions\/32161"}],"wp:featuredmedia":[{"embeddable":true,"href":"http:\/\/www.rtvnoticias.com.ar\/index.php?rest_route=\/wp\/v2\/media\/32163"}],"wp:attachment":[{"href":"http:\/\/www.rtvnoticias.com.ar\/index.php?rest_route=%2Fwp%2Fv2%2Fmedia&parent=32160"}],"wp:term":[{"taxonomy":"category","embeddable":true,"href":"http:\/\/www.rtvnoticias.com.ar\/index.php?rest_route=%2Fwp%2Fv2%2Fcategories&post=32160"},{"taxonomy":"post_tag","embeddable":true,"href":"http:\/\/www.rtvnoticias.com.ar\/index.php?rest_route=%2Fwp%2Fv2%2Ftags&post=32160"}],"curies":[{"name":"wp","href":"https:\/\/api.w.org\/{rel}","templated":true}]}}