{"id":32168,"date":"2022-05-31T12:20:43","date_gmt":"2022-05-31T15:20:43","guid":{"rendered":"http:\/\/www.rtvnoticias.com.ar\/?p=32168"},"modified":"2022-05-31T12:20:46","modified_gmt":"2022-05-31T15:20:46","slug":"el-gobierno-pospone-suba-de-impuestos-a-los-combustibles","status":"publish","type":"post","link":"http:\/\/www.rtvnoticias.com.ar\/?p=32168","title":{"rendered":"El Gobierno pospone suba de impuestos a los combustibles"},"content":{"rendered":"\n<p>El Gobierno volvi\u00f3 a postergar la suba de los impuestos a los combustibles l\u00edquidos para evitar que ese aumento se traslade a los precios de las naftas e impacte en la inflaci\u00f3n.<\/p>\n\n\n\n<p>Adem\u00e1s, estableci\u00f3 que ese ajuste comenzar\u00e1 a regir a partir de septiembre pr\u00f3ximo, seg\u00fan el Decreto 285\/2022, publicado este martes en el Bolet\u00edn Oficial, con las firmas del presidente Alberto Fern\u00e1ndez; del jefe de Gabinete, Juan Manzur y del ministro de Econom\u00eda, Mart\u00edn Guzm\u00e1n.<\/p>\n\n\n\n<p>As\u00ed, los incrementos en los montos del impuesto que resulten de las actualizaciones correspondientes al primer, segundo, tercer y cuarto trimestres de 2021, y al primer trimestre de 2022, surtir\u00e1n efectos para la nafta sin plomo, la nafta virgen y el gasoil a partir del 1\u00b0 de septiembre de 2022, de acuerdo con el texto oficial.<\/p>\n\n\n\n<p>Los montos deben actualizarse por trimestre calendario sobre la base de las variaciones del \u00cdndice de Precios al Consumidor (IPC), considerando las variaciones acumuladas de ese \u00edndice desde enero de 2018, inclusive.<\/p>\n\n\n\n<p>Pero el Poder Ejecutivo aclar\u00f3 que trat\u00e1ndose de impuestos al consumo, \u00aby dado que la demanda de los combustibles l\u00edquidos es altamente inel\u00e1stica, las variaciones en los impuestos se trasladan en forma pr\u00e1cticamente directa a los precios finales de los combustibles\u00bb.<\/p>\n\n\n\n<p>Por ese motivo, resalt\u00f3 que la nueva postergaci\u00f3n se aplic\u00f3 \u00abcon el fin de asegurar una necesaria estabilizaci\u00f3n y una adecuada evoluci\u00f3n de los precios\u00bb en el mercado de combustibles.<\/p>\n\n\n\n<p>El \u00faltimo ajuste en los precios al surtidor se aplic\u00f3 a principios de este mes y fue del 9%, de acuerdo con lo decidido por las petroleras que operan en el mercado local. En lo que va del a\u00f1o, los valores de los combustibles aumentaron tres veces, con una suba acumulada del 30%.<\/p>\n\n\n\n<p>Analistas estiman que el atraso que tiene la actualizaci\u00f3n del impuesto a los combustibles y al di\u00f3xido de carbono es superior al 50%, porcentaje que, de aplicarse, impactar\u00eda directamente en los precio al surtidor.<\/p>\n<div class=\"sharedaddy sd-sharing-enabled\"><div class=\"robots-nocontent sd-block sd-social sd-social-icon sd-sharing\"><h3 class=\"sd-title\">Comparte esto:<\/h3><div class=\"sd-content\"><ul><li class=\"share-twitter\"><a rel=\"nofollow noopener noreferrer\" data-shared=\"sharing-twitter-32168\" class=\"share-twitter sd-button share-icon no-text\" href=\"http:\/\/www.rtvnoticias.com.ar\/?p=32168&amp;share=twitter\" target=\"_blank\" title=\"Haz clic para compartir en Twitter\"><span><\/span><span class=\"sharing-screen-reader-text\">Haz clic para compartir en Twitter (Se abre en una ventana nueva)<\/span><\/a><\/li><li class=\"share-facebook\"><a rel=\"nofollow noopener noreferrer\" data-shared=\"sharing-facebook-32168\" class=\"share-facebook sd-button share-icon no-text\" href=\"http:\/\/www.rtvnoticias.com.ar\/?p=32168&amp;share=facebook\" target=\"_blank\" title=\"Haz clic para compartir en Facebook\"><span><\/span><span class=\"sharing-screen-reader-text\">Haz clic para compartir en Facebook (Se abre en una ventana nueva)<\/span><\/a><\/li><li class=\"share-jetpack-whatsapp\"><a rel=\"nofollow noopener noreferrer\" data-shared=\"\" class=\"share-jetpack-whatsapp sd-button share-icon no-text\" href=\"http:\/\/www.rtvnoticias.com.ar\/?p=32168&amp;share=jetpack-whatsapp\" target=\"_blank\" title=\"Haz clic para compartir en WhatsApp\"><span><\/span><span class=\"sharing-screen-reader-text\">Haz clic para compartir en WhatsApp (Se abre en una ventana nueva)<\/span><\/a><\/li><li class=\"share-telegram\"><a rel=\"nofollow noopener noreferrer\" data-shared=\"\" class=\"share-telegram sd-button share-icon no-text\" href=\"http:\/\/www.rtvnoticias.com.ar\/?p=32168&amp;share=telegram\" target=\"_blank\" title=\"Haz clic para compartir en Telegram\"><span><\/span><span class=\"sharing-screen-reader-text\">Haz clic para compartir en Telegram (Se abre en una ventana nueva)<\/span><\/a><\/li><li class=\"share-end\"><\/li><\/ul><\/div><\/div><\/div>","protected":false},"excerpt":{"rendered":"<p>El Gobierno volvi\u00f3 a postergar la suba de los impuestos a los combustibles l\u00edquidos para evitar que ese aumento se traslade a los precios de<\/p>\n<div class=\"sharedaddy sd-sharing-enabled\"><div class=\"robots-nocontent sd-block sd-social sd-social-icon sd-sharing\"><h3 class=\"sd-title\">Comparte esto:<\/h3><div class=\"sd-content\"><ul><li class=\"share-twitter\"><a rel=\"nofollow noopener noreferrer\" data-shared=\"sharing-twitter-32168\" class=\"share-twitter sd-button share-icon no-text\" href=\"http:\/\/www.rtvnoticias.com.ar\/?p=32168&amp;share=twitter\" target=\"_blank\" title=\"Haz clic para compartir en Twitter\"><span><\/span><span class=\"sharing-screen-reader-text\">Haz clic para compartir en Twitter (Se abre en una ventana nueva)<\/span><\/a><\/li><li class=\"share-facebook\"><a rel=\"nofollow noopener noreferrer\" data-shared=\"sharing-facebook-32168\" class=\"share-facebook sd-button share-icon no-text\" href=\"http:\/\/www.rtvnoticias.com.ar\/?p=32168&amp;share=facebook\" target=\"_blank\" title=\"Haz clic para compartir en Facebook\"><span><\/span><span class=\"sharing-screen-reader-text\">Haz clic para compartir en Facebook (Se abre en una ventana nueva)<\/span><\/a><\/li><li class=\"share-jetpack-whatsapp\"><a rel=\"nofollow noopener noreferrer\" data-shared=\"\" class=\"share-jetpack-whatsapp sd-button share-icon no-text\" href=\"http:\/\/www.rtvnoticias.com.ar\/?p=32168&amp;share=jetpack-whatsapp\" target=\"_blank\" title=\"Haz clic para compartir en WhatsApp\"><span><\/span><span class=\"sharing-screen-reader-text\">Haz clic para compartir en WhatsApp (Se abre en una ventana nueva)<\/span><\/a><\/li><li class=\"share-telegram\"><a rel=\"nofollow noopener noreferrer\" data-shared=\"\" class=\"share-telegram sd-button share-icon no-text\" href=\"http:\/\/www.rtvnoticias.com.ar\/?p=32168&amp;share=telegram\" target=\"_blank\" title=\"Haz clic para compartir en Telegram\"><span><\/span><span class=\"sharing-screen-reader-text\">Haz clic para compartir en Telegram (Se abre en una ventana nueva)<\/span><\/a><\/li><li class=\"share-end\"><\/li><\/ul><\/div><\/div><\/div>","protected":false},"author":7,"featured_media":12601,"comment_status":"closed","ping_status":"closed","sticky":false,"template":"","format":"standard","meta":{"spay_email":"","jetpack_publicize_message":"","jetpack_is_tweetstorm":false,"jetpack_publicize_feature_enabled":true},"categories":[1],"tags":[],"jetpack_featured_media_url":"http:\/\/www.rtvnoticias.com.ar\/wp-content\/uploads\/2019\/06\/combustible.jpg","jetpack_publicize_connections":[],"jetpack_sharing_enabled":true,"_links":{"self":[{"href":"http:\/\/www.rtvnoticias.com.ar\/index.php?rest_route=\/wp\/v2\/posts\/32168"}],"collection":[{"href":"http:\/\/www.rtvnoticias.com.ar\/index.php?rest_route=\/wp\/v2\/posts"}],"about":[{"href":"http:\/\/www.rtvnoticias.com.ar\/index.php?rest_route=\/wp\/v2\/types\/post"}],"author":[{"embeddable":true,"href":"http:\/\/www.rtvnoticias.com.ar\/index.php?rest_route=\/wp\/v2\/users\/7"}],"replies":[{"embeddable":true,"href":"http:\/\/www.rtvnoticias.com.ar\/index.php?rest_route=%2Fwp%2Fv2%2Fcomments&post=32168"}],"version-history":[{"count":1,"href":"http:\/\/www.rtvnoticias.com.ar\/index.php?rest_route=\/wp\/v2\/posts\/32168\/revisions"}],"predecessor-version":[{"id":32169,"href":"http:\/\/www.rtvnoticias.com.ar\/index.php?rest_route=\/wp\/v2\/posts\/32168\/revisions\/32169"}],"wp:featuredmedia":[{"embeddable":true,"href":"http:\/\/www.rtvnoticias.com.ar\/index.php?rest_route=\/wp\/v2\/media\/12601"}],"wp:attachment":[{"href":"http:\/\/www.rtvnoticias.com.ar\/index.php?rest_route=%2Fwp%2Fv2%2Fmedia&parent=32168"}],"wp:term":[{"taxonomy":"category","embeddable":true,"href":"http:\/\/www.rtvnoticias.com.ar\/index.php?rest_route=%2Fwp%2Fv2%2Fcategories&post=32168"},{"taxonomy":"post_tag","embeddable":true,"href":"http:\/\/www.rtvnoticias.com.ar\/index.php?rest_route=%2Fwp%2Fv2%2Ftags&post=32168"}],"curies":[{"name":"wp","href":"https:\/\/api.w.org\/{rel}","templated":true}]}}