{"id":32175,"date":"2022-06-01T09:34:22","date_gmt":"2022-06-01T12:34:22","guid":{"rendered":"http:\/\/www.rtvnoticias.com.ar\/?p=32175"},"modified":"2022-06-01T09:34:25","modified_gmt":"2022-06-01T12:34:25","slug":"varias-provincias-sufren-la-escasez-de-gasoil-y-en-el-gobierno-dicen-que-se-va-a-importar-mas","status":"publish","type":"post","link":"http:\/\/www.rtvnoticias.com.ar\/?p=32175","title":{"rendered":"Varias provincias sufren la escasez de gasoil y en el Gobierno dicen que \u00abse va a importar m\u00e1s\u201d"},"content":{"rendered":"\n<p>El jefe de Gabinete, Juan Manzur, se refiri\u00f3 esta ma\u00f1ana a la escasez de combustible que afecta a unas ocho provincias y confirm\u00f3 que es un problema a solucionar \u00aben los pr\u00f3ximos d\u00edas\u00bb.<\/p>\n\n\n\n<p>\u201cEstuvimos reunidos en el \u00faltimo encuentro con los gobernadores del norte grande. Se tocaron m\u00faltiples temas que tienen que ver con las econom\u00edas regionales, con infraestructura, y entre ellos se preve\u00eda una escasez, un faltante de combustible\u201d, sostuvo el funcionario en la puerta de la Casa Rosada. Y agreg\u00f3: \u201cEstamos trabajando. Ayer habl\u00e9 con las autoridades, se va a resolver en el trascurso de hoy o de ma\u00f1ana. Se va a importar m\u00e1s\u201d.<\/p>\n\n\n\n<p>Justamente en las \u00faltimas horas, FADEEAC, la c\u00e1mara nacional que agrupa a las empresas de transporte de cargas, lanz\u00f3 un alerta donde especifica que \u00ab8 provincias est\u00e1n en rojo\u00bb, es decir con muy bajo o nulo suministro de gasoil en estaciones de servicio. Las jurisdicciones son Jujuy, Salta, Formosa, Tucum\u00e1n, Misiones, Corrientes, Santa Fe y Entre R\u00edos.<\/p>\n\n\n\n<p>\u00abLas rutas 14, 34, 9, 12 y 7 son las que sufren mayor desabastecimiento de combustible, al tiempo que aumentan las provincias en rojo, naranja y amarillo en el &#8216;Mapa de abastecimiento de gasoil, creado por t\u00e9cnicos de la Federaci\u00f3n Argentina de Entidades Empresarias del Autotransporte de Cargas (FADEEAC)\u00bb, indica el informe.<\/p>\n\n\n\n<p>\u00abEl desabastecimiento que estamos sufriendo lleva m\u00e1s de dos meses. Entendemos que no es un tema sencillo de solucionar, pero nos queda en claro que se trata de un problema generado por la falta de divisas y la dificultad para avanzar r\u00e1pido en las pol\u00edticas que se requieren\u00bb, declar\u00f3 Roberto Guarnieri, presidente de FADEEAC .<\/p>\n\n\n\n<p>Y agreg\u00f3: \u00abDesde hace varias semanas, cientos de camiones de Bolivia vienen al puerto de Campana a buscar el combustible que importa su pa\u00eds. Si se paga, hay combustible disponible. Mientras tanto, en Argentina tenemos camiones varados a orillas de la ruta, por falta de gasoil\u00bb.<\/p>\n<div class=\"sharedaddy sd-sharing-enabled\"><div class=\"robots-nocontent sd-block sd-social sd-social-icon sd-sharing\"><h3 class=\"sd-title\">Comparte esto:<\/h3><div class=\"sd-content\"><ul><li class=\"share-twitter\"><a rel=\"nofollow noopener noreferrer\" data-shared=\"sharing-twitter-32175\" class=\"share-twitter sd-button share-icon no-text\" href=\"http:\/\/www.rtvnoticias.com.ar\/?p=32175&amp;share=twitter\" target=\"_blank\" title=\"Haz clic para compartir en Twitter\"><span><\/span><span class=\"sharing-screen-reader-text\">Haz clic para compartir en Twitter (Se abre en una ventana nueva)<\/span><\/a><\/li><li class=\"share-facebook\"><a rel=\"nofollow noopener noreferrer\" data-shared=\"sharing-facebook-32175\" class=\"share-facebook sd-button share-icon no-text\" href=\"http:\/\/www.rtvnoticias.com.ar\/?p=32175&amp;share=facebook\" target=\"_blank\" title=\"Haz clic para compartir en Facebook\"><span><\/span><span class=\"sharing-screen-reader-text\">Haz clic para compartir en Facebook (Se abre en una ventana nueva)<\/span><\/a><\/li><li class=\"share-jetpack-whatsapp\"><a rel=\"nofollow noopener noreferrer\" data-shared=\"\" class=\"share-jetpack-whatsapp sd-button share-icon no-text\" href=\"http:\/\/www.rtvnoticias.com.ar\/?p=32175&amp;share=jetpack-whatsapp\" target=\"_blank\" title=\"Haz clic para compartir en WhatsApp\"><span><\/span><span class=\"sharing-screen-reader-text\">Haz clic para compartir en WhatsApp (Se abre en una ventana nueva)<\/span><\/a><\/li><li class=\"share-telegram\"><a rel=\"nofollow noopener noreferrer\" data-shared=\"\" class=\"share-telegram sd-button share-icon no-text\" href=\"http:\/\/www.rtvnoticias.com.ar\/?p=32175&amp;share=telegram\" target=\"_blank\" title=\"Haz clic para compartir en Telegram\"><span><\/span><span class=\"sharing-screen-reader-text\">Haz clic para compartir en Telegram (Se abre en una ventana nueva)<\/span><\/a><\/li><li class=\"share-end\"><\/li><\/ul><\/div><\/div><\/div>","protected":false},"excerpt":{"rendered":"<p>El jefe de Gabinete, Juan Manzur, se refiri\u00f3 esta ma\u00f1ana a la escasez de combustible que afecta a unas ocho provincias y confirm\u00f3 que es<\/p>\n<div class=\"sharedaddy sd-sharing-enabled\"><div class=\"robots-nocontent sd-block sd-social sd-social-icon sd-sharing\"><h3 class=\"sd-title\">Comparte esto:<\/h3><div class=\"sd-content\"><ul><li class=\"share-twitter\"><a rel=\"nofollow noopener noreferrer\" data-shared=\"sharing-twitter-32175\" class=\"share-twitter sd-button share-icon no-text\" href=\"http:\/\/www.rtvnoticias.com.ar\/?p=32175&amp;share=twitter\" target=\"_blank\" title=\"Haz clic para compartir en Twitter\"><span><\/span><span class=\"sharing-screen-reader-text\">Haz clic para compartir en Twitter (Se abre en una ventana nueva)<\/span><\/a><\/li><li class=\"share-facebook\"><a rel=\"nofollow noopener noreferrer\" data-shared=\"sharing-facebook-32175\" class=\"share-facebook sd-button share-icon no-text\" href=\"http:\/\/www.rtvnoticias.com.ar\/?p=32175&amp;share=facebook\" target=\"_blank\" title=\"Haz clic para compartir en Facebook\"><span><\/span><span class=\"sharing-screen-reader-text\">Haz clic para compartir en Facebook (Se abre en una ventana nueva)<\/span><\/a><\/li><li class=\"share-jetpack-whatsapp\"><a rel=\"nofollow noopener noreferrer\" data-shared=\"\" class=\"share-jetpack-whatsapp sd-button share-icon no-text\" href=\"http:\/\/www.rtvnoticias.com.ar\/?p=32175&amp;share=jetpack-whatsapp\" target=\"_blank\" title=\"Haz clic para compartir en WhatsApp\"><span><\/span><span class=\"sharing-screen-reader-text\">Haz clic para compartir en WhatsApp (Se abre en una ventana nueva)<\/span><\/a><\/li><li class=\"share-telegram\"><a rel=\"nofollow noopener noreferrer\" data-shared=\"\" class=\"share-telegram sd-button share-icon no-text\" href=\"http:\/\/www.rtvnoticias.com.ar\/?p=32175&amp;share=telegram\" target=\"_blank\" title=\"Haz clic para compartir en Telegram\"><span><\/span><span class=\"sharing-screen-reader-text\">Haz clic para compartir en Telegram (Se abre en una ventana nueva)<\/span><\/a><\/li><li class=\"share-end\"><\/li><\/ul><\/div><\/div><\/div>","protected":false},"author":7,"featured_media":29117,"comment_status":"closed","ping_status":"closed","sticky":false,"template":"","format":"standard","meta":{"spay_email":"","jetpack_publicize_message":"","jetpack_is_tweetstorm":false,"jetpack_publicize_feature_enabled":true},"categories":[1],"tags":[],"jetpack_featured_media_url":"http:\/\/www.rtvnoticias.com.ar\/wp-content\/uploads\/2021\/09\/manzur.jpg","jetpack_publicize_connections":[],"jetpack_sharing_enabled":true,"_links":{"self":[{"href":"http:\/\/www.rtvnoticias.com.ar\/index.php?rest_route=\/wp\/v2\/posts\/32175"}],"collection":[{"href":"http:\/\/www.rtvnoticias.com.ar\/index.php?rest_route=\/wp\/v2\/posts"}],"about":[{"href":"http:\/\/www.rtvnoticias.com.ar\/index.php?rest_route=\/wp\/v2\/types\/post"}],"author":[{"embeddable":true,"href":"http:\/\/www.rtvnoticias.com.ar\/index.php?rest_route=\/wp\/v2\/users\/7"}],"replies":[{"embeddable":true,"href":"http:\/\/www.rtvnoticias.com.ar\/index.php?rest_route=%2Fwp%2Fv2%2Fcomments&post=32175"}],"version-history":[{"count":1,"href":"http:\/\/www.rtvnoticias.com.ar\/index.php?rest_route=\/wp\/v2\/posts\/32175\/revisions"}],"predecessor-version":[{"id":32176,"href":"http:\/\/www.rtvnoticias.com.ar\/index.php?rest_route=\/wp\/v2\/posts\/32175\/revisions\/32176"}],"wp:featuredmedia":[{"embeddable":true,"href":"http:\/\/www.rtvnoticias.com.ar\/index.php?rest_route=\/wp\/v2\/media\/29117"}],"wp:attachment":[{"href":"http:\/\/www.rtvnoticias.com.ar\/index.php?rest_route=%2Fwp%2Fv2%2Fmedia&parent=32175"}],"wp:term":[{"taxonomy":"category","embeddable":true,"href":"http:\/\/www.rtvnoticias.com.ar\/index.php?rest_route=%2Fwp%2Fv2%2Fcategories&post=32175"},{"taxonomy":"post_tag","embeddable":true,"href":"http:\/\/www.rtvnoticias.com.ar\/index.php?rest_route=%2Fwp%2Fv2%2Ftags&post=32175"}],"curies":[{"name":"wp","href":"https:\/\/api.w.org\/{rel}","templated":true}]}}