{"id":32780,"date":"2022-07-08T12:20:01","date_gmt":"2022-07-08T15:20:01","guid":{"rendered":"http:\/\/www.rtvnoticias.com.ar\/?p=32780"},"modified":"2022-07-08T12:20:07","modified_gmt":"2022-07-08T15:20:07","slug":"asi-es-la-camiseta-de-la-seleccion-para-el-mundial","status":"publish","type":"post","link":"http:\/\/www.rtvnoticias.com.ar\/?p=32780","title":{"rendered":"As\u00ed es la camiseta de la Selecci\u00f3n para el Mundial"},"content":{"rendered":"\n<p class=\"has-text-align-center\"><strong>El nuevo dise\u00f1o lleva tres bastones de color celeste intenso en el frente, el logo de la AFA en costado izquierdo del pecho y el de la marca Adidas en el derecho en el mismo tono negro de los pu\u00f1os y el cuello.<\/strong><\/p>\n\n\n\n<p>El seleccionado argentino de f\u00fatbol present\u00f3 oficialmente este viernes la camiseta con la que buscar\u00e1 su tercera corona en el Mundial Qatar 2022, que se disputar\u00e1 entre el 21 de noviembre y 18 de diciembre.<\/p>\n\n\n\n<p>El nuevo dise\u00f1o presenta tres bastones de color celeste intenso en el frente, el logo de la Asociaci\u00f3n del F\u00fatbol Argentino (AFA) en costado izquierdo del pecho y el de la marca Adidas en el derecho en el mismo tono negro de los pu\u00f1os y el cuello.<\/p>\n\n\n\n<p>En la parte posterior, el bast\u00f3n central emula el dise\u00f1o de la bandera argentina con una franja blanca en el medio y lleva el sol a la altura de la nuca. De momento, no se divulg\u00f3 el dise\u00f1o de la indumentaria suplente, tradicionalmente de color azul.<\/p>\n\n\n\n<p>La nueva camiseta ya puede adquirirse de manera anticipada en la web de Adidas a un precio de 17.999 pesos con el n\u00famero 10 y el nombre de Messi. Sin estampado, su precio es de $ 14.999. El modelo femenino se vende a 13.999 y la versi\u00f3n infantil a 12.999.<\/p>\n\n\n\n<p>Este modelo reemplazar\u00e1 a otro de tono m\u00e1s p\u00e1lido que ingres\u00f3 en el coraz\u00f3n de los fan\u00e1ticos argentinos por ser el atuendo con el que Argentina cort\u00f3 una sequ\u00eda de 28 a\u00f1os sin t\u00edtulo en la Copa Am\u00e9rica 2021 disputada en Brasil.<\/p>\n\n\n\n<p>En las redes sociales, grupos de hinchas intentaron lanzar una campa\u00f1a para que Adidas mantuviera por c\u00e1bala la misma camiseta con la que tambi\u00e9n Argentina coron\u00f3 la Finalissima ante Italia en Wembley.<\/p>\n\n\n\n<p>El seleccionado argentino femenino, que debutar\u00e1 ma\u00f1ana ante Brasil en la Copa Am\u00e9rica de Colombia, ser\u00e1 el primero en estrenar el atuendo.<\/p>\n<div class=\"sharedaddy sd-sharing-enabled\"><div class=\"robots-nocontent sd-block sd-social sd-social-icon sd-sharing\"><h3 class=\"sd-title\">Comparte esto:<\/h3><div class=\"sd-content\"><ul><li class=\"share-twitter\"><a rel=\"nofollow noopener noreferrer\" data-shared=\"sharing-twitter-32780\" class=\"share-twitter sd-button share-icon no-text\" href=\"http:\/\/www.rtvnoticias.com.ar\/?p=32780&amp;share=twitter\" target=\"_blank\" title=\"Haz clic para compartir en Twitter\"><span><\/span><span class=\"sharing-screen-reader-text\">Haz clic para compartir en Twitter (Se abre en una ventana nueva)<\/span><\/a><\/li><li class=\"share-facebook\"><a rel=\"nofollow noopener noreferrer\" data-shared=\"sharing-facebook-32780\" class=\"share-facebook sd-button share-icon no-text\" href=\"http:\/\/www.rtvnoticias.com.ar\/?p=32780&amp;share=facebook\" target=\"_blank\" title=\"Haz clic para compartir en Facebook\"><span><\/span><span class=\"sharing-screen-reader-text\">Haz clic para compartir en Facebook (Se abre en una ventana nueva)<\/span><\/a><\/li><li class=\"share-jetpack-whatsapp\"><a rel=\"nofollow noopener noreferrer\" data-shared=\"\" class=\"share-jetpack-whatsapp sd-button share-icon no-text\" href=\"http:\/\/www.rtvnoticias.com.ar\/?p=32780&amp;share=jetpack-whatsapp\" target=\"_blank\" title=\"Haz clic para compartir en WhatsApp\"><span><\/span><span class=\"sharing-screen-reader-text\">Haz clic para compartir en WhatsApp (Se abre en una ventana nueva)<\/span><\/a><\/li><li class=\"share-telegram\"><a rel=\"nofollow noopener noreferrer\" data-shared=\"\" class=\"share-telegram sd-button share-icon no-text\" href=\"http:\/\/www.rtvnoticias.com.ar\/?p=32780&amp;share=telegram\" target=\"_blank\" title=\"Haz clic para compartir en Telegram\"><span><\/span><span class=\"sharing-screen-reader-text\">Haz clic para compartir en Telegram (Se abre en una ventana nueva)<\/span><\/a><\/li><li class=\"share-end\"><\/li><\/ul><\/div><\/div><\/div>","protected":false},"excerpt":{"rendered":"<p>El nuevo dise\u00f1o lleva tres bastones de color celeste intenso en el frente, el logo de la AFA en costado izquierdo del pecho y el<\/p>\n<div class=\"sharedaddy sd-sharing-enabled\"><div class=\"robots-nocontent sd-block sd-social sd-social-icon sd-sharing\"><h3 class=\"sd-title\">Comparte esto:<\/h3><div class=\"sd-content\"><ul><li class=\"share-twitter\"><a rel=\"nofollow noopener noreferrer\" data-shared=\"sharing-twitter-32780\" class=\"share-twitter sd-button share-icon no-text\" href=\"http:\/\/www.rtvnoticias.com.ar\/?p=32780&amp;share=twitter\" target=\"_blank\" title=\"Haz clic para compartir en Twitter\"><span><\/span><span class=\"sharing-screen-reader-text\">Haz clic para compartir en Twitter (Se abre en una ventana nueva)<\/span><\/a><\/li><li class=\"share-facebook\"><a rel=\"nofollow noopener noreferrer\" data-shared=\"sharing-facebook-32780\" class=\"share-facebook sd-button share-icon no-text\" href=\"http:\/\/www.rtvnoticias.com.ar\/?p=32780&amp;share=facebook\" target=\"_blank\" title=\"Haz clic para compartir en Facebook\"><span><\/span><span class=\"sharing-screen-reader-text\">Haz clic para compartir en Facebook (Se abre en una ventana nueva)<\/span><\/a><\/li><li class=\"share-jetpack-whatsapp\"><a rel=\"nofollow noopener noreferrer\" data-shared=\"\" class=\"share-jetpack-whatsapp sd-button share-icon no-text\" href=\"http:\/\/www.rtvnoticias.com.ar\/?p=32780&amp;share=jetpack-whatsapp\" target=\"_blank\" title=\"Haz clic para compartir en WhatsApp\"><span><\/span><span class=\"sharing-screen-reader-text\">Haz clic para compartir en WhatsApp (Se abre en una ventana nueva)<\/span><\/a><\/li><li class=\"share-telegram\"><a rel=\"nofollow noopener noreferrer\" data-shared=\"\" class=\"share-telegram sd-button share-icon no-text\" href=\"http:\/\/www.rtvnoticias.com.ar\/?p=32780&amp;share=telegram\" target=\"_blank\" title=\"Haz clic para compartir en Telegram\"><span><\/span><span class=\"sharing-screen-reader-text\">Haz clic para compartir en Telegram (Se abre en una ventana nueva)<\/span><\/a><\/li><li class=\"share-end\"><\/li><\/ul><\/div><\/div><\/div>","protected":false},"author":7,"featured_media":32783,"comment_status":"closed","ping_status":"closed","sticky":false,"template":"","format":"standard","meta":{"spay_email":"","jetpack_publicize_message":"","jetpack_is_tweetstorm":false,"jetpack_publicize_feature_enabled":true},"categories":[6],"tags":[709,3966,3965,1310,3964,990],"jetpack_featured_media_url":"http:\/\/www.rtvnoticias.com.ar\/wp-content\/uploads\/2022\/07\/camiseta-argentina.jpg","jetpack_publicize_connections":[],"jetpack_sharing_enabled":true,"_links":{"self":[{"href":"http:\/\/www.rtvnoticias.com.ar\/index.php?rest_route=\/wp\/v2\/posts\/32780"}],"collection":[{"href":"http:\/\/www.rtvnoticias.com.ar\/index.php?rest_route=\/wp\/v2\/posts"}],"about":[{"href":"http:\/\/www.rtvnoticias.com.ar\/index.php?rest_route=\/wp\/v2\/types\/post"}],"author":[{"embeddable":true,"href":"http:\/\/www.rtvnoticias.com.ar\/index.php?rest_route=\/wp\/v2\/users\/7"}],"replies":[{"embeddable":true,"href":"http:\/\/www.rtvnoticias.com.ar\/index.php?rest_route=%2Fwp%2Fv2%2Fcomments&post=32780"}],"version-history":[{"count":1,"href":"http:\/\/www.rtvnoticias.com.ar\/index.php?rest_route=\/wp\/v2\/posts\/32780\/revisions"}],"predecessor-version":[{"id":32784,"href":"http:\/\/www.rtvnoticias.com.ar\/index.php?rest_route=\/wp\/v2\/posts\/32780\/revisions\/32784"}],"wp:featuredmedia":[{"embeddable":true,"href":"http:\/\/www.rtvnoticias.com.ar\/index.php?rest_route=\/wp\/v2\/media\/32783"}],"wp:attachment":[{"href":"http:\/\/www.rtvnoticias.com.ar\/index.php?rest_route=%2Fwp%2Fv2%2Fmedia&parent=32780"}],"wp:term":[{"taxonomy":"category","embeddable":true,"href":"http:\/\/www.rtvnoticias.com.ar\/index.php?rest_route=%2Fwp%2Fv2%2Fcategories&post=32780"},{"taxonomy":"post_tag","embeddable":true,"href":"http:\/\/www.rtvnoticias.com.ar\/index.php?rest_route=%2Fwp%2Fv2%2Ftags&post=32780"}],"curies":[{"name":"wp","href":"https:\/\/api.w.org\/{rel}","templated":true}]}}