{"id":34665,"date":"2022-11-18T11:21:14","date_gmt":"2022-11-18T14:21:14","guid":{"rendered":"http:\/\/www.rtvnoticias.com.ar\/?p=34665"},"modified":"2022-11-18T11:21:17","modified_gmt":"2022-11-18T14:21:17","slug":"bensusan-fue-designado-como-miembro-suplente-del-consejo-de-la-magistratura-de-la-nacion","status":"publish","type":"post","link":"http:\/\/www.rtvnoticias.com.ar\/?p=34665","title":{"rendered":"Bensus\u00e1n fue designado como miembro suplente del Consejo de la Magistratura de la Naci\u00f3n"},"content":{"rendered":"\n<p>El senador Daniel Bensus\u00e1n fue designado como miembro suplente del Consejo de la Magistratura de la Naci\u00f3n, en representaci\u00f3n del bloque Frente Nacional y Popular, por la mayor\u00eda de la conformaci\u00f3n del Senado de la Naci\u00f3n. Los miembros titulares por esa bancada ser\u00e1n Mar\u00eda In\u00e9s Pilatti Vergara y Mariano Recalde. La otra titularidad suplente ser\u00e1 para Claudia Ledesma Abdala.<\/p>\n\n\n\n<p>El nombramiento de los miembros del Consejo de la Magistratura, representando al Senado de la Naci\u00f3n, logr\u00f3 el voto favorable de los legisladores en la sesi\u00f3n de este mi\u00e9rcoles. Tambi\u00e9n se vot\u00f3 que integren el Consejo Eduardo Vischi, como titular, y Silvia Giacoppo, suplente, por la Uni\u00f3n C\u00edvica Radical (primera minor\u00eda). Por el bloque de Unidad Ciudadana, como segunda minor\u00eda, los representantes ser\u00e1n Mart\u00edn Do\u00f1ate y Anabel Fern\u00e1ndez Sagasti, titular y suplente, respectivamente.<\/p>\n\n\n\n<p>\u201cMe siento orgulloso, como representante de mi querida provincia de La Pampa, de poder integrar el Consejo de la Magistratura, como primer suplente del titular designado por mi bloque\u201d, dijo el legislador.<\/p>\n\n\n\n<p>Tambi\u00e9n agreg\u00f3 que \u201cya tuve ese honor como integrante del Consejo de la Magistratura de La Pampa, y ahora podr\u00e9 hacerlo en el nacional\u201d.<\/p>\n\n\n\n<p>Bensus\u00e1n ratific\u00f3 sus dichos, respecto a que aspira una justicia federal \u201ccon una visi\u00f3n integral del pa\u00eds, de una mayor celeridad e inmediatez en las resoluciones que se tomen en los tribunales de todo el pa\u00eds\u201d.<\/p>\n\n\n\n<p>En ese sentido expres\u00f3 que es un\u00e1nime el pedido de una justicia federal \u201cque sea accesible, para que cualquier ciudadano o ciudadana pueda tener sus derechos garantizados, y que sus fallos traigan la tranquilidad de saber que se hizo justicia\u201d.<\/p>\n\n\n\n<p>Tenemos de recuperar la confianza en las instituciones de la Justicia Argentina, participando y haciendo respetar el rol que tiene. Es la forma en que debemos defender la Democracia .<\/p>\n<div class=\"sharedaddy sd-sharing-enabled\"><div class=\"robots-nocontent sd-block sd-social sd-social-icon sd-sharing\"><h3 class=\"sd-title\">Comparte esto:<\/h3><div class=\"sd-content\"><ul><li class=\"share-twitter\"><a rel=\"nofollow noopener noreferrer\" data-shared=\"sharing-twitter-34665\" class=\"share-twitter sd-button share-icon no-text\" href=\"http:\/\/www.rtvnoticias.com.ar\/?p=34665&amp;share=twitter\" target=\"_blank\" title=\"Haz clic para compartir en Twitter\"><span><\/span><span class=\"sharing-screen-reader-text\">Haz clic para compartir en Twitter (Se abre en una ventana nueva)<\/span><\/a><\/li><li class=\"share-facebook\"><a rel=\"nofollow noopener noreferrer\" data-shared=\"sharing-facebook-34665\" class=\"share-facebook sd-button share-icon no-text\" href=\"http:\/\/www.rtvnoticias.com.ar\/?p=34665&amp;share=facebook\" target=\"_blank\" title=\"Haz clic para compartir en Facebook\"><span><\/span><span class=\"sharing-screen-reader-text\">Haz clic para compartir en Facebook (Se abre en una ventana nueva)<\/span><\/a><\/li><li class=\"share-jetpack-whatsapp\"><a rel=\"nofollow noopener noreferrer\" data-shared=\"\" class=\"share-jetpack-whatsapp sd-button share-icon no-text\" href=\"http:\/\/www.rtvnoticias.com.ar\/?p=34665&amp;share=jetpack-whatsapp\" target=\"_blank\" title=\"Haz clic para compartir en WhatsApp\"><span><\/span><span class=\"sharing-screen-reader-text\">Haz clic para compartir en WhatsApp (Se abre en una ventana nueva)<\/span><\/a><\/li><li class=\"share-telegram\"><a rel=\"nofollow noopener noreferrer\" data-shared=\"\" class=\"share-telegram sd-button share-icon no-text\" href=\"http:\/\/www.rtvnoticias.com.ar\/?p=34665&amp;share=telegram\" target=\"_blank\" title=\"Haz clic para compartir en Telegram\"><span><\/span><span class=\"sharing-screen-reader-text\">Haz clic para compartir en Telegram (Se abre en una ventana nueva)<\/span><\/a><\/li><li class=\"share-end\"><\/li><\/ul><\/div><\/div><\/div>","protected":false},"excerpt":{"rendered":"<p>El senador Daniel Bensus\u00e1n fue designado como miembro suplente del Consejo de la Magistratura de la Naci\u00f3n, en representaci\u00f3n del bloque Frente Nacional y Popular,<\/p>\n<div class=\"sharedaddy sd-sharing-enabled\"><div class=\"robots-nocontent sd-block sd-social sd-social-icon sd-sharing\"><h3 class=\"sd-title\">Comparte esto:<\/h3><div class=\"sd-content\"><ul><li class=\"share-twitter\"><a rel=\"nofollow noopener noreferrer\" data-shared=\"sharing-twitter-34665\" class=\"share-twitter sd-button share-icon no-text\" href=\"http:\/\/www.rtvnoticias.com.ar\/?p=34665&amp;share=twitter\" target=\"_blank\" title=\"Haz clic para compartir en Twitter\"><span><\/span><span class=\"sharing-screen-reader-text\">Haz clic para compartir en Twitter (Se abre en una ventana nueva)<\/span><\/a><\/li><li class=\"share-facebook\"><a rel=\"nofollow noopener noreferrer\" data-shared=\"sharing-facebook-34665\" class=\"share-facebook sd-button share-icon no-text\" href=\"http:\/\/www.rtvnoticias.com.ar\/?p=34665&amp;share=facebook\" target=\"_blank\" title=\"Haz clic para compartir en Facebook\"><span><\/span><span class=\"sharing-screen-reader-text\">Haz clic para compartir en Facebook (Se abre en una ventana nueva)<\/span><\/a><\/li><li class=\"share-jetpack-whatsapp\"><a rel=\"nofollow noopener noreferrer\" data-shared=\"\" class=\"share-jetpack-whatsapp sd-button share-icon no-text\" href=\"http:\/\/www.rtvnoticias.com.ar\/?p=34665&amp;share=jetpack-whatsapp\" target=\"_blank\" title=\"Haz clic para compartir en WhatsApp\"><span><\/span><span class=\"sharing-screen-reader-text\">Haz clic para compartir en WhatsApp (Se abre en una ventana nueva)<\/span><\/a><\/li><li class=\"share-telegram\"><a rel=\"nofollow noopener noreferrer\" data-shared=\"\" class=\"share-telegram sd-button share-icon no-text\" href=\"http:\/\/www.rtvnoticias.com.ar\/?p=34665&amp;share=telegram\" target=\"_blank\" title=\"Haz clic para compartir en Telegram\"><span><\/span><span class=\"sharing-screen-reader-text\">Haz clic para compartir en Telegram (Se abre en una ventana nueva)<\/span><\/a><\/li><li class=\"share-end\"><\/li><\/ul><\/div><\/div><\/div>","protected":false},"author":7,"featured_media":31498,"comment_status":"closed","ping_status":"closed","sticky":false,"template":"","format":"standard","meta":{"spay_email":"","jetpack_publicize_message":"","jetpack_is_tweetstorm":false,"jetpack_publicize_feature_enabled":true},"categories":[5],"tags":[],"jetpack_featured_media_url":"http:\/\/www.rtvnoticias.com.ar\/wp-content\/uploads\/2022\/04\/bensusan2.jpg","jetpack_publicize_connections":[],"jetpack_sharing_enabled":true,"_links":{"self":[{"href":"http:\/\/www.rtvnoticias.com.ar\/index.php?rest_route=\/wp\/v2\/posts\/34665"}],"collection":[{"href":"http:\/\/www.rtvnoticias.com.ar\/index.php?rest_route=\/wp\/v2\/posts"}],"about":[{"href":"http:\/\/www.rtvnoticias.com.ar\/index.php?rest_route=\/wp\/v2\/types\/post"}],"author":[{"embeddable":true,"href":"http:\/\/www.rtvnoticias.com.ar\/index.php?rest_route=\/wp\/v2\/users\/7"}],"replies":[{"embeddable":true,"href":"http:\/\/www.rtvnoticias.com.ar\/index.php?rest_route=%2Fwp%2Fv2%2Fcomments&post=34665"}],"version-history":[{"count":1,"href":"http:\/\/www.rtvnoticias.com.ar\/index.php?rest_route=\/wp\/v2\/posts\/34665\/revisions"}],"predecessor-version":[{"id":34666,"href":"http:\/\/www.rtvnoticias.com.ar\/index.php?rest_route=\/wp\/v2\/posts\/34665\/revisions\/34666"}],"wp:featuredmedia":[{"embeddable":true,"href":"http:\/\/www.rtvnoticias.com.ar\/index.php?rest_route=\/wp\/v2\/media\/31498"}],"wp:attachment":[{"href":"http:\/\/www.rtvnoticias.com.ar\/index.php?rest_route=%2Fwp%2Fv2%2Fmedia&parent=34665"}],"wp:term":[{"taxonomy":"category","embeddable":true,"href":"http:\/\/www.rtvnoticias.com.ar\/index.php?rest_route=%2Fwp%2Fv2%2Fcategories&post=34665"},{"taxonomy":"post_tag","embeddable":true,"href":"http:\/\/www.rtvnoticias.com.ar\/index.php?rest_route=%2Fwp%2Fv2%2Ftags&post=34665"}],"curies":[{"name":"wp","href":"https:\/\/api.w.org\/{rel}","templated":true}]}}