{"id":34667,"date":"2022-11-18T11:52:48","date_gmt":"2022-11-18T14:52:48","guid":{"rendered":"http:\/\/www.rtvnoticias.com.ar\/?p=34667"},"modified":"2022-11-18T11:52:53","modified_gmt":"2022-11-18T14:52:53","slug":"podemos-volver-a-ser-la-argentina-que-fuimos","status":"publish","type":"post","link":"http:\/\/www.rtvnoticias.com.ar\/?p=34667","title":{"rendered":"\u00abPodemos volver a ser la Argentina que fuimos\u00bb"},"content":{"rendered":"\n<p>La vicepresidenta Cristina Fern\u00e1ndez habl\u00f3 este jueves en un claro tono electoral en el acto que encabez\u00f3 en La Plata por el D\u00eda de la Militancia y en referencia a sus anteriores gobiernos se\u00f1al\u00f3 \u00abel cambio somos nosotros\u00bb.<\/p>\n\n\n\n<p>A su vez, afirm\u00f3 que \u00abel 1 de septiembre\u00bb \u00faltimo \u00abse quebr\u00f3 por primera vez el pacto democr\u00e1tico de respetar la vida\u00bb, en referencia al intento de magnicidio que sufri\u00f3 en la puerta de su casa del barrio de Recoleta.<\/p>\n\n\n\n<p>La vicepresidenta plante\u00f3 que \u00abes obligaci\u00f3n de todas las fuerzas volver a construir ese pacto democr\u00e1tico separando a los violentos, al lenguaje del odio y al que quiere que el otro se muera porque piensa diferente\u00bb, dijo, y alert\u00f3 que, en caso contrario, ser\u00eda \u00abretroceder\u00bb.<\/p>\n\n\n\n<p><strong>Consejo de la Magistratura<\/strong><\/p>\n\n\n\n<p>La vicepresidenta asegur\u00f3 en tanto que sus cr\u00edticas al Gobierno en materia econ\u00f3mica no son \u00abpor terquedad o capricho\u00bb sino porque quiere que \u00ablas cosas se hagan mejor\u00bb y al escuchar c\u00e1nticos que reclamaban su candidatura en 2023, respondi\u00f3 citando a Juan Domingo Per\u00f3n: \u00abTodo en su medida y armoniosamente\u00bb.<\/p>\n\n\n\n<p>En ese sentido, se\u00f1al\u00f3 que a partir del regreso de la democracia, en 1983, \u00abhubo un acuerdo t\u00e1cito\u00bb que indicaba que \u00abning\u00fan argentino se pon\u00eda en peligro por pensar diferente\u00bb.<\/p>\n\n\n\n<p>A su vez, afirm\u00f3 que \u00abnadie venga\u00bb a querer explicarle a los peronistas lo que es \u00abla libertad de poder elegir, de poder hablar\u00bb, el recordar el d\u00eda en el que el expresidente Juan Domingo Per\u00f3n volvi\u00f3 \u00aba la patria despu\u00e9s del exilio y la proscripci\u00f3n\u00bb.<\/p>\n\n\n\n<p>\u00abSin reproches a nadie, pero por favor que nadie venga a explicarnos a los peronistas lo que es la libertad y la democracia de poder elegir, de poder hablar\u00bb, enfatiz\u00f3 Kirchner.<\/p>\n\n\n\n<p>\u00abEs necesario acordar pol\u00edticas porque las elecciones se pueden ganar, pero los condicionamientos son tan profundos que va a requerir que todos los argentinos, o la mayor parte, tiremos todos juntos para el mismo lado. Si no, nuestro pa\u00eds ser\u00e1 dif\u00edcil para cualquiera\u00bb, advirti\u00f3 la ex mandataria.<\/p>\n\n\n\n<p>En la misma l\u00ednea, la exmandataria precis\u00f3: \u00abUna sociedad que no sabe lo que pas\u00f3 dif\u00edcilmente pueda entender lo que pasa y resulta absolutamente imposible develar el porvenir. Por eso, vaya un primer tributo a ese peronismo que muchos le quieren contar lo que es la libertad y la democracia\u00bb.<\/p>\n\n\n\n<p>\u00abEl 30 de octubre, con el regreso de la democracia, hubo un acuerdo t\u00e1cito. Que ning\u00fan argentino se pon\u00eda en peligro por opinar, por pensar diferente. Pod\u00edamos tener todas las diferencias del mundo, pero no se quer\u00eda matar a nadie. Ni siquiera los que hicieron de la muerte un instrumento pol\u00edtico\u00bb, expres\u00f3<\/p>\n\n\n\n<p>Por otra parte, pidi\u00f3 \u00abexplicarle al pueblo por qu\u00e9 se toman ciertas medidas\u00bb despu\u00e9s de que \u00abse volvi\u00f3 al FMI\u00bb durante el gobierno de Mauricio Macri.<\/p>\n\n\n\n<p>En ese marco, la vicepresidenta volvi\u00f3 a diferenciarse de la gesti\u00f3n de Alberto Fern\u00e1ndez y mostr\u00f3 un gr\u00e1fico para destacar que durante su gobierno los trabajadores \u00abpod\u00edan llegar a fin de mes, ahorrar y vacacionar\u00bb y sentenci\u00f3: \u00abDicen que fue malo ese gobierno\u2026 ese gobierno fue malo para los angurrientos, es mentira eso de que estamos mal hace 70 a\u00f1os\u00bb.<\/p>\n\n\n\n<p>En una fuerte defensa de sus gestiones, afirm\u00f3 que \u00abel cambio\u00bb para la Argentina fue el kirchnerismo, que logr\u00f3 cambiar el pa\u00eds \u00abdespu\u00e9s de la crisis del 2001\u00bb, y volvi\u00f3 a destacar la importancia de \u00abalinear precios, salarios y tarifas\u00bb. \u00abDicen que son lo nuevo\u2026Muchachos, ac\u00e1 lo \u00fanico nuevo que hay somos nosotros, el cambio, los que cambiamos a la Argentina despu\u00e9s de la crisis del 2001 fuimos nosotros\u00bb, apunt\u00f3 Cristina Kirchner en alusi\u00f3n a los dirigentes de Juntos por el Cambio.<\/p>\n\n\n\n<p>Al respecto, la ex mandataria ironiz\u00f3: \u00abDicen que tenemos que volver a la d\u00e9cada del 90 desde una fuerza pol\u00edtica muy novedosa, no tan novedosa porque dice que el gobierno de los 90 fue el mejor y el ministro de la convertibilidad (Domingo Cavallo) el mejor de la historia\u2026Mir\u00e1 vos\u00bb.<\/p>\n\n\n\n<p>Por otro lado, Cristina Kirchner, en algo no habitual, le dio importancia en su alocuci\u00f3n a la problem\u00e1tica de la inseguridad y pidi\u00f3 terminar con el \u00abdebate berreta de la mano dura\u00bb para enfrentar el tema, al considerar que es \u00abc\u00ednico y mentiroso\u00bb.<\/p>\n\n\n\n<p>Y destac\u00f3 que \u00abel orden no es el gatillo f\u00e1cil ni el palo\u00bb. \u00abNing\u00fan partido pol\u00edtico lo ha podido solucionar. Por favor terminemos con ese debate berreta de la mano dura que adem\u00e1s es muy s\u00ednico y mentiroso\u00bb, resalt\u00f3 la vicepresidenta.<\/p>\n\n\n\n<p>En la ceremonia, la ex mandataria subray\u00f3: \u00abPor una vez en la vida olvidemos los partidos pol\u00edticos y discutamos en serio el tema de la seguridad, en nombre de todas las v\u00edctimas\u00bb. En la primera fila escuchaban el gobernador Axel Kicillof y el intendente de La Matanza, Fernando Espinoza, entre muchos otros, mientras que M\u00e1ximo Kirchner y Mayra Mendoza siguieron sus palabras subidos a un para avalanchas de una tribuna del estadio.<\/p>\n\n\n\n<p>Tambi\u00e9n hubo pasajes para criticar a la Justicia en medio de las causas en su contra, al decir que los funcionarios de ese Poder del Estado ocupan sus cargos \u00abde por vida como una r\u00e9mora mon\u00e1rquica en una sociedad democr\u00e1tica\u00bb.<\/p>\n\n\n\n<p>\u00abNadie se hace cargo de nada, total est\u00e1n sentados ah\u00ed de por vida como una r\u00e9mora mon\u00e1rquica en una sociedad democr\u00e1tica \u00bfC\u00f3mo puede haber gente que decide sobre la libertad y el patrimonio de los argentinos y sus cargos sean eternos\u00bb, apunt\u00f3 la exmandataria.<\/p>\n\n\n\n<p>Y complet\u00f3: \u00ab\u00bfQu\u00e9 tiene esto de democr\u00e1tico y contempor\u00e1neo? Nada, r\u00e9moras y dispositivos de control de la voluntad popular\u00bb.<\/p>\n\n\n\n<p>Adem\u00e1s, pidi\u00f3 transformar el sentido del 17 de noviembre: \u00abEn homenaje a todos los desencuentros que hemos tenido los argentinos, en homenaje a los que ya no est\u00e1n, por favor convirtamos el 17 de noviembre en el d\u00eda del militante de la argentina, porque la Argentina necesita militantes\u00bb.<\/p>\n<div class=\"sharedaddy sd-sharing-enabled\"><div class=\"robots-nocontent sd-block sd-social sd-social-icon sd-sharing\"><h3 class=\"sd-title\">Comparte esto:<\/h3><div class=\"sd-content\"><ul><li class=\"share-twitter\"><a rel=\"nofollow noopener noreferrer\" data-shared=\"sharing-twitter-34667\" class=\"share-twitter sd-button share-icon no-text\" href=\"http:\/\/www.rtvnoticias.com.ar\/?p=34667&amp;share=twitter\" target=\"_blank\" title=\"Haz clic para compartir en Twitter\"><span><\/span><span class=\"sharing-screen-reader-text\">Haz clic para compartir en Twitter (Se abre en una ventana nueva)<\/span><\/a><\/li><li class=\"share-facebook\"><a rel=\"nofollow noopener noreferrer\" data-shared=\"sharing-facebook-34667\" class=\"share-facebook sd-button share-icon no-text\" href=\"http:\/\/www.rtvnoticias.com.ar\/?p=34667&amp;share=facebook\" target=\"_blank\" title=\"Haz clic para compartir en Facebook\"><span><\/span><span class=\"sharing-screen-reader-text\">Haz clic para compartir en Facebook (Se abre en una ventana nueva)<\/span><\/a><\/li><li class=\"share-jetpack-whatsapp\"><a rel=\"nofollow noopener noreferrer\" data-shared=\"\" class=\"share-jetpack-whatsapp sd-button share-icon no-text\" href=\"http:\/\/www.rtvnoticias.com.ar\/?p=34667&amp;share=jetpack-whatsapp\" target=\"_blank\" title=\"Haz clic para compartir en WhatsApp\"><span><\/span><span class=\"sharing-screen-reader-text\">Haz clic para compartir en WhatsApp (Se abre en una ventana nueva)<\/span><\/a><\/li><li class=\"share-telegram\"><a rel=\"nofollow noopener noreferrer\" data-shared=\"\" class=\"share-telegram sd-button share-icon no-text\" href=\"http:\/\/www.rtvnoticias.com.ar\/?p=34667&amp;share=telegram\" target=\"_blank\" title=\"Haz clic para compartir en Telegram\"><span><\/span><span class=\"sharing-screen-reader-text\">Haz clic para compartir en Telegram (Se abre en una ventana nueva)<\/span><\/a><\/li><li class=\"share-end\"><\/li><\/ul><\/div><\/div><\/div>","protected":false},"excerpt":{"rendered":"<p>La vicepresidenta Cristina Fern\u00e1ndez habl\u00f3 este jueves en un claro tono electoral en el acto que encabez\u00f3 en La Plata por el D\u00eda de la<\/p>\n<div class=\"sharedaddy sd-sharing-enabled\"><div class=\"robots-nocontent sd-block sd-social sd-social-icon sd-sharing\"><h3 class=\"sd-title\">Comparte esto:<\/h3><div class=\"sd-content\"><ul><li class=\"share-twitter\"><a rel=\"nofollow noopener noreferrer\" data-shared=\"sharing-twitter-34667\" class=\"share-twitter sd-button share-icon no-text\" href=\"http:\/\/www.rtvnoticias.com.ar\/?p=34667&amp;share=twitter\" target=\"_blank\" title=\"Haz clic para compartir en Twitter\"><span><\/span><span class=\"sharing-screen-reader-text\">Haz clic para compartir en Twitter (Se abre en una ventana nueva)<\/span><\/a><\/li><li class=\"share-facebook\"><a rel=\"nofollow noopener noreferrer\" data-shared=\"sharing-facebook-34667\" class=\"share-facebook sd-button share-icon no-text\" href=\"http:\/\/www.rtvnoticias.com.ar\/?p=34667&amp;share=facebook\" target=\"_blank\" title=\"Haz clic para compartir en Facebook\"><span><\/span><span class=\"sharing-screen-reader-text\">Haz clic para compartir en Facebook (Se abre en una ventana nueva)<\/span><\/a><\/li><li class=\"share-jetpack-whatsapp\"><a rel=\"nofollow noopener noreferrer\" data-shared=\"\" class=\"share-jetpack-whatsapp sd-button share-icon no-text\" href=\"http:\/\/www.rtvnoticias.com.ar\/?p=34667&amp;share=jetpack-whatsapp\" target=\"_blank\" title=\"Haz clic para compartir en WhatsApp\"><span><\/span><span class=\"sharing-screen-reader-text\">Haz clic para compartir en WhatsApp (Se abre en una ventana nueva)<\/span><\/a><\/li><li class=\"share-telegram\"><a rel=\"nofollow noopener noreferrer\" data-shared=\"\" class=\"share-telegram sd-button share-icon no-text\" href=\"http:\/\/www.rtvnoticias.com.ar\/?p=34667&amp;share=telegram\" target=\"_blank\" title=\"Haz clic para compartir en Telegram\"><span><\/span><span class=\"sharing-screen-reader-text\">Haz clic para compartir en Telegram (Se abre en una ventana nueva)<\/span><\/a><\/li><li class=\"share-end\"><\/li><\/ul><\/div><\/div><\/div>","protected":false},"author":7,"featured_media":34668,"comment_status":"closed","ping_status":"closed","sticky":false,"template":"","format":"standard","meta":{"spay_email":"","jetpack_publicize_message":"","jetpack_is_tweetstorm":false,"jetpack_publicize_feature_enabled":true},"categories":[5],"tags":[],"jetpack_featured_media_url":"http:\/\/www.rtvnoticias.com.ar\/wp-content\/uploads\/2022\/11\/cristina.jpg","jetpack_publicize_connections":[],"jetpack_sharing_enabled":true,"_links":{"self":[{"href":"http:\/\/www.rtvnoticias.com.ar\/index.php?rest_route=\/wp\/v2\/posts\/34667"}],"collection":[{"href":"http:\/\/www.rtvnoticias.com.ar\/index.php?rest_route=\/wp\/v2\/posts"}],"about":[{"href":"http:\/\/www.rtvnoticias.com.ar\/index.php?rest_route=\/wp\/v2\/types\/post"}],"author":[{"embeddable":true,"href":"http:\/\/www.rtvnoticias.com.ar\/index.php?rest_route=\/wp\/v2\/users\/7"}],"replies":[{"embeddable":true,"href":"http:\/\/www.rtvnoticias.com.ar\/index.php?rest_route=%2Fwp%2Fv2%2Fcomments&post=34667"}],"version-history":[{"count":1,"href":"http:\/\/www.rtvnoticias.com.ar\/index.php?rest_route=\/wp\/v2\/posts\/34667\/revisions"}],"predecessor-version":[{"id":34669,"href":"http:\/\/www.rtvnoticias.com.ar\/index.php?rest_route=\/wp\/v2\/posts\/34667\/revisions\/34669"}],"wp:featuredmedia":[{"embeddable":true,"href":"http:\/\/www.rtvnoticias.com.ar\/index.php?rest_route=\/wp\/v2\/media\/34668"}],"wp:attachment":[{"href":"http:\/\/www.rtvnoticias.com.ar\/index.php?rest_route=%2Fwp%2Fv2%2Fmedia&parent=34667"}],"wp:term":[{"taxonomy":"category","embeddable":true,"href":"http:\/\/www.rtvnoticias.com.ar\/index.php?rest_route=%2Fwp%2Fv2%2Fcategories&post=34667"},{"taxonomy":"post_tag","embeddable":true,"href":"http:\/\/www.rtvnoticias.com.ar\/index.php?rest_route=%2Fwp%2Fv2%2Ftags&post=34667"}],"curies":[{"name":"wp","href":"https:\/\/api.w.org\/{rel}","templated":true}]}}