{"id":34678,"date":"2022-11-20T11:53:08","date_gmt":"2022-11-20T14:53:08","guid":{"rendered":"http:\/\/www.rtvnoticias.com.ar\/?p=34678"},"modified":"2022-11-20T11:53:12","modified_gmt":"2022-11-20T14:53:12","slug":"murio-hebe-de-bonafini","status":"publish","type":"post","link":"http:\/\/www.rtvnoticias.com.ar\/?p=34678","title":{"rendered":"Muri\u00f3 Hebe de Bonafini"},"content":{"rendered":"\n<p><strong><em>La presidenta de Madres de Plaza de Mayo,&nbsp;Hebe de Bonafini, falleci\u00f3 este domingo a los 93 a\u00f1os, informaron&nbsp;fuentes cercanas a la referente de los derechos humanos.<\/em><\/strong><\/p>\n\n\n\n<p>Bonafini hab\u00eda sido dada de alta el 13 de octubre, despu\u00e9s de haber estado internada tres d\u00edas en el Hospital Italiano de la ciudad de La Plata para realizarse controles m\u00e9dicos.<\/p>\n\n\n\n<p>Bonafini hab\u00eda sido dada de alta el 13 de octubre, despu\u00e9s de haber estado internada tres d\u00edas en el Hospital Italiano de la ciudad de La Plata para realizarse controles m\u00e9dicos.<\/p>\n\n\n\n<p>La vicepresidenta Cristina Fern\u00e1ndez de Kirchner la despidi\u00f3\u00a0 en su cuenta de\u00a0<em>Twitter<\/em>\u00a0con un sentido mensaje. En la red social, la defini\u00f3 como un \u201cs\u00edmbolo mundial de la lucha por los Derechos Humanos y orgullo de la Argentina\u201d.<\/p>\n\n\n\n<p>\u201cQuerid\u00edsima Hebe, Madre de Plaza de Mayo, s\u00edmbolo mundial de la lucha por los Derechos Humanos, orgullo de la Argentina. Dios te llam\u00f3 el d\u00eda de la Soberan\u00eda Nacional\u2026 no debe ser casualidad. Simplemente gracias y hasta siempre\u201d, expres\u00f3 la expresidenta.<\/p>\n\n\n\n<p>La semana previa a esa internaci\u00f3n, la dirigente -que fue una de las cofundadoras de Madres de Plaza de Mayo- hab\u00eda encabezado la marcha que realiza todos los jueves, y en esa ocasi\u00f3n hab\u00edan invitado a estudiantes secundarios para que expusieran sobre las tomas de escuelas en la ciudad de Buenos Aires.<\/p>\n\n\n\n<p>El d\u00eda anterior a esa activdidad, el mi\u00e9rcoles 5 de octubre, Bonafini hab\u00eda asistido al Centro Cultural Kirchner (CCK) para presenciar la inauguraci\u00f3n de la muestra fotogr\u00e1fica que expuso en im\u00e1genes su biograf\u00eda, titulada \u201cHebe de Bonafini, una madre rev\/belada\u201d.<\/p>\n\n\n\n<p>En la presentaci\u00f3n, se refiri\u00f3 a su historia y a la de su familia, y agradeci\u00f3 al ver las fotos que captaban momentos de su vida y las de sus hijos Jorge Omar y Ra\u00fal Alfredo, secuestrados y desaparecidos por la dictadura c\u00edvico militar.<\/p>\n\n\n\n<p>\u201cMe olvid\u00e9 de qui\u00e9n era el d\u00eda en que ellos desaparecieron, nunca pens\u00e9 m\u00e1s en m\u00ed\u201d, dijo Bonafini en ese evento del CCK.<\/p>\n\n\n\n<p>Al repasar su biograf\u00eda, cont\u00f3 que sus padres y su abuela le hab\u00edan ense\u00f1ado \u201cel valor del trabajo\u201d mientras que sus hijos desaparecidos le ense\u00f1aron \u201clo que es la pol\u00edtica\u201d.<\/p>\n\n\n\n<p>Bonafini hab\u00eda nacido en un barrio obrero de la localidad de Ensenada y hubiera cumplido 94 a\u00f1os el 4 de diciembre pr\u00f3ximo.<\/p>\n<div class=\"sharedaddy sd-sharing-enabled\"><div class=\"robots-nocontent sd-block sd-social sd-social-icon sd-sharing\"><h3 class=\"sd-title\">Comparte esto:<\/h3><div class=\"sd-content\"><ul><li class=\"share-twitter\"><a rel=\"nofollow noopener noreferrer\" data-shared=\"sharing-twitter-34678\" class=\"share-twitter sd-button share-icon no-text\" href=\"http:\/\/www.rtvnoticias.com.ar\/?p=34678&amp;share=twitter\" target=\"_blank\" title=\"Haz clic para compartir en Twitter\"><span><\/span><span class=\"sharing-screen-reader-text\">Haz clic para compartir en Twitter (Se abre en una ventana nueva)<\/span><\/a><\/li><li class=\"share-facebook\"><a rel=\"nofollow noopener noreferrer\" data-shared=\"sharing-facebook-34678\" class=\"share-facebook sd-button share-icon no-text\" href=\"http:\/\/www.rtvnoticias.com.ar\/?p=34678&amp;share=facebook\" target=\"_blank\" title=\"Haz clic para compartir en Facebook\"><span><\/span><span class=\"sharing-screen-reader-text\">Haz clic para compartir en Facebook (Se abre en una ventana nueva)<\/span><\/a><\/li><li class=\"share-jetpack-whatsapp\"><a rel=\"nofollow noopener noreferrer\" data-shared=\"\" class=\"share-jetpack-whatsapp sd-button share-icon no-text\" href=\"http:\/\/www.rtvnoticias.com.ar\/?p=34678&amp;share=jetpack-whatsapp\" target=\"_blank\" title=\"Haz clic para compartir en WhatsApp\"><span><\/span><span class=\"sharing-screen-reader-text\">Haz clic para compartir en WhatsApp (Se abre en una ventana nueva)<\/span><\/a><\/li><li class=\"share-telegram\"><a rel=\"nofollow noopener noreferrer\" data-shared=\"\" class=\"share-telegram sd-button share-icon no-text\" href=\"http:\/\/www.rtvnoticias.com.ar\/?p=34678&amp;share=telegram\" target=\"_blank\" title=\"Haz clic para compartir en Telegram\"><span><\/span><span class=\"sharing-screen-reader-text\">Haz clic para compartir en Telegram (Se abre en una ventana nueva)<\/span><\/a><\/li><li class=\"share-end\"><\/li><\/ul><\/div><\/div><\/div>","protected":false},"excerpt":{"rendered":"<p>La presidenta de Madres de Plaza de Mayo,&nbsp;Hebe de Bonafini, falleci\u00f3 este domingo a los 93 a\u00f1os, informaron&nbsp;fuentes cercanas a la referente de los derechos<\/p>\n<div class=\"sharedaddy sd-sharing-enabled\"><div class=\"robots-nocontent sd-block sd-social sd-social-icon sd-sharing\"><h3 class=\"sd-title\">Comparte esto:<\/h3><div class=\"sd-content\"><ul><li class=\"share-twitter\"><a rel=\"nofollow noopener noreferrer\" data-shared=\"sharing-twitter-34678\" class=\"share-twitter sd-button share-icon no-text\" href=\"http:\/\/www.rtvnoticias.com.ar\/?p=34678&amp;share=twitter\" target=\"_blank\" title=\"Haz clic para compartir en Twitter\"><span><\/span><span class=\"sharing-screen-reader-text\">Haz clic para compartir en Twitter (Se abre en una ventana nueva)<\/span><\/a><\/li><li class=\"share-facebook\"><a rel=\"nofollow noopener noreferrer\" data-shared=\"sharing-facebook-34678\" class=\"share-facebook sd-button share-icon no-text\" href=\"http:\/\/www.rtvnoticias.com.ar\/?p=34678&amp;share=facebook\" target=\"_blank\" title=\"Haz clic para compartir en Facebook\"><span><\/span><span class=\"sharing-screen-reader-text\">Haz clic para compartir en Facebook (Se abre en una ventana nueva)<\/span><\/a><\/li><li class=\"share-jetpack-whatsapp\"><a rel=\"nofollow noopener noreferrer\" data-shared=\"\" class=\"share-jetpack-whatsapp sd-button share-icon no-text\" href=\"http:\/\/www.rtvnoticias.com.ar\/?p=34678&amp;share=jetpack-whatsapp\" target=\"_blank\" title=\"Haz clic para compartir en WhatsApp\"><span><\/span><span class=\"sharing-screen-reader-text\">Haz clic para compartir en WhatsApp (Se abre en una ventana nueva)<\/span><\/a><\/li><li class=\"share-telegram\"><a rel=\"nofollow noopener noreferrer\" data-shared=\"\" class=\"share-telegram sd-button share-icon no-text\" href=\"http:\/\/www.rtvnoticias.com.ar\/?p=34678&amp;share=telegram\" target=\"_blank\" title=\"Haz clic para compartir en Telegram\"><span><\/span><span class=\"sharing-screen-reader-text\">Haz clic para compartir en Telegram (Se abre en una ventana nueva)<\/span><\/a><\/li><li class=\"share-end\"><\/li><\/ul><\/div><\/div><\/div>","protected":false},"author":5,"featured_media":34679,"comment_status":"closed","ping_status":"closed","sticky":false,"template":"","format":"standard","meta":{"spay_email":"","jetpack_publicize_message":"","jetpack_is_tweetstorm":false,"jetpack_publicize_feature_enabled":true},"categories":[5],"tags":[4025],"jetpack_featured_media_url":"http:\/\/www.rtvnoticias.com.ar\/wp-content\/uploads\/2022\/11\/hebe.jpg","jetpack_publicize_connections":[],"jetpack_sharing_enabled":true,"_links":{"self":[{"href":"http:\/\/www.rtvnoticias.com.ar\/index.php?rest_route=\/wp\/v2\/posts\/34678"}],"collection":[{"href":"http:\/\/www.rtvnoticias.com.ar\/index.php?rest_route=\/wp\/v2\/posts"}],"about":[{"href":"http:\/\/www.rtvnoticias.com.ar\/index.php?rest_route=\/wp\/v2\/types\/post"}],"author":[{"embeddable":true,"href":"http:\/\/www.rtvnoticias.com.ar\/index.php?rest_route=\/wp\/v2\/users\/5"}],"replies":[{"embeddable":true,"href":"http:\/\/www.rtvnoticias.com.ar\/index.php?rest_route=%2Fwp%2Fv2%2Fcomments&post=34678"}],"version-history":[{"count":1,"href":"http:\/\/www.rtvnoticias.com.ar\/index.php?rest_route=\/wp\/v2\/posts\/34678\/revisions"}],"predecessor-version":[{"id":34680,"href":"http:\/\/www.rtvnoticias.com.ar\/index.php?rest_route=\/wp\/v2\/posts\/34678\/revisions\/34680"}],"wp:featuredmedia":[{"embeddable":true,"href":"http:\/\/www.rtvnoticias.com.ar\/index.php?rest_route=\/wp\/v2\/media\/34679"}],"wp:attachment":[{"href":"http:\/\/www.rtvnoticias.com.ar\/index.php?rest_route=%2Fwp%2Fv2%2Fmedia&parent=34678"}],"wp:term":[{"taxonomy":"category","embeddable":true,"href":"http:\/\/www.rtvnoticias.com.ar\/index.php?rest_route=%2Fwp%2Fv2%2Fcategories&post=34678"},{"taxonomy":"post_tag","embeddable":true,"href":"http:\/\/www.rtvnoticias.com.ar\/index.php?rest_route=%2Fwp%2Fv2%2Ftags&post=34678"}],"curies":[{"name":"wp","href":"https:\/\/api.w.org\/{rel}","templated":true}]}}