{"id":34802,"date":"2022-12-02T07:17:12","date_gmt":"2022-12-02T10:17:12","guid":{"rendered":"http:\/\/www.rtvnoticias.com.ar\/?p=34802"},"modified":"2022-12-02T07:17:14","modified_gmt":"2022-12-02T10:17:14","slug":"escandaloso-fracaso-de-la-sesion-en-diputados-en-medio-de-gritos-e-insultos","status":"publish","type":"post","link":"http:\/\/www.rtvnoticias.com.ar\/?p=34802","title":{"rendered":"Escandaloso fracaso de la sesi\u00f3n en Diputados en medio de gritos e insultos"},"content":{"rendered":"\n<p class=\"has-text-align-center\"><strong>El oficialismo comenz\u00f3 el debate, en el que se iban a crear nuevas universidades, con 129 legisladores. Juntos por el Cambio plante\u00f3 que no lograron juntar el qu\u00f3rum a tiempo. Acusaron a Moreau de \u201catropello institucional\u201d.<\/strong><\/p>\n\n\n\n<p>En medio de un esc\u00e1ndalo, con la bancada de Juntos por el Cambio enfurecida y a los gritos en contra de la presidencia ejercida por Cecilia Moreau, se levant\u00f3 este jueves la accidentada sesi\u00f3n en la C\u00e1mara de Diputados, en la que iban a votarse una bater\u00eda de proyectos.<\/p>\n\n\n\n<p>La sesi\u00f3n, sin embargo, no estuvo ca\u00edda desde el principio, sino que lleg\u00f3 una hora despu\u00e9s de su habilitaci\u00f3n. Luego de que el oficialismo consiguiera un ajustad\u00edsimo qu\u00f3rum de 129 diputados, los integrantes de Juntos por el Cambio bajaron al recinto con la \u00fanica intenci\u00f3n de levantar la sesi\u00f3n, que consideran viciada y \u00abnula\u00bb por haber empezado 1 hora y 35 minutos despu\u00e9s del horario pautado, muy por encima de la media hora que consuetudinariamente se acepta como margen tolerable de demora.<\/p>\n\n\n\n<p>Apenas bajaron al recinto, y luego de que Moreau anunciara la decisi\u00f3n de votar el temario de inmediato y a mano alzada, aplazando las cuestiones de privilegio (herramienta con la que la principal bancada opositora ten\u00eda pensado retrasar indefinidamente la sesi\u00f3n con innumerables discursos de protesta), armaron un \u00abscrum\u00bb alrededor del atril de la presidencia, donde se sent\u00f3 Moreau, y empezaron a vociferar y llamar \u00abviolentos\u00bb a los oficialistas, que les sal\u00edan al cruce desde el sector derecho del auditorio.<\/p>\n\n\n\n<p>Fernando Iglesias, Waldo Wolff y Silvia Lospennato eran algunos de los diputados que iban y ven\u00edan en ese torbellino de pulsiones desatadas.<\/p>\n\n\n\n<p>Karina Banfi y Maximiliano Ferraro eran dos de los m\u00e1s desencajados, haciendo gesticulaciones permanentes y golpeando las bancas con sus palmas con fuerza para hacer o\u00edr su descontento.<\/p>\n\n\n\n<p>\u00abUsted a m\u00ed no me va a callar, Ritondo\u00bb, se la oy\u00f3 decir a Cecilia Moreau, a quien Juntos por el Cambio le retace\u00f3 el qu\u00f3rum en la sesi\u00f3n preparatoria, que tuvo lugar un rato antes para ratificarla como titular del cuerpo.<\/p>\n\n\n\n<p>Le recriminaban el haber anulado la resoluci\u00f3n que firmaba los cuatro nombramientos de representantes de Diputados al Consejo de la Magistratura en respuesta a un fallo del juez Mart\u00edn Cormick, que impugn\u00f3 espec\u00edficamente la designaci\u00f3n de la radical Roxana Reyes por la segunda minor\u00eda.<\/p>\n\n\n\n<p>Alegando cuestiones reglamentarias, el oficialismo declar\u00f3 la continuidad de las autoridades vigentes hasta el 30 de noviembre, hasta tanto no se resuelva el conflicto en una pr\u00f3xima sesi\u00f3n preparatoria, lo cual profundiz\u00f3 la tensi\u00f3n con Juntos por el Cambio, que le atribuye a Moreau \u00ababuso de autoridad\u00bb y \u201catropello institucional\u201d.<\/p>\n\n\n\n<p>En ese contexto de discusiones acaloradas que no pudieron zanjarse, se retras\u00f3 la sesi\u00f3n especial de la tarde y Juntos por el Cambio la declar\u00f3 nula por la excesiva demora.<\/p>\n\n\n\n<p>\u00abLa sesi\u00f3n especial, que est\u00e1 llevando adelante de prepo el kirchnerismo, es nula. Estaba convocada para las 13 y empez\u00f3 a las 14.35. Las TRES pr\u00f3rrogas solicitadas por el oficialismo ingresaron luego del horario previsto en la citaci\u00f3n de la sesi\u00f3n. Otro bochorno K\u00bb, tuite\u00f3 Mario Negri, una de las voces cantantes de la oposici\u00f3n.<\/p>\n\n\n\n<p>Negri y Moreau protagonizaron un incidente en el que se sacaron chispas. No s\u00e9 lleg\u00f3 a escuchar bien qu\u00e9 le dec\u00eda el radical, pero la respuesta de la referente del Frente Renovador fue lapidaria: \u00abYo no s\u00e9 c\u00f3mo usted trata a su mujer, pero a mi as\u00ed no me trata m\u00e1s por ser mujer\u00bb.<\/p>\n\n\n\n<p>La acusaci\u00f3n de misoginia sobrevolaba desde el mi\u00e9rcoles a la noche, cuando un comunicado del bloque del Frente de Todos acus\u00f3 al principal interbloque opositor de sostener una hostilidad especial hacia Moreau por su condici\u00f3n de mujer.<\/p>\n\n\n\n<p>Y sigui\u00f3 presente durante toda la accidentada jornada de este jueves en la que Germ\u00e1n Mart\u00ednez, el titular del bloque oficialista, volvi\u00f3 a referirse en esos t\u00e9rminos para calificar el proceder de Juntos por el Cambio contra la presidenta de la C\u00e1mara.<\/p>\n\n\n\n<p>Con los opositores protestaban a viva voz, intentando entorpecer el desarrollo de la sesi\u00f3n, Moreau trat\u00f3 de salir de la encerrona d\u00e1ndole la palabra a Blanca Osuna, la miembro informante del oficialismo en el debate en torno a la creaci\u00f3n de nuevas universidades nacionales.<\/p>\n\n\n\n<p>La entrerriana sufri\u00f3 en carne propia el clima beligerante que instal\u00f3 Juntos por el Cambio y debi\u00f3 interrumpir varias veces su discurso, pero pudo cerrar su intervenci\u00f3n. Luego, le toc\u00f3 a la massista Marcela Passo, pero fue el \u00faltimo discurso de un debate que qued\u00f3 trunco.<\/p>\n\n\n\n<p>Al cabo de una hora de un espect\u00e1culo bochornoso de descalificaciones, gritos y abucheos, Ferraro plante\u00f3 una moci\u00f3n para suspender la sesi\u00f3n, apelando al inciso uno del art\u00edculo 127 del reglamento.<\/p>\n\n\n\n<p>Se iba a someter a votaci\u00f3n nominal y a Juntos por el Cambio no le alcanzaban los votos para aprobarla. Sin embargo, Moreau midi\u00f3 el estado general de caos que imperaba en el recinto y decidi\u00f3 levantar la sesi\u00f3n.<\/p>\n\n\n\n<p>Con la sesi\u00f3n ya ca\u00edda, intervino Mart\u00ednez para reivindicar el rol de Moreau en medio \u00abde este espect\u00e1culo realmente lamentable que han generado en la C\u00e1mara de Diputados\u00bb.<\/p>\n\n\n\n<p>\u00abLamento enormemente todo lo que pas\u00f3 hoy, primero impidiendo la conformaci\u00f3n de una sesi\u00f3n preparatoria y, despu\u00e9s, impidiendo que pudi\u00e9ramos avanzar con un temario que todos saben que es a favor de los argentinos y las argentinas. Realmente, me apena enormemente esta actitud, porque es una actitud que no est\u00e1 entendiendo las responsabilidades que tenemos nosotros como representantes del pueblo\u00bb, indic\u00f3.<\/p>\n\n\n\n<p>\u00abHoy, al final de esta sesi\u00f3n, que por estas actitudes lamentables de la oposici\u00f3n de Juntos por el Cambio no pudimos terminar, les aseguro que \u00edbamos a tener una Argentina mejor que la que ten\u00edamos al momento de comenzarla\u00bb, agreg\u00f3 el santafesino.<\/p>\n\n\n\n<p>\u00abEn momentos tan complejos, quiero rescatar la tarea, el temple, la prudencia y la responsabilidad de nuestra presidenta de la C\u00e1mara, Cecilia Moreau, que ha sido desde el mi\u00e9rcoles al mediod\u00eda sistem\u00e1ticamente descalificada y agraviada\u00bb, finaliz\u00f3.<\/p>\n<div class=\"sharedaddy sd-sharing-enabled\"><div class=\"robots-nocontent sd-block sd-social sd-social-icon sd-sharing\"><h3 class=\"sd-title\">Comparte esto:<\/h3><div class=\"sd-content\"><ul><li class=\"share-twitter\"><a rel=\"nofollow noopener noreferrer\" data-shared=\"sharing-twitter-34802\" class=\"share-twitter sd-button share-icon no-text\" href=\"http:\/\/www.rtvnoticias.com.ar\/?p=34802&amp;share=twitter\" target=\"_blank\" title=\"Haz clic para compartir en Twitter\"><span><\/span><span class=\"sharing-screen-reader-text\">Haz clic para compartir en Twitter (Se abre en una ventana nueva)<\/span><\/a><\/li><li class=\"share-facebook\"><a rel=\"nofollow noopener noreferrer\" data-shared=\"sharing-facebook-34802\" class=\"share-facebook sd-button share-icon no-text\" href=\"http:\/\/www.rtvnoticias.com.ar\/?p=34802&amp;share=facebook\" target=\"_blank\" title=\"Haz clic para compartir en Facebook\"><span><\/span><span class=\"sharing-screen-reader-text\">Haz clic para compartir en Facebook (Se abre en una ventana nueva)<\/span><\/a><\/li><li class=\"share-jetpack-whatsapp\"><a rel=\"nofollow noopener noreferrer\" data-shared=\"\" class=\"share-jetpack-whatsapp sd-button share-icon no-text\" href=\"http:\/\/www.rtvnoticias.com.ar\/?p=34802&amp;share=jetpack-whatsapp\" target=\"_blank\" title=\"Haz clic para compartir en WhatsApp\"><span><\/span><span class=\"sharing-screen-reader-text\">Haz clic para compartir en WhatsApp (Se abre en una ventana nueva)<\/span><\/a><\/li><li class=\"share-telegram\"><a rel=\"nofollow noopener noreferrer\" data-shared=\"\" class=\"share-telegram sd-button share-icon no-text\" href=\"http:\/\/www.rtvnoticias.com.ar\/?p=34802&amp;share=telegram\" target=\"_blank\" title=\"Haz clic para compartir en Telegram\"><span><\/span><span class=\"sharing-screen-reader-text\">Haz clic para compartir en Telegram (Se abre en una ventana nueva)<\/span><\/a><\/li><li class=\"share-end\"><\/li><\/ul><\/div><\/div><\/div>","protected":false},"excerpt":{"rendered":"<p>El oficialismo comenz\u00f3 el debate, en el que se iban a crear nuevas universidades, con 129 legisladores. Juntos por el Cambio plante\u00f3 que no lograron<\/p>\n<div class=\"sharedaddy sd-sharing-enabled\"><div class=\"robots-nocontent sd-block sd-social sd-social-icon sd-sharing\"><h3 class=\"sd-title\">Comparte esto:<\/h3><div class=\"sd-content\"><ul><li class=\"share-twitter\"><a rel=\"nofollow noopener noreferrer\" data-shared=\"sharing-twitter-34802\" class=\"share-twitter sd-button share-icon no-text\" href=\"http:\/\/www.rtvnoticias.com.ar\/?p=34802&amp;share=twitter\" target=\"_blank\" title=\"Haz clic para compartir en Twitter\"><span><\/span><span class=\"sharing-screen-reader-text\">Haz clic para compartir en Twitter (Se abre en una ventana nueva)<\/span><\/a><\/li><li class=\"share-facebook\"><a rel=\"nofollow noopener noreferrer\" data-shared=\"sharing-facebook-34802\" class=\"share-facebook sd-button share-icon no-text\" href=\"http:\/\/www.rtvnoticias.com.ar\/?p=34802&amp;share=facebook\" target=\"_blank\" title=\"Haz clic para compartir en Facebook\"><span><\/span><span class=\"sharing-screen-reader-text\">Haz clic para compartir en Facebook (Se abre en una ventana nueva)<\/span><\/a><\/li><li class=\"share-jetpack-whatsapp\"><a rel=\"nofollow noopener noreferrer\" data-shared=\"\" class=\"share-jetpack-whatsapp sd-button share-icon no-text\" href=\"http:\/\/www.rtvnoticias.com.ar\/?p=34802&amp;share=jetpack-whatsapp\" target=\"_blank\" title=\"Haz clic para compartir en WhatsApp\"><span><\/span><span class=\"sharing-screen-reader-text\">Haz clic para compartir en WhatsApp (Se abre en una ventana nueva)<\/span><\/a><\/li><li class=\"share-telegram\"><a rel=\"nofollow noopener noreferrer\" data-shared=\"\" class=\"share-telegram sd-button share-icon no-text\" href=\"http:\/\/www.rtvnoticias.com.ar\/?p=34802&amp;share=telegram\" target=\"_blank\" title=\"Haz clic para compartir en Telegram\"><span><\/span><span class=\"sharing-screen-reader-text\">Haz clic para compartir en Telegram (Se abre en una ventana nueva)<\/span><\/a><\/li><li class=\"share-end\"><\/li><\/ul><\/div><\/div><\/div>","protected":false},"author":7,"featured_media":34803,"comment_status":"closed","ping_status":"closed","sticky":false,"template":"","format":"standard","meta":{"spay_email":"","jetpack_publicize_message":"","jetpack_is_tweetstorm":false,"jetpack_publicize_feature_enabled":true},"categories":[5],"tags":[],"jetpack_featured_media_url":"http:\/\/www.rtvnoticias.com.ar\/wp-content\/uploads\/2022\/12\/diputados-escandalo.jpg","jetpack_publicize_connections":[],"jetpack_sharing_enabled":true,"_links":{"self":[{"href":"http:\/\/www.rtvnoticias.com.ar\/index.php?rest_route=\/wp\/v2\/posts\/34802"}],"collection":[{"href":"http:\/\/www.rtvnoticias.com.ar\/index.php?rest_route=\/wp\/v2\/posts"}],"about":[{"href":"http:\/\/www.rtvnoticias.com.ar\/index.php?rest_route=\/wp\/v2\/types\/post"}],"author":[{"embeddable":true,"href":"http:\/\/www.rtvnoticias.com.ar\/index.php?rest_route=\/wp\/v2\/users\/7"}],"replies":[{"embeddable":true,"href":"http:\/\/www.rtvnoticias.com.ar\/index.php?rest_route=%2Fwp%2Fv2%2Fcomments&post=34802"}],"version-history":[{"count":1,"href":"http:\/\/www.rtvnoticias.com.ar\/index.php?rest_route=\/wp\/v2\/posts\/34802\/revisions"}],"predecessor-version":[{"id":34804,"href":"http:\/\/www.rtvnoticias.com.ar\/index.php?rest_route=\/wp\/v2\/posts\/34802\/revisions\/34804"}],"wp:featuredmedia":[{"embeddable":true,"href":"http:\/\/www.rtvnoticias.com.ar\/index.php?rest_route=\/wp\/v2\/media\/34803"}],"wp:attachment":[{"href":"http:\/\/www.rtvnoticias.com.ar\/index.php?rest_route=%2Fwp%2Fv2%2Fmedia&parent=34802"}],"wp:term":[{"taxonomy":"category","embeddable":true,"href":"http:\/\/www.rtvnoticias.com.ar\/index.php?rest_route=%2Fwp%2Fv2%2Fcategories&post=34802"},{"taxonomy":"post_tag","embeddable":true,"href":"http:\/\/www.rtvnoticias.com.ar\/index.php?rest_route=%2Fwp%2Fv2%2Ftags&post=34802"}],"curies":[{"name":"wp","href":"https:\/\/api.w.org\/{rel}","templated":true}]}}