{"id":35081,"date":"2022-12-29T18:26:00","date_gmt":"2022-12-29T21:26:00","guid":{"rendered":"http:\/\/www.rtvnoticias.com.ar\/?p=35081"},"modified":"2022-12-30T20:33:26","modified_gmt":"2022-12-30T23:33:26","slug":"murio-pele","status":"publish","type":"post","link":"http:\/\/www.rtvnoticias.com.ar\/?p=35081","title":{"rendered":"Muri\u00f3 Pel\u00e9"},"content":{"rendered":"\n<p>El astro brasile\u00f1o Pel\u00e9, uno de los mejores futbolistas de la historia, muri\u00f3 este jueves a los 82 a\u00f1os en San Pablo, confirm\u00f3 su hija mayor, Kely Nascimento.<\/p>\n\n\n\n<p>\u00abTodo lo que somos es gracias a vos. Te amamos infinitamente. Descans\u00e1 en paz\u00bb, public\u00f3 en Instagram la hija de Pel\u00e9, quien hab\u00eda sido internado a fines de noviembre tras un agravamiento general de su estado de salud por un c\u00e1ncer de colon.<\/p>\n\n\n\n<p>La muerte del astro provoc\u00f3 la reacci\u00f3n inmediata del mundo del deporte en general y del f\u00fatbol en particular: Edson Arantes do Nascimento, tal su nombre real, forma parte del \u00abOlimpo de la pelota\u00bb junto con los argentinos Diego Maradona, Alfredo Di St\u00e9fano y Lionel Messi y el neerland\u00e9s Johan Cruyff.<\/p>\n\n\n\n<p>Pel\u00e9 hab\u00eda nacido el 23 de octubre de 1940 en Minas Gerais y debut\u00f3 como futbolista profesional en 1956 en Santos, de San Pablo, donde jug\u00f3 hasta 1974. El otro club por el que pas\u00f3 fue el Cosmos, de Estados Unidos, entre 1975 y 1980.<\/p>\n\n\n\n<p>Con su Selecci\u00f3n fue tricampe\u00f3n del mundo: gan\u00f3 la Copa en Suecia 58, Chile 62 y M\u00e9xico 70.<\/p>\n\n\n\n<p>Pel\u00e9, el que ha marchado este jueves al otro lado de las cosas, fue un futbolista perfecto en tiempos donde los beneficios de la leyenda contrastaban con colosales cajas de resonancia que llegar\u00edan unas cuantas d\u00e9cadas despu\u00e9s: videos al minuto, repeticiones de jugadas en clave cinematogr\u00e1fica, semblanzas apolog\u00e9ticas, portales, redes, clubs de fans a escala planetaria, etc.<\/p>\n\n\n\n<p>Pel\u00e9, O Rei, Edson Arantes do Nascimento, sali\u00f3 al ruedo a los 16 a\u00f1os para brillar en el m\u00e1s alto nivel, heredar las virtudes de los cracks que lo precedieron y condensar dotes t\u00e9cnicas en un solo jugador que hasta entonces se verificaban repartidas en dos, en tres, en cuatro. En muchos.<\/p>\n\n\n\n<p>El atleta superdotado qu\u00edmicamente puro: 173 cent\u00edmetros y 70 kilos de m\u00fasculo, emociones templadas y ejecuciones de concierto.<\/p>\n\n\n\n<p>Visto desde cierta perspectiva, encontrar defectos en c\u00f3mo jugaba Pel\u00e9 es una tarea odiosa y condenada al fracaso.<\/p>\n\n\n\n<p>Era fuerte como un roble y con tranco de gacela solo superado por Alfredo Di St\u00e9fano (la Saeta Rubia criolla), gambeteaba en corto y en largo, era diestro, pero pod\u00eda presumir de zurdo y cabeceaba como un portento sin que lo perturbaran demasiado las marcaciones rigurosas.<\/p>\n\n\n\n<p>Sus remates eran de forma indistinta latigazos o estocadas de terciopelo seg\u00fan lo aconsejaban las circunstancias.<\/p>\n\n\n\n<p>Y contra lo que pudiera imaginarse, ten\u00eda un profundo sentido colectivo: desmarques al servicio del espacio apto para el compa\u00f1ero, constructor de paredes al mil\u00edmetro y solidario para ir y para venir.<\/p>\n\n\n\n<p>En este sentido, bastaba con recoger testimonios de sus rivales para registrar un coro un\u00e1nime entre asombrado y admirativo.<\/p>\n\n\n\n<p>O Rei jugaba con la n\u00famero 10, goleaba con voracidad de 9 y corr\u00eda la cancha con pertinencia de lo que en glosario moderno designar\u00edamos como mediocampista mixto.<\/p>\n\n\n\n<p>No escatimaba los cruces, trababa cada pelota como si fuera la \u00faltima y sin ser un bravuc\u00f3n tampoco admit\u00eda que se lo llevaran por delante: que intentaran, a menudo de forma temeraria, explorar presuntas fragilidades del coraz\u00f3n.<\/p>\n<div class=\"sharedaddy sd-sharing-enabled\"><div class=\"robots-nocontent sd-block sd-social sd-social-icon sd-sharing\"><h3 class=\"sd-title\">Comparte esto:<\/h3><div class=\"sd-content\"><ul><li class=\"share-twitter\"><a rel=\"nofollow noopener noreferrer\" data-shared=\"sharing-twitter-35081\" class=\"share-twitter sd-button share-icon no-text\" href=\"http:\/\/www.rtvnoticias.com.ar\/?p=35081&amp;share=twitter\" target=\"_blank\" title=\"Haz clic para compartir en Twitter\"><span><\/span><span class=\"sharing-screen-reader-text\">Haz clic para compartir en Twitter (Se abre en una ventana nueva)<\/span><\/a><\/li><li class=\"share-facebook\"><a rel=\"nofollow noopener noreferrer\" data-shared=\"sharing-facebook-35081\" class=\"share-facebook sd-button share-icon no-text\" href=\"http:\/\/www.rtvnoticias.com.ar\/?p=35081&amp;share=facebook\" target=\"_blank\" title=\"Haz clic para compartir en Facebook\"><span><\/span><span class=\"sharing-screen-reader-text\">Haz clic para compartir en Facebook (Se abre en una ventana nueva)<\/span><\/a><\/li><li class=\"share-jetpack-whatsapp\"><a rel=\"nofollow noopener noreferrer\" data-shared=\"\" class=\"share-jetpack-whatsapp sd-button share-icon no-text\" href=\"http:\/\/www.rtvnoticias.com.ar\/?p=35081&amp;share=jetpack-whatsapp\" target=\"_blank\" title=\"Haz clic para compartir en WhatsApp\"><span><\/span><span class=\"sharing-screen-reader-text\">Haz clic para compartir en WhatsApp (Se abre en una ventana nueva)<\/span><\/a><\/li><li class=\"share-telegram\"><a rel=\"nofollow noopener noreferrer\" data-shared=\"\" class=\"share-telegram sd-button share-icon no-text\" href=\"http:\/\/www.rtvnoticias.com.ar\/?p=35081&amp;share=telegram\" target=\"_blank\" title=\"Haz clic para compartir en Telegram\"><span><\/span><span class=\"sharing-screen-reader-text\">Haz clic para compartir en Telegram (Se abre en una ventana nueva)<\/span><\/a><\/li><li class=\"share-end\"><\/li><\/ul><\/div><\/div><\/div>","protected":false},"excerpt":{"rendered":"<p>El astro brasile\u00f1o Pel\u00e9, uno de los mejores futbolistas de la historia, muri\u00f3 este jueves a los 82 a\u00f1os en San Pablo, confirm\u00f3 su hija<\/p>\n<div class=\"sharedaddy sd-sharing-enabled\"><div class=\"robots-nocontent sd-block sd-social sd-social-icon sd-sharing\"><h3 class=\"sd-title\">Comparte esto:<\/h3><div class=\"sd-content\"><ul><li class=\"share-twitter\"><a rel=\"nofollow noopener noreferrer\" data-shared=\"sharing-twitter-35081\" class=\"share-twitter sd-button share-icon no-text\" href=\"http:\/\/www.rtvnoticias.com.ar\/?p=35081&amp;share=twitter\" target=\"_blank\" title=\"Haz clic para compartir en Twitter\"><span><\/span><span class=\"sharing-screen-reader-text\">Haz clic para compartir en Twitter (Se abre en una ventana nueva)<\/span><\/a><\/li><li class=\"share-facebook\"><a rel=\"nofollow noopener noreferrer\" data-shared=\"sharing-facebook-35081\" class=\"share-facebook sd-button share-icon no-text\" href=\"http:\/\/www.rtvnoticias.com.ar\/?p=35081&amp;share=facebook\" target=\"_blank\" title=\"Haz clic para compartir en Facebook\"><span><\/span><span class=\"sharing-screen-reader-text\">Haz clic para compartir en Facebook (Se abre en una ventana nueva)<\/span><\/a><\/li><li class=\"share-jetpack-whatsapp\"><a rel=\"nofollow noopener noreferrer\" data-shared=\"\" class=\"share-jetpack-whatsapp sd-button share-icon no-text\" href=\"http:\/\/www.rtvnoticias.com.ar\/?p=35081&amp;share=jetpack-whatsapp\" target=\"_blank\" title=\"Haz clic para compartir en WhatsApp\"><span><\/span><span class=\"sharing-screen-reader-text\">Haz clic para compartir en WhatsApp (Se abre en una ventana nueva)<\/span><\/a><\/li><li class=\"share-telegram\"><a rel=\"nofollow noopener noreferrer\" data-shared=\"\" class=\"share-telegram sd-button share-icon no-text\" href=\"http:\/\/www.rtvnoticias.com.ar\/?p=35081&amp;share=telegram\" target=\"_blank\" title=\"Haz clic para compartir en Telegram\"><span><\/span><span class=\"sharing-screen-reader-text\">Haz clic para compartir en Telegram (Se abre en una ventana nueva)<\/span><\/a><\/li><li class=\"share-end\"><\/li><\/ul><\/div><\/div><\/div>","protected":false},"author":7,"featured_media":0,"comment_status":"closed","ping_status":"closed","sticky":false,"template":"","format":"standard","meta":{"spay_email":"","jetpack_publicize_message":"","jetpack_is_tweetstorm":false,"jetpack_publicize_feature_enabled":true},"categories":[6],"tags":[],"jetpack_featured_media_url":"","jetpack_publicize_connections":[],"jetpack_sharing_enabled":true,"_links":{"self":[{"href":"http:\/\/www.rtvnoticias.com.ar\/index.php?rest_route=\/wp\/v2\/posts\/35081"}],"collection":[{"href":"http:\/\/www.rtvnoticias.com.ar\/index.php?rest_route=\/wp\/v2\/posts"}],"about":[{"href":"http:\/\/www.rtvnoticias.com.ar\/index.php?rest_route=\/wp\/v2\/types\/post"}],"author":[{"embeddable":true,"href":"http:\/\/www.rtvnoticias.com.ar\/index.php?rest_route=\/wp\/v2\/users\/7"}],"replies":[{"embeddable":true,"href":"http:\/\/www.rtvnoticias.com.ar\/index.php?rest_route=%2Fwp%2Fv2%2Fcomments&post=35081"}],"version-history":[{"count":1,"href":"http:\/\/www.rtvnoticias.com.ar\/index.php?rest_route=\/wp\/v2\/posts\/35081\/revisions"}],"predecessor-version":[{"id":35083,"href":"http:\/\/www.rtvnoticias.com.ar\/index.php?rest_route=\/wp\/v2\/posts\/35081\/revisions\/35083"}],"wp:attachment":[{"href":"http:\/\/www.rtvnoticias.com.ar\/index.php?rest_route=%2Fwp%2Fv2%2Fmedia&parent=35081"}],"wp:term":[{"taxonomy":"category","embeddable":true,"href":"http:\/\/www.rtvnoticias.com.ar\/index.php?rest_route=%2Fwp%2Fv2%2Fcategories&post=35081"},{"taxonomy":"post_tag","embeddable":true,"href":"http:\/\/www.rtvnoticias.com.ar\/index.php?rest_route=%2Fwp%2Fv2%2Ftags&post=35081"}],"curies":[{"name":"wp","href":"https:\/\/api.w.org\/{rel}","templated":true}]}}