{"id":35084,"date":"2022-12-30T20:20:51","date_gmt":"2022-12-30T23:20:51","guid":{"rendered":"http:\/\/www.rtvnoticias.com.ar\/?p=35084"},"modified":"2022-12-30T20:20:54","modified_gmt":"2022-12-30T23:20:54","slug":"seis-listas-competiran-por-la-gobernacion-en-la-pampa","status":"publish","type":"post","link":"http:\/\/www.rtvnoticias.com.ar\/?p=35084","title":{"rendered":"Seis listas competir\u00e1n por la gobernaci\u00f3n en La Pampa"},"content":{"rendered":"\n<p>Seis frentes y partidos se presentaron ante el Tribunal Electoral de La Pampa para competir por la gobernaci\u00f3n en las elecciones provinciales del 14 de mayo. Seg\u00fan indicaron desde la Justicia, cinco de ellos tienen f\u00f3rmula \u00fanica y solamente el Frente Juntos por el Cambio dirimir\u00e1 sus candidatos en las elecciones internas abiertas, obligatorias y simult\u00e1neas del 12 de febrero.<\/p>\n\n\n\n<p>El plazo para que las juntas electorales partidarias entregaran las listas de candidatos oficializadas ante el TEP venci\u00f3 a la medianoche del jueves. Ahora el Tribunal tiene tiempo hasta el pr\u00f3ximo martes para el control y registro solamente de las listas que ir\u00e1n a internas. Destacaron que en las elecciones de mayo se elegir\u00e1 por primera vez el cargo de Juez o Jueza de Paz en Pichi Huinca.<\/p>\n\n\n\n<p>Para la gobernaci\u00f3n presentaron candidaturas \u00fanicas el Frente Justicialista Pampeano con la f\u00f3rmula Sergio Ziliotto-Alicia Mayoral, el Frente de Izquierda y de Trabajadores-Unidad con Luciano Gonz\u00e1lez-Sof\u00eda Mercedes Fern\u00e1ndez, Desde el Pie con Claudio Alejandro Acosta-Mar\u00eda Laura Gonz\u00e1lez, el Mofepa con la f\u00f3rmula H\u00e9ctor Fazzini-Sonia Anal\u00eda Wisner y Comunidad Organizada con Juan Carlos Tierno-Viviana Winschel.<\/p>\n\n\n\n<p>Tambi\u00e9n lo hizo Frente Juntos por el Cambio-La Pampa, el \u00fanico que ir\u00e1 a internas el 12 de febrero. Sus dos candidatos son Mart\u00edn Berhongaray (Uni\u00f3n C\u00edvica Radical) y Mart\u00edn Maquieyra (PRO). A su vez, para las candidaturas a diputados provinciales se sumaron otras dos fuerzas pol\u00edticas, Partido Libertario y Organizaci\u00f3n C\u00edvica.<\/p>\n\n\n\n<p><strong>Unidad en el Frejupa<\/strong><\/p>\n\n\n\n<p>En el Frejupa habr\u00e1 internas el 12 de febrero para cargos municipales en Arata, Maisonnave, Rancul, Doblas, Caleuf\u00fa y Quehu\u00e9. En cambio, detallaron, \u00abdicho frente tendr\u00e1 listas \u00fanicas en 25 de Mayo, Abramo, Adolfo Van Praet, Agustoni, Algarrobo del \u00c1guila, Alpachiri, Alta Italia, Anguil, Ataliva Roca, Bernardo Larroud\u00e9, Carro Quemado, Catril\u00f3, Ceballos, Chacharramendi, Colonia Bar\u00f3n, Colonia Emilio Mitre, Colonia Santa Mar\u00eda, Conhello, Coronel Hilario Lagos, Cuchillo Co, Dorila, Embajador Martini, General Acha, General Pico, General San Mart\u00edn, Gobernador Duval, Guatrach\u00e9, Ingeniero Luiggi, Intendente Alvear, Jacinto Arauz, La Adela, La Humada, La Maruja, La Reforma, Limay Mahuida, Lonquimay, Loventuel, Luan Toro, Macach\u00edn, Mauricio Mayer, Metileo, Miguel Can\u00e9, Miguel Riglos, Monte Nievas, Parera, Per\u00fa, Pichi Huinca, Puelches, Puel\u00e9n, Quehu\u00e9, Quem\u00fa Quem\u00fa, Realic\u00f3, Relmo, Rol\u00f3n, Rucanelo, Santa Rosa, Santa Teresa, Sarah, Speluzzi, Tel\u00e9n, Toay, Tom\u00e1s Manuel de Anchorena, Trenel, Uriburu, V\u00e9rtiz, Victorica, Villa Mirasol, Winifreda, Eduardo Castex, Bernasconi y Santa Isabel\u00bb.<\/p>\n\n\n\n<p><strong>Oposici\u00f3n dividida<\/strong><\/p>\n\n\n\n<p>En Juntos por el Cambio habr\u00e1 internas en siete localidades: Santa Rosa, General Pico, Sarah, Miguel Can\u00e9, 25 de Mayo, Ingeniero Luiggi y Toay (solo para concejales). A su vez, habr\u00e1 lista \u00fanica en \u00abDoblas, Macach\u00edn, Miguel Riglos, Tom\u00e1s Manuel de Anchorena, Anguil, La Adela, Lonquimay, Santa Isabel, Bernardo Larroud\u00e9, Ceballos, Intendente Alvear, V\u00e9rtiz, Algarrobo del \u00c1guila, La Humada, Eduardo Castex, Mauricio Mayer, Winifreda, Gobernador Duval, Puelches, Colonia Santa Teresa, Alpachiri, General Manuel Campos, Guatrach\u00e9, Bernasconi, General San Mart\u00edn, Jacinto Arauz, Carro Quemado, Luan Toro, Tel\u00e9n, Cuchillo Co, Limay Mahuida, Agustoni, Dorila, Speluzzi, Puel\u00e9n, Colonia Bar\u00f3n, Quem\u00fa Quem\u00fa, Relmo, Villa Mirasol, Caleuf\u00fa, La Maruja, Parera, Rancul, Adolfo Van Praet, Alta Italia, Maisonnave, Embajador Martini, Realic\u00f3, Arata, Metileo, Trenel, Ataliva Roca, Colonia Santa Mar\u00eda, General Acha, Quehu\u00e9 y Unanue\u00bb.<\/p>\n\n\n\n<p><strong>Otras fuerzas<\/strong><\/p>\n\n\n\n<p>Desde la Justicia indicaron que \u00abDesde el Pie present\u00f3 candidatos propios para cargos municipales en Santa Rosa y General Pico; el Movimiento Federalista Pampeano en Santa Rosa; el Frente de Izquierda y de Trabajadores-Unidad en Santa Rosa y en General Pico; y Comunidad Organizada en Santa Rosa, General Pico, Toay, Relmo, Puel\u00e9n, Metileo, Doblas, Cuchillo Co, Catril\u00f3, Victorica, Carro Quemado y Speluzzi. A su vez, se presentaron juntas vecinales para cargos locales en General Acha, Victorica, Quetrequ\u00e9n, Coronel Hilario Lagos, 25 de Mayo, Falucho, Monte Nievas y Doblas\u00bb.<\/p>\n<div class=\"sharedaddy sd-sharing-enabled\"><div class=\"robots-nocontent sd-block sd-social sd-social-icon sd-sharing\"><h3 class=\"sd-title\">Comparte esto:<\/h3><div class=\"sd-content\"><ul><li class=\"share-twitter\"><a rel=\"nofollow noopener noreferrer\" data-shared=\"sharing-twitter-35084\" class=\"share-twitter sd-button share-icon no-text\" href=\"http:\/\/www.rtvnoticias.com.ar\/?p=35084&amp;share=twitter\" target=\"_blank\" title=\"Haz clic para compartir en Twitter\"><span><\/span><span class=\"sharing-screen-reader-text\">Haz clic para compartir en Twitter (Se abre en una ventana nueva)<\/span><\/a><\/li><li class=\"share-facebook\"><a rel=\"nofollow noopener noreferrer\" data-shared=\"sharing-facebook-35084\" class=\"share-facebook sd-button share-icon no-text\" href=\"http:\/\/www.rtvnoticias.com.ar\/?p=35084&amp;share=facebook\" target=\"_blank\" title=\"Haz clic para compartir en Facebook\"><span><\/span><span class=\"sharing-screen-reader-text\">Haz clic para compartir en Facebook (Se abre en una ventana nueva)<\/span><\/a><\/li><li class=\"share-jetpack-whatsapp\"><a rel=\"nofollow noopener noreferrer\" data-shared=\"\" class=\"share-jetpack-whatsapp sd-button share-icon no-text\" href=\"http:\/\/www.rtvnoticias.com.ar\/?p=35084&amp;share=jetpack-whatsapp\" target=\"_blank\" title=\"Haz clic para compartir en WhatsApp\"><span><\/span><span class=\"sharing-screen-reader-text\">Haz clic para compartir en WhatsApp (Se abre en una ventana nueva)<\/span><\/a><\/li><li class=\"share-telegram\"><a rel=\"nofollow noopener noreferrer\" data-shared=\"\" class=\"share-telegram sd-button share-icon no-text\" href=\"http:\/\/www.rtvnoticias.com.ar\/?p=35084&amp;share=telegram\" target=\"_blank\" title=\"Haz clic para compartir en Telegram\"><span><\/span><span class=\"sharing-screen-reader-text\">Haz clic para compartir en Telegram (Se abre en una ventana nueva)<\/span><\/a><\/li><li class=\"share-end\"><\/li><\/ul><\/div><\/div><\/div>","protected":false},"excerpt":{"rendered":"<p>Seis frentes y partidos se presentaron ante el Tribunal Electoral de La Pampa para competir por la gobernaci\u00f3n en las elecciones provinciales del 14 de<\/p>\n<div class=\"sharedaddy sd-sharing-enabled\"><div class=\"robots-nocontent sd-block sd-social sd-social-icon sd-sharing\"><h3 class=\"sd-title\">Comparte esto:<\/h3><div class=\"sd-content\"><ul><li class=\"share-twitter\"><a rel=\"nofollow noopener noreferrer\" data-shared=\"sharing-twitter-35084\" class=\"share-twitter sd-button share-icon no-text\" href=\"http:\/\/www.rtvnoticias.com.ar\/?p=35084&amp;share=twitter\" target=\"_blank\" title=\"Haz clic para compartir en Twitter\"><span><\/span><span class=\"sharing-screen-reader-text\">Haz clic para compartir en Twitter (Se abre en una ventana nueva)<\/span><\/a><\/li><li class=\"share-facebook\"><a rel=\"nofollow noopener noreferrer\" data-shared=\"sharing-facebook-35084\" class=\"share-facebook sd-button share-icon no-text\" href=\"http:\/\/www.rtvnoticias.com.ar\/?p=35084&amp;share=facebook\" target=\"_blank\" title=\"Haz clic para compartir en Facebook\"><span><\/span><span class=\"sharing-screen-reader-text\">Haz clic para compartir en Facebook (Se abre en una ventana nueva)<\/span><\/a><\/li><li class=\"share-jetpack-whatsapp\"><a rel=\"nofollow noopener noreferrer\" data-shared=\"\" class=\"share-jetpack-whatsapp sd-button share-icon no-text\" href=\"http:\/\/www.rtvnoticias.com.ar\/?p=35084&amp;share=jetpack-whatsapp\" target=\"_blank\" title=\"Haz clic para compartir en WhatsApp\"><span><\/span><span class=\"sharing-screen-reader-text\">Haz clic para compartir en WhatsApp (Se abre en una ventana nueva)<\/span><\/a><\/li><li class=\"share-telegram\"><a rel=\"nofollow noopener noreferrer\" data-shared=\"\" class=\"share-telegram sd-button share-icon no-text\" href=\"http:\/\/www.rtvnoticias.com.ar\/?p=35084&amp;share=telegram\" target=\"_blank\" title=\"Haz clic para compartir en Telegram\"><span><\/span><span class=\"sharing-screen-reader-text\">Haz clic para compartir en Telegram (Se abre en una ventana nueva)<\/span><\/a><\/li><li class=\"share-end\"><\/li><\/ul><\/div><\/div><\/div>","protected":false},"author":7,"featured_media":29706,"comment_status":"closed","ping_status":"closed","sticky":false,"template":"","format":"standard","meta":{"spay_email":"","jetpack_publicize_message":"","jetpack_is_tweetstorm":false,"jetpack_publicize_feature_enabled":true},"categories":[1],"tags":[],"jetpack_featured_media_url":"http:\/\/www.rtvnoticias.com.ar\/wp-content\/uploads\/2021\/11\/voto1.jpg","jetpack_publicize_connections":[],"jetpack_sharing_enabled":true,"_links":{"self":[{"href":"http:\/\/www.rtvnoticias.com.ar\/index.php?rest_route=\/wp\/v2\/posts\/35084"}],"collection":[{"href":"http:\/\/www.rtvnoticias.com.ar\/index.php?rest_route=\/wp\/v2\/posts"}],"about":[{"href":"http:\/\/www.rtvnoticias.com.ar\/index.php?rest_route=\/wp\/v2\/types\/post"}],"author":[{"embeddable":true,"href":"http:\/\/www.rtvnoticias.com.ar\/index.php?rest_route=\/wp\/v2\/users\/7"}],"replies":[{"embeddable":true,"href":"http:\/\/www.rtvnoticias.com.ar\/index.php?rest_route=%2Fwp%2Fv2%2Fcomments&post=35084"}],"version-history":[{"count":1,"href":"http:\/\/www.rtvnoticias.com.ar\/index.php?rest_route=\/wp\/v2\/posts\/35084\/revisions"}],"predecessor-version":[{"id":35085,"href":"http:\/\/www.rtvnoticias.com.ar\/index.php?rest_route=\/wp\/v2\/posts\/35084\/revisions\/35085"}],"wp:featuredmedia":[{"embeddable":true,"href":"http:\/\/www.rtvnoticias.com.ar\/index.php?rest_route=\/wp\/v2\/media\/29706"}],"wp:attachment":[{"href":"http:\/\/www.rtvnoticias.com.ar\/index.php?rest_route=%2Fwp%2Fv2%2Fmedia&parent=35084"}],"wp:term":[{"taxonomy":"category","embeddable":true,"href":"http:\/\/www.rtvnoticias.com.ar\/index.php?rest_route=%2Fwp%2Fv2%2Fcategories&post=35084"},{"taxonomy":"post_tag","embeddable":true,"href":"http:\/\/www.rtvnoticias.com.ar\/index.php?rest_route=%2Fwp%2Fv2%2Ftags&post=35084"}],"curies":[{"name":"wp","href":"https:\/\/api.w.org\/{rel}","templated":true}]}}