{"id":35095,"date":"2022-12-30T07:34:00","date_gmt":"2022-12-30T10:34:00","guid":{"rendered":"http:\/\/www.rtvnoticias.com.ar\/?p=35095"},"modified":"2022-12-30T20:38:43","modified_gmt":"2022-12-30T23:38:43","slug":"con-fuertes-criticas-al-gobierno-victoria-donda-renuncio-al-inadi","status":"publish","type":"post","link":"http:\/\/www.rtvnoticias.com.ar\/?p=35095","title":{"rendered":"Con fuertes cr\u00edticas al Gobierno, Victoria Donda renunci\u00f3 al INADI"},"content":{"rendered":"\n<p>Victoria Donda anunci\u00f3 este jueves a la noche que no continuar\u00e1 al frente del Instituto Nacional contra la Discriminaci\u00f3n, la Xenofobia y el Racismo (INADI), a pocas horas de que se venciera su nombramiento como interventora al frente de ese organismo.<\/p>\n\n\n\n<p>El nombramiento de la ahora exfuncionaria se venc\u00eda este s\u00e1bado 31 y, seg\u00fan trascendi\u00f3, el presidente Alberto Fern\u00e1ndez decidi\u00f3 no renovarlo con el fin de normalizar la conducci\u00f3n del INADI y designar a una autoridad en forma permanente.<\/p>\n\n\n\n<p>\u201cHoy redacto estas l\u00edneas alej\u00e1ndome de mi rol institucional como titular del INADI, justamente convencida de que se dej\u00f3 de escuchar all\u00ed donde m\u00e1s se debe hacerlo\u201d, escribi\u00f3 en un comunicado en el que explic\u00f3 su renuncia.<\/p>\n\n\n\n<p>Asimismo, Donda dej\u00f3 entrever que su salida est\u00e1 vinculada, adem\u00e1s, al juicio por delitos de lesa humanidad que afronta por estos d\u00edas su apropiador durante la \u00faltima dictadura.<\/p>\n\n\n\n<p>La exdiputada hab\u00eda asumido su cargo en el inicio de la gesti\u00f3n del presidente Fern\u00e1ndez, en diciembre de 2019.<\/p>\n\n\n\n<p>En una de sus \u00faltimas apariciones en las redes como funcionaria, Donda hab\u00eda dicho: \u00abCristina nos marc\u00f3 hacia d\u00f3nde hay que seguir construyendo\u00bb. Fue luego del discurso de la vicepresidenta en la inauguraci\u00f3n del polideportivo \u201cDiego Armando Maradona\u201d en Villa Dominico, partido de Avellaneda.<\/p>\n\n\n\n<p>\u00abConf\u00edo en Cristina, que ha sido la arquitecta de la victoria en 2019, y conf\u00edo en que ser\u00e1 la arquitecta en 2023\u00bb, agreg\u00f3, antes de definirla como \u00abla dirigente m\u00e1s importante a Am\u00e9rica latina\u00bb.<\/p>\n<div class=\"sharedaddy sd-sharing-enabled\"><div class=\"robots-nocontent sd-block sd-social sd-social-icon sd-sharing\"><h3 class=\"sd-title\">Comparte esto:<\/h3><div class=\"sd-content\"><ul><li class=\"share-twitter\"><a rel=\"nofollow noopener noreferrer\" data-shared=\"sharing-twitter-35095\" class=\"share-twitter sd-button share-icon no-text\" href=\"http:\/\/www.rtvnoticias.com.ar\/?p=35095&amp;share=twitter\" target=\"_blank\" title=\"Haz clic para compartir en Twitter\"><span><\/span><span class=\"sharing-screen-reader-text\">Haz clic para compartir en Twitter (Se abre en una ventana nueva)<\/span><\/a><\/li><li class=\"share-facebook\"><a rel=\"nofollow noopener noreferrer\" data-shared=\"sharing-facebook-35095\" class=\"share-facebook sd-button share-icon no-text\" href=\"http:\/\/www.rtvnoticias.com.ar\/?p=35095&amp;share=facebook\" target=\"_blank\" title=\"Haz clic para compartir en Facebook\"><span><\/span><span class=\"sharing-screen-reader-text\">Haz clic para compartir en Facebook (Se abre en una ventana nueva)<\/span><\/a><\/li><li class=\"share-jetpack-whatsapp\"><a rel=\"nofollow noopener noreferrer\" data-shared=\"\" class=\"share-jetpack-whatsapp sd-button share-icon no-text\" href=\"http:\/\/www.rtvnoticias.com.ar\/?p=35095&amp;share=jetpack-whatsapp\" target=\"_blank\" title=\"Haz clic para compartir en WhatsApp\"><span><\/span><span class=\"sharing-screen-reader-text\">Haz clic para compartir en WhatsApp (Se abre en una ventana nueva)<\/span><\/a><\/li><li class=\"share-telegram\"><a rel=\"nofollow noopener noreferrer\" data-shared=\"\" class=\"share-telegram sd-button share-icon no-text\" href=\"http:\/\/www.rtvnoticias.com.ar\/?p=35095&amp;share=telegram\" target=\"_blank\" title=\"Haz clic para compartir en Telegram\"><span><\/span><span class=\"sharing-screen-reader-text\">Haz clic para compartir en Telegram (Se abre en una ventana nueva)<\/span><\/a><\/li><li class=\"share-end\"><\/li><\/ul><\/div><\/div><\/div>","protected":false},"excerpt":{"rendered":"<p>Victoria Donda anunci\u00f3 este jueves a la noche que no continuar\u00e1 al frente del Instituto Nacional contra la Discriminaci\u00f3n, la Xenofobia y el Racismo (INADI),<\/p>\n<div class=\"sharedaddy sd-sharing-enabled\"><div class=\"robots-nocontent sd-block sd-social sd-social-icon sd-sharing\"><h3 class=\"sd-title\">Comparte esto:<\/h3><div class=\"sd-content\"><ul><li class=\"share-twitter\"><a rel=\"nofollow noopener noreferrer\" data-shared=\"sharing-twitter-35095\" class=\"share-twitter sd-button share-icon no-text\" href=\"http:\/\/www.rtvnoticias.com.ar\/?p=35095&amp;share=twitter\" target=\"_blank\" title=\"Haz clic para compartir en Twitter\"><span><\/span><span class=\"sharing-screen-reader-text\">Haz clic para compartir en Twitter (Se abre en una ventana nueva)<\/span><\/a><\/li><li class=\"share-facebook\"><a rel=\"nofollow noopener noreferrer\" data-shared=\"sharing-facebook-35095\" class=\"share-facebook sd-button share-icon no-text\" href=\"http:\/\/www.rtvnoticias.com.ar\/?p=35095&amp;share=facebook\" target=\"_blank\" title=\"Haz clic para compartir en Facebook\"><span><\/span><span class=\"sharing-screen-reader-text\">Haz clic para compartir en Facebook (Se abre en una ventana nueva)<\/span><\/a><\/li><li class=\"share-jetpack-whatsapp\"><a rel=\"nofollow noopener noreferrer\" data-shared=\"\" class=\"share-jetpack-whatsapp sd-button share-icon no-text\" href=\"http:\/\/www.rtvnoticias.com.ar\/?p=35095&amp;share=jetpack-whatsapp\" target=\"_blank\" title=\"Haz clic para compartir en WhatsApp\"><span><\/span><span class=\"sharing-screen-reader-text\">Haz clic para compartir en WhatsApp (Se abre en una ventana nueva)<\/span><\/a><\/li><li class=\"share-telegram\"><a rel=\"nofollow noopener noreferrer\" data-shared=\"\" class=\"share-telegram sd-button share-icon no-text\" href=\"http:\/\/www.rtvnoticias.com.ar\/?p=35095&amp;share=telegram\" target=\"_blank\" title=\"Haz clic para compartir en Telegram\"><span><\/span><span class=\"sharing-screen-reader-text\">Haz clic para compartir en Telegram (Se abre en una ventana nueva)<\/span><\/a><\/li><li class=\"share-end\"><\/li><\/ul><\/div><\/div><\/div>","protected":false},"author":7,"featured_media":35096,"comment_status":"closed","ping_status":"closed","sticky":false,"template":"","format":"standard","meta":{"spay_email":"","jetpack_publicize_message":"","jetpack_is_tweetstorm":false,"jetpack_publicize_feature_enabled":true},"categories":[1],"tags":[],"jetpack_featured_media_url":"http:\/\/www.rtvnoticias.com.ar\/wp-content\/uploads\/2022\/12\/donda.jpg","jetpack_publicize_connections":[],"jetpack_sharing_enabled":true,"_links":{"self":[{"href":"http:\/\/www.rtvnoticias.com.ar\/index.php?rest_route=\/wp\/v2\/posts\/35095"}],"collection":[{"href":"http:\/\/www.rtvnoticias.com.ar\/index.php?rest_route=\/wp\/v2\/posts"}],"about":[{"href":"http:\/\/www.rtvnoticias.com.ar\/index.php?rest_route=\/wp\/v2\/types\/post"}],"author":[{"embeddable":true,"href":"http:\/\/www.rtvnoticias.com.ar\/index.php?rest_route=\/wp\/v2\/users\/7"}],"replies":[{"embeddable":true,"href":"http:\/\/www.rtvnoticias.com.ar\/index.php?rest_route=%2Fwp%2Fv2%2Fcomments&post=35095"}],"version-history":[{"count":1,"href":"http:\/\/www.rtvnoticias.com.ar\/index.php?rest_route=\/wp\/v2\/posts\/35095\/revisions"}],"predecessor-version":[{"id":35097,"href":"http:\/\/www.rtvnoticias.com.ar\/index.php?rest_route=\/wp\/v2\/posts\/35095\/revisions\/35097"}],"wp:featuredmedia":[{"embeddable":true,"href":"http:\/\/www.rtvnoticias.com.ar\/index.php?rest_route=\/wp\/v2\/media\/35096"}],"wp:attachment":[{"href":"http:\/\/www.rtvnoticias.com.ar\/index.php?rest_route=%2Fwp%2Fv2%2Fmedia&parent=35095"}],"wp:term":[{"taxonomy":"category","embeddable":true,"href":"http:\/\/www.rtvnoticias.com.ar\/index.php?rest_route=%2Fwp%2Fv2%2Fcategories&post=35095"},{"taxonomy":"post_tag","embeddable":true,"href":"http:\/\/www.rtvnoticias.com.ar\/index.php?rest_route=%2Fwp%2Fv2%2Ftags&post=35095"}],"curies":[{"name":"wp","href":"https:\/\/api.w.org\/{rel}","templated":true}]}}