{"id":35148,"date":"2023-01-06T09:58:06","date_gmt":"2023-01-06T12:58:06","guid":{"rendered":"http:\/\/www.rtvnoticias.com.ar\/?p=35148"},"modified":"2023-01-06T09:58:09","modified_gmt":"2023-01-06T12:58:09","slug":"el-gobierno-confirmo-el-previaje-4-y-dio-algunos-detalles-de-la-proxima-edicion","status":"publish","type":"post","link":"http:\/\/www.rtvnoticias.com.ar\/?p=35148","title":{"rendered":"El Gobierno confirm\u00f3 el PreViaje 4 y dio algunos detalles de la pr\u00f3xima edici\u00f3n"},"content":{"rendered":"\n<p class=\"has-text-align-center\"><strong>El ministro de Turismo y Deportes de la Naci\u00f3n, Mat\u00edas Lammens, cont\u00f3 que ser\u00e1 en temporada baja con el objetivo de lograr una actividad econ\u00f3mica sostenida a lo largo del a\u00f1o para el sector.<\/strong><\/p>\n\n\n\n<p>Este jueves, el Gobierno confirm\u00f3 una nueva edici\u00f3n del PreViaje, el programa que reintegra el 50% de los gastos que se realizan en turismo.<\/p>\n\n\n\n<p>El ministro de Turismo y de Deportes de la Naci\u00f3n, Mat\u00edas Lammens, dio algunos detalles durante su recorrida por el complejo tur\u00edstico de Chapadmalal, donde inaugur\u00f3 una nueva unidad hotelera de turismo social.<\/p>\n\n\n\n<p>Si bien no especific\u00f3 cu\u00e1ndo, el funcionario confirm\u00f3 el lanzamiento de la edici\u00f3n n\u00famero 4. \u00abEsta idea de apuntalar los meses m\u00e1s flojos funcion\u00f3 muy bien con el PreViaje 3 en octubre y noviembre de 2022, con m\u00e1s de 1 de mill\u00f3n de personas viajando por el pa\u00eds. Por eso eso, se va a replicar este primer semestre 2023. Queremos reforzar la idea de que con PreViaje no hay temporada baja\u00bb, expres\u00f3.<\/p>\n\n\n\n<p>De acuerdo a ese antecedente, el programa funcionar\u00eda en los meses entre la temporada alta de verano y la alta de invierno, es decir, entre abril, mayo y junio.<\/p>\n\n\n\n<p>Seg\u00fan las cifras del Observatorio Argentino de Turismo, m\u00e1s de 6 millones de turistas accedieron a este beneficio en sus tres ediciones.<\/p>\n\n\n\n<p>El ministro dio tambi\u00e9n una visi\u00f3n sobre las expectativas para esta temporada y destac\u00f3 la importancia del sector para la econom\u00eda.<\/p>\n\n\n\n<p>\u00abEste verano es un desaf\u00edo y a pesar de no tener el programa PreViaje tenemos una ocupaci\u00f3n importante en todos los rincones del pa\u00eds\u00bb.<\/p>\n\n\n\n<p>Y agreg\u00f3: \u00abEl turismo demuestra que es el mayor generador de empleo y es el sector que m\u00e1s est\u00e1 creciendo en generaci\u00f3n de divisas con el turismo receptivo. Tener una temporada tan buena hace que el sector se siga fortaleciendo y que se sigan sumando familias a este que es uno de los motores de la econom\u00eda Argentina\u00bb.<\/p>\n<div class=\"sharedaddy sd-sharing-enabled\"><div class=\"robots-nocontent sd-block sd-social sd-social-icon sd-sharing\"><h3 class=\"sd-title\">Comparte esto:<\/h3><div class=\"sd-content\"><ul><li class=\"share-twitter\"><a rel=\"nofollow noopener noreferrer\" data-shared=\"sharing-twitter-35148\" class=\"share-twitter sd-button share-icon no-text\" href=\"http:\/\/www.rtvnoticias.com.ar\/?p=35148&amp;share=twitter\" target=\"_blank\" title=\"Haz clic para compartir en Twitter\"><span><\/span><span class=\"sharing-screen-reader-text\">Haz clic para compartir en Twitter (Se abre en una ventana nueva)<\/span><\/a><\/li><li class=\"share-facebook\"><a rel=\"nofollow noopener noreferrer\" data-shared=\"sharing-facebook-35148\" class=\"share-facebook sd-button share-icon no-text\" href=\"http:\/\/www.rtvnoticias.com.ar\/?p=35148&amp;share=facebook\" target=\"_blank\" title=\"Haz clic para compartir en Facebook\"><span><\/span><span class=\"sharing-screen-reader-text\">Haz clic para compartir en Facebook (Se abre en una ventana nueva)<\/span><\/a><\/li><li class=\"share-jetpack-whatsapp\"><a rel=\"nofollow noopener noreferrer\" data-shared=\"\" class=\"share-jetpack-whatsapp sd-button share-icon no-text\" href=\"http:\/\/www.rtvnoticias.com.ar\/?p=35148&amp;share=jetpack-whatsapp\" target=\"_blank\" title=\"Haz clic para compartir en WhatsApp\"><span><\/span><span class=\"sharing-screen-reader-text\">Haz clic para compartir en WhatsApp (Se abre en una ventana nueva)<\/span><\/a><\/li><li class=\"share-telegram\"><a rel=\"nofollow noopener noreferrer\" data-shared=\"\" class=\"share-telegram sd-button share-icon no-text\" href=\"http:\/\/www.rtvnoticias.com.ar\/?p=35148&amp;share=telegram\" target=\"_blank\" title=\"Haz clic para compartir en Telegram\"><span><\/span><span class=\"sharing-screen-reader-text\">Haz clic para compartir en Telegram (Se abre en una ventana nueva)<\/span><\/a><\/li><li class=\"share-end\"><\/li><\/ul><\/div><\/div><\/div>","protected":false},"excerpt":{"rendered":"<p>El ministro de Turismo y Deportes de la Naci\u00f3n, Mat\u00edas Lammens, cont\u00f3 que ser\u00e1 en temporada baja con el objetivo de lograr una actividad econ\u00f3mica<\/p>\n<div class=\"sharedaddy sd-sharing-enabled\"><div class=\"robots-nocontent sd-block sd-social sd-social-icon sd-sharing\"><h3 class=\"sd-title\">Comparte esto:<\/h3><div class=\"sd-content\"><ul><li class=\"share-twitter\"><a rel=\"nofollow noopener noreferrer\" data-shared=\"sharing-twitter-35148\" class=\"share-twitter sd-button share-icon no-text\" href=\"http:\/\/www.rtvnoticias.com.ar\/?p=35148&amp;share=twitter\" target=\"_blank\" title=\"Haz clic para compartir en Twitter\"><span><\/span><span class=\"sharing-screen-reader-text\">Haz clic para compartir en Twitter (Se abre en una ventana nueva)<\/span><\/a><\/li><li class=\"share-facebook\"><a rel=\"nofollow noopener noreferrer\" data-shared=\"sharing-facebook-35148\" class=\"share-facebook sd-button share-icon no-text\" href=\"http:\/\/www.rtvnoticias.com.ar\/?p=35148&amp;share=facebook\" target=\"_blank\" title=\"Haz clic para compartir en Facebook\"><span><\/span><span class=\"sharing-screen-reader-text\">Haz clic para compartir en Facebook (Se abre en una ventana nueva)<\/span><\/a><\/li><li class=\"share-jetpack-whatsapp\"><a rel=\"nofollow noopener noreferrer\" data-shared=\"\" class=\"share-jetpack-whatsapp sd-button share-icon no-text\" href=\"http:\/\/www.rtvnoticias.com.ar\/?p=35148&amp;share=jetpack-whatsapp\" target=\"_blank\" title=\"Haz clic para compartir en WhatsApp\"><span><\/span><span class=\"sharing-screen-reader-text\">Haz clic para compartir en WhatsApp (Se abre en una ventana nueva)<\/span><\/a><\/li><li class=\"share-telegram\"><a rel=\"nofollow noopener noreferrer\" data-shared=\"\" class=\"share-telegram sd-button share-icon no-text\" href=\"http:\/\/www.rtvnoticias.com.ar\/?p=35148&amp;share=telegram\" target=\"_blank\" title=\"Haz clic para compartir en Telegram\"><span><\/span><span class=\"sharing-screen-reader-text\">Haz clic para compartir en Telegram (Se abre en una ventana nueva)<\/span><\/a><\/li><li class=\"share-end\"><\/li><\/ul><\/div><\/div><\/div>","protected":false},"author":7,"featured_media":29832,"comment_status":"closed","ping_status":"closed","sticky":false,"template":"","format":"standard","meta":{"spay_email":"","jetpack_publicize_message":"","jetpack_is_tweetstorm":false,"jetpack_publicize_feature_enabled":true},"categories":[5],"tags":[],"jetpack_featured_media_url":"http:\/\/www.rtvnoticias.com.ar\/wp-content\/uploads\/2021\/11\/turismo.jpg","jetpack_publicize_connections":[],"jetpack_sharing_enabled":true,"_links":{"self":[{"href":"http:\/\/www.rtvnoticias.com.ar\/index.php?rest_route=\/wp\/v2\/posts\/35148"}],"collection":[{"href":"http:\/\/www.rtvnoticias.com.ar\/index.php?rest_route=\/wp\/v2\/posts"}],"about":[{"href":"http:\/\/www.rtvnoticias.com.ar\/index.php?rest_route=\/wp\/v2\/types\/post"}],"author":[{"embeddable":true,"href":"http:\/\/www.rtvnoticias.com.ar\/index.php?rest_route=\/wp\/v2\/users\/7"}],"replies":[{"embeddable":true,"href":"http:\/\/www.rtvnoticias.com.ar\/index.php?rest_route=%2Fwp%2Fv2%2Fcomments&post=35148"}],"version-history":[{"count":1,"href":"http:\/\/www.rtvnoticias.com.ar\/index.php?rest_route=\/wp\/v2\/posts\/35148\/revisions"}],"predecessor-version":[{"id":35149,"href":"http:\/\/www.rtvnoticias.com.ar\/index.php?rest_route=\/wp\/v2\/posts\/35148\/revisions\/35149"}],"wp:featuredmedia":[{"embeddable":true,"href":"http:\/\/www.rtvnoticias.com.ar\/index.php?rest_route=\/wp\/v2\/media\/29832"}],"wp:attachment":[{"href":"http:\/\/www.rtvnoticias.com.ar\/index.php?rest_route=%2Fwp%2Fv2%2Fmedia&parent=35148"}],"wp:term":[{"taxonomy":"category","embeddable":true,"href":"http:\/\/www.rtvnoticias.com.ar\/index.php?rest_route=%2Fwp%2Fv2%2Fcategories&post=35148"},{"taxonomy":"post_tag","embeddable":true,"href":"http:\/\/www.rtvnoticias.com.ar\/index.php?rest_route=%2Fwp%2Fv2%2Ftags&post=35148"}],"curies":[{"name":"wp","href":"https:\/\/api.w.org\/{rel}","templated":true}]}}