{"id":35152,"date":"2023-01-08T12:01:34","date_gmt":"2023-01-08T15:01:34","guid":{"rendered":"http:\/\/www.rtvnoticias.com.ar\/?p=35152"},"modified":"2023-01-08T12:01:37","modified_gmt":"2023-01-08T15:01:37","slug":"sergio-massa-anticipa-que-la-inflacion-de-diciembre-estuvo-abajo-del-5","status":"publish","type":"post","link":"http:\/\/www.rtvnoticias.com.ar\/?p=35152","title":{"rendered":"Sergio Massa anticipa que la inflaci\u00f3n de diciembre estuvo abajo del 5%"},"content":{"rendered":"\n<p class=\"has-text-align-center\"><strong>El ministro de Econom\u00eda, Sergio Massa, anticip\u00f3 que la inflaci\u00f3n de diciembre termin\u00f3 por abajo del 5% al igual de lo ocurrido en noviembre, cuando el Indice de Precios al Consumidor (IPC) dio el 4,9%.<\/strong><\/p>\n\n\n\n<p>\u201cDiciembre, de acuerdo a la proyecci\u00f3n de la Secretar\u00eda de Programaci\u00f3n Econ\u00f3mica, estar\u00eda tambi\u00e9n con el cuatro adelante. Vamos a ver cuando el Indec publique\u201d, se\u00f1al\u00f3 Massa en una entrevista publicada por el diario Perfil.<\/p>\n\n\n\n<p>El titular del Palacio de Hacienda destac\u00f3 la ca\u00edda del costo de vida desde el momento en que lleg\u00f3 al cargo y ratific\u00f3 que en abril el IPC va a dar un n\u00famero \u201cque empiece con 3\u201d.<\/p>\n\n\n\n<p>\u201cExactamente, ese fue el objetivo que nos pusimos. Arrancamos con la inflaci\u00f3n que estaba en 7,4% y en los primeros sesenta d\u00edas estacionamos en el 6% 6,4%, 6,3%\u201d, se\u00f1al\u00f3.<\/p>\n\n\n\n<p>Al respecto, dijo que en Econom\u00eda \u201caspir\u00e1bamos a que noviembre y diciembre se estacionaran con el 5%\u201d.<\/p>\n\n\n\n<p>\u201cY en enero tratar de estacionar alrededor del 5%. El n\u00famero de noviembre nos llam\u00f3 la atenci\u00f3n porque se produjo sobre todo en alimentos y en indumentaria, que fueron los dos acuerdos m\u00e1s importantes que cerramos, una desaceleraci\u00f3n muy fuerte\u201d, explic\u00f3.<\/p>\n\n\n\n<p><strong>Aportes al sector<\/strong><\/p>\n\n\n\n<p>Massa dijo que \u201ceso de alguna manera, nos permite mostrar que noviembre termina con 4,9% y que diciembre, de acuerdo a la proyecci\u00f3n de la Secretar\u00eda de Programaci\u00f3n Econ\u00f3mica, estar\u00eda tambi\u00e9n con el cuatro adelante\u201d.<\/p>\n\n\n\n<p>\u201cVamos a cer cuando el INDEC publique\u201d, dijo el funcionario, al recordar que los datos oficiales se conocer\u00e1n el pr\u00f3ximo jueves 12 de enero.<\/p>\n<div class=\"sharedaddy sd-sharing-enabled\"><div class=\"robots-nocontent sd-block sd-social sd-social-icon sd-sharing\"><h3 class=\"sd-title\">Comparte esto:<\/h3><div class=\"sd-content\"><ul><li class=\"share-twitter\"><a rel=\"nofollow noopener noreferrer\" data-shared=\"sharing-twitter-35152\" class=\"share-twitter sd-button share-icon no-text\" href=\"http:\/\/www.rtvnoticias.com.ar\/?p=35152&amp;share=twitter\" target=\"_blank\" title=\"Haz clic para compartir en Twitter\"><span><\/span><span class=\"sharing-screen-reader-text\">Haz clic para compartir en Twitter (Se abre en una ventana nueva)<\/span><\/a><\/li><li class=\"share-facebook\"><a rel=\"nofollow noopener noreferrer\" data-shared=\"sharing-facebook-35152\" class=\"share-facebook sd-button share-icon no-text\" href=\"http:\/\/www.rtvnoticias.com.ar\/?p=35152&amp;share=facebook\" target=\"_blank\" title=\"Haz clic para compartir en Facebook\"><span><\/span><span class=\"sharing-screen-reader-text\">Haz clic para compartir en Facebook (Se abre en una ventana nueva)<\/span><\/a><\/li><li class=\"share-jetpack-whatsapp\"><a rel=\"nofollow noopener noreferrer\" data-shared=\"\" class=\"share-jetpack-whatsapp sd-button share-icon no-text\" href=\"http:\/\/www.rtvnoticias.com.ar\/?p=35152&amp;share=jetpack-whatsapp\" target=\"_blank\" title=\"Haz clic para compartir en WhatsApp\"><span><\/span><span class=\"sharing-screen-reader-text\">Haz clic para compartir en WhatsApp (Se abre en una ventana nueva)<\/span><\/a><\/li><li class=\"share-telegram\"><a rel=\"nofollow noopener noreferrer\" data-shared=\"\" class=\"share-telegram sd-button share-icon no-text\" href=\"http:\/\/www.rtvnoticias.com.ar\/?p=35152&amp;share=telegram\" target=\"_blank\" title=\"Haz clic para compartir en Telegram\"><span><\/span><span class=\"sharing-screen-reader-text\">Haz clic para compartir en Telegram (Se abre en una ventana nueva)<\/span><\/a><\/li><li class=\"share-end\"><\/li><\/ul><\/div><\/div><\/div>","protected":false},"excerpt":{"rendered":"<p>El ministro de Econom\u00eda, Sergio Massa, anticip\u00f3 que la inflaci\u00f3n de diciembre termin\u00f3 por abajo del 5% al igual de lo ocurrido en noviembre, cuando<\/p>\n<div class=\"sharedaddy sd-sharing-enabled\"><div class=\"robots-nocontent sd-block sd-social sd-social-icon sd-sharing\"><h3 class=\"sd-title\">Comparte esto:<\/h3><div class=\"sd-content\"><ul><li class=\"share-twitter\"><a rel=\"nofollow noopener noreferrer\" data-shared=\"sharing-twitter-35152\" class=\"share-twitter sd-button share-icon no-text\" href=\"http:\/\/www.rtvnoticias.com.ar\/?p=35152&amp;share=twitter\" target=\"_blank\" title=\"Haz clic para compartir en Twitter\"><span><\/span><span class=\"sharing-screen-reader-text\">Haz clic para compartir en Twitter (Se abre en una ventana nueva)<\/span><\/a><\/li><li class=\"share-facebook\"><a rel=\"nofollow noopener noreferrer\" data-shared=\"sharing-facebook-35152\" class=\"share-facebook sd-button share-icon no-text\" href=\"http:\/\/www.rtvnoticias.com.ar\/?p=35152&amp;share=facebook\" target=\"_blank\" title=\"Haz clic para compartir en Facebook\"><span><\/span><span class=\"sharing-screen-reader-text\">Haz clic para compartir en Facebook (Se abre en una ventana nueva)<\/span><\/a><\/li><li class=\"share-jetpack-whatsapp\"><a rel=\"nofollow noopener noreferrer\" data-shared=\"\" class=\"share-jetpack-whatsapp sd-button share-icon no-text\" href=\"http:\/\/www.rtvnoticias.com.ar\/?p=35152&amp;share=jetpack-whatsapp\" target=\"_blank\" title=\"Haz clic para compartir en WhatsApp\"><span><\/span><span class=\"sharing-screen-reader-text\">Haz clic para compartir en WhatsApp (Se abre en una ventana nueva)<\/span><\/a><\/li><li class=\"share-telegram\"><a rel=\"nofollow noopener noreferrer\" data-shared=\"\" class=\"share-telegram sd-button share-icon no-text\" href=\"http:\/\/www.rtvnoticias.com.ar\/?p=35152&amp;share=telegram\" target=\"_blank\" title=\"Haz clic para compartir en Telegram\"><span><\/span><span class=\"sharing-screen-reader-text\">Haz clic para compartir en Telegram (Se abre en una ventana nueva)<\/span><\/a><\/li><li class=\"share-end\"><\/li><\/ul><\/div><\/div><\/div>","protected":false},"author":7,"featured_media":34821,"comment_status":"closed","ping_status":"closed","sticky":false,"template":"","format":"standard","meta":{"spay_email":"","jetpack_publicize_message":"","jetpack_is_tweetstorm":false,"jetpack_publicize_feature_enabled":true},"categories":[5],"tags":[],"jetpack_featured_media_url":"http:\/\/www.rtvnoticias.com.ar\/wp-content\/uploads\/2022\/12\/massa.jpg","jetpack_publicize_connections":[],"jetpack_sharing_enabled":true,"_links":{"self":[{"href":"http:\/\/www.rtvnoticias.com.ar\/index.php?rest_route=\/wp\/v2\/posts\/35152"}],"collection":[{"href":"http:\/\/www.rtvnoticias.com.ar\/index.php?rest_route=\/wp\/v2\/posts"}],"about":[{"href":"http:\/\/www.rtvnoticias.com.ar\/index.php?rest_route=\/wp\/v2\/types\/post"}],"author":[{"embeddable":true,"href":"http:\/\/www.rtvnoticias.com.ar\/index.php?rest_route=\/wp\/v2\/users\/7"}],"replies":[{"embeddable":true,"href":"http:\/\/www.rtvnoticias.com.ar\/index.php?rest_route=%2Fwp%2Fv2%2Fcomments&post=35152"}],"version-history":[{"count":1,"href":"http:\/\/www.rtvnoticias.com.ar\/index.php?rest_route=\/wp\/v2\/posts\/35152\/revisions"}],"predecessor-version":[{"id":35153,"href":"http:\/\/www.rtvnoticias.com.ar\/index.php?rest_route=\/wp\/v2\/posts\/35152\/revisions\/35153"}],"wp:featuredmedia":[{"embeddable":true,"href":"http:\/\/www.rtvnoticias.com.ar\/index.php?rest_route=\/wp\/v2\/media\/34821"}],"wp:attachment":[{"href":"http:\/\/www.rtvnoticias.com.ar\/index.php?rest_route=%2Fwp%2Fv2%2Fmedia&parent=35152"}],"wp:term":[{"taxonomy":"category","embeddable":true,"href":"http:\/\/www.rtvnoticias.com.ar\/index.php?rest_route=%2Fwp%2Fv2%2Fcategories&post=35152"},{"taxonomy":"post_tag","embeddable":true,"href":"http:\/\/www.rtvnoticias.com.ar\/index.php?rest_route=%2Fwp%2Fv2%2Ftags&post=35152"}],"curies":[{"name":"wp","href":"https:\/\/api.w.org\/{rel}","templated":true}]}}