{"id":35154,"date":"2023-01-08T12:11:48","date_gmt":"2023-01-08T15:11:48","guid":{"rendered":"http:\/\/www.rtvnoticias.com.ar\/?p=35154"},"modified":"2023-01-08T12:11:50","modified_gmt":"2023-01-08T15:11:50","slug":"pescadores-rescataron-a-dos-pampeanos-que-habian-desaparecido-en-el-mar-de-monte-hermoso","status":"publish","type":"post","link":"http:\/\/www.rtvnoticias.com.ar\/?p=35154","title":{"rendered":"Pescadores rescataron a dos pampeanos que hab\u00edan desaparecido en el mar de Monte Hermoso"},"content":{"rendered":"\n<p>Los dos pampeanos desaparecidos desde el viernes por la tarde fueron encontrados a 17 kil\u00f3metros de la costa. \u201cEst\u00e1bamos convencidos de que estaban muy adentro\u201d, dijo Vasco Garalleta, uno de los pescadores. Ra\u00fal Villegas, uno de los kayakistas manifest\u00f3, \u201cYa cuando oscureci\u00f3, no pod\u00edamos salir y sab\u00edamos que la ten\u00edamos que pelear\u201d.<\/p>\n\n\n\n<p>Dos pescadores de Monte Hermoso encontraron a los hombres que ingresaron al mar en kayak y que estuvieron extraviados desde el viernes a la tarde. Mucha emoci\u00f3n y nerviosismo se vivieron por varias horas, hasta que la gran noticia lleg\u00f3. Los dos turistas estaban con vida.<\/p>\n\n\n\n<p>Diversos equipos de rescate de Monte Hermoso y Bah\u00eda Blanca buscaban dar con el paradero de dos pampeanos que desaparecieron en la playa. Se trataba de dos hombres de 48 y 31 a\u00f1os. Ambos ingresaron al mar en la zona de \u201cLa Olla\u201d a bordo de un kayak verde aproximadamente a las 16hs del viernes pero nadie los vio salir. La denuncia de la desaparici\u00f3n se radic\u00f3 a las 23hs.<\/p>\n\n\n\n<p>Vasco Garalleta, uno de los pescadores explic\u00f3 que prefectura les permiti\u00f3 trabajar en la b\u00fasqueda. \u201cLos vi yo primero y ellos empezaron a revolear los chalecos. Ten\u00edan agua. Se les hab\u00eda llenado de agua el kayak, hicieron un tap\u00f3n y pudieron flotar\u201d, dijo al periodista Damian Danieli. Calculan que estaban a unos 17 kil\u00f3metros de costa al sur.<\/p>\n\n\n\n<p>\u201cFue un momento dif\u00edcil\u201d, dijo Ra\u00fal Villegas, de 48 a\u00f1os, uno de los kayakistas que fueron rescatados.<\/p>\n\n\n\n<p>\u201cYa cuando oscureci\u00f3, no pod\u00edamos salir y sab\u00edamos que la ten\u00edamos que pelear\u201d, coment\u00f3 al periodista Quique Iommi una vez llegado a la costa.<\/p>\n<div class=\"sharedaddy sd-sharing-enabled\"><div class=\"robots-nocontent sd-block sd-social sd-social-icon sd-sharing\"><h3 class=\"sd-title\">Comparte esto:<\/h3><div class=\"sd-content\"><ul><li class=\"share-twitter\"><a rel=\"nofollow noopener noreferrer\" data-shared=\"sharing-twitter-35154\" class=\"share-twitter sd-button share-icon no-text\" href=\"http:\/\/www.rtvnoticias.com.ar\/?p=35154&amp;share=twitter\" target=\"_blank\" title=\"Haz clic para compartir en Twitter\"><span><\/span><span class=\"sharing-screen-reader-text\">Haz clic para compartir en Twitter (Se abre en una ventana nueva)<\/span><\/a><\/li><li class=\"share-facebook\"><a rel=\"nofollow noopener noreferrer\" data-shared=\"sharing-facebook-35154\" class=\"share-facebook sd-button share-icon no-text\" href=\"http:\/\/www.rtvnoticias.com.ar\/?p=35154&amp;share=facebook\" target=\"_blank\" title=\"Haz clic para compartir en Facebook\"><span><\/span><span class=\"sharing-screen-reader-text\">Haz clic para compartir en Facebook (Se abre en una ventana nueva)<\/span><\/a><\/li><li class=\"share-jetpack-whatsapp\"><a rel=\"nofollow noopener noreferrer\" data-shared=\"\" class=\"share-jetpack-whatsapp sd-button share-icon no-text\" href=\"http:\/\/www.rtvnoticias.com.ar\/?p=35154&amp;share=jetpack-whatsapp\" target=\"_blank\" title=\"Haz clic para compartir en WhatsApp\"><span><\/span><span class=\"sharing-screen-reader-text\">Haz clic para compartir en WhatsApp (Se abre en una ventana nueva)<\/span><\/a><\/li><li class=\"share-telegram\"><a rel=\"nofollow noopener noreferrer\" data-shared=\"\" class=\"share-telegram sd-button share-icon no-text\" href=\"http:\/\/www.rtvnoticias.com.ar\/?p=35154&amp;share=telegram\" target=\"_blank\" title=\"Haz clic para compartir en Telegram\"><span><\/span><span class=\"sharing-screen-reader-text\">Haz clic para compartir en Telegram (Se abre en una ventana nueva)<\/span><\/a><\/li><li class=\"share-end\"><\/li><\/ul><\/div><\/div><\/div>","protected":false},"excerpt":{"rendered":"<p>Los dos pampeanos desaparecidos desde el viernes por la tarde fueron encontrados a 17 kil\u00f3metros de la costa. \u201cEst\u00e1bamos convencidos de que estaban muy adentro\u201d,<\/p>\n<div class=\"sharedaddy sd-sharing-enabled\"><div class=\"robots-nocontent sd-block sd-social sd-social-icon sd-sharing\"><h3 class=\"sd-title\">Comparte esto:<\/h3><div class=\"sd-content\"><ul><li class=\"share-twitter\"><a rel=\"nofollow noopener noreferrer\" data-shared=\"sharing-twitter-35154\" class=\"share-twitter sd-button share-icon no-text\" href=\"http:\/\/www.rtvnoticias.com.ar\/?p=35154&amp;share=twitter\" target=\"_blank\" title=\"Haz clic para compartir en Twitter\"><span><\/span><span class=\"sharing-screen-reader-text\">Haz clic para compartir en Twitter (Se abre en una ventana nueva)<\/span><\/a><\/li><li class=\"share-facebook\"><a rel=\"nofollow noopener noreferrer\" data-shared=\"sharing-facebook-35154\" class=\"share-facebook sd-button share-icon no-text\" href=\"http:\/\/www.rtvnoticias.com.ar\/?p=35154&amp;share=facebook\" target=\"_blank\" title=\"Haz clic para compartir en Facebook\"><span><\/span><span class=\"sharing-screen-reader-text\">Haz clic para compartir en Facebook (Se abre en una ventana nueva)<\/span><\/a><\/li><li class=\"share-jetpack-whatsapp\"><a rel=\"nofollow noopener noreferrer\" data-shared=\"\" class=\"share-jetpack-whatsapp sd-button share-icon no-text\" href=\"http:\/\/www.rtvnoticias.com.ar\/?p=35154&amp;share=jetpack-whatsapp\" target=\"_blank\" title=\"Haz clic para compartir en WhatsApp\"><span><\/span><span class=\"sharing-screen-reader-text\">Haz clic para compartir en WhatsApp (Se abre en una ventana nueva)<\/span><\/a><\/li><li class=\"share-telegram\"><a rel=\"nofollow noopener noreferrer\" data-shared=\"\" class=\"share-telegram sd-button share-icon no-text\" href=\"http:\/\/www.rtvnoticias.com.ar\/?p=35154&amp;share=telegram\" target=\"_blank\" title=\"Haz clic para compartir en Telegram\"><span><\/span><span class=\"sharing-screen-reader-text\">Haz clic para compartir en Telegram (Se abre en una ventana nueva)<\/span><\/a><\/li><li class=\"share-end\"><\/li><\/ul><\/div><\/div><\/div>","protected":false},"author":7,"featured_media":35155,"comment_status":"closed","ping_status":"closed","sticky":false,"template":"","format":"standard","meta":{"spay_email":"","jetpack_publicize_message":"","jetpack_is_tweetstorm":false,"jetpack_publicize_feature_enabled":true},"categories":[5],"tags":[],"jetpack_featured_media_url":"http:\/\/www.rtvnoticias.com.ar\/wp-content\/uploads\/2023\/01\/pampeanos-perdidos-mar.jpg","jetpack_publicize_connections":[],"jetpack_sharing_enabled":true,"_links":{"self":[{"href":"http:\/\/www.rtvnoticias.com.ar\/index.php?rest_route=\/wp\/v2\/posts\/35154"}],"collection":[{"href":"http:\/\/www.rtvnoticias.com.ar\/index.php?rest_route=\/wp\/v2\/posts"}],"about":[{"href":"http:\/\/www.rtvnoticias.com.ar\/index.php?rest_route=\/wp\/v2\/types\/post"}],"author":[{"embeddable":true,"href":"http:\/\/www.rtvnoticias.com.ar\/index.php?rest_route=\/wp\/v2\/users\/7"}],"replies":[{"embeddable":true,"href":"http:\/\/www.rtvnoticias.com.ar\/index.php?rest_route=%2Fwp%2Fv2%2Fcomments&post=35154"}],"version-history":[{"count":1,"href":"http:\/\/www.rtvnoticias.com.ar\/index.php?rest_route=\/wp\/v2\/posts\/35154\/revisions"}],"predecessor-version":[{"id":35156,"href":"http:\/\/www.rtvnoticias.com.ar\/index.php?rest_route=\/wp\/v2\/posts\/35154\/revisions\/35156"}],"wp:featuredmedia":[{"embeddable":true,"href":"http:\/\/www.rtvnoticias.com.ar\/index.php?rest_route=\/wp\/v2\/media\/35155"}],"wp:attachment":[{"href":"http:\/\/www.rtvnoticias.com.ar\/index.php?rest_route=%2Fwp%2Fv2%2Fmedia&parent=35154"}],"wp:term":[{"taxonomy":"category","embeddable":true,"href":"http:\/\/www.rtvnoticias.com.ar\/index.php?rest_route=%2Fwp%2Fv2%2Fcategories&post=35154"},{"taxonomy":"post_tag","embeddable":true,"href":"http:\/\/www.rtvnoticias.com.ar\/index.php?rest_route=%2Fwp%2Fv2%2Ftags&post=35154"}],"curies":[{"name":"wp","href":"https:\/\/api.w.org\/{rel}","templated":true}]}}