{"id":35183,"date":"2023-01-11T10:23:58","date_gmt":"2023-01-11T13:23:58","guid":{"rendered":"http:\/\/www.rtvnoticias.com.ar\/?p=35183"},"modified":"2023-01-11T10:24:02","modified_gmt":"2023-01-11T13:24:02","slug":"octava-audiencia-del-juicio-por-el-crimen-de-fernando-declaran-peritos-y-se-esperan-nuevas-pruebas","status":"publish","type":"post","link":"http:\/\/www.rtvnoticias.com.ar\/?p=35183","title":{"rendered":"Octava audiencia del juicio por el crimen de Fernando: declaran peritos y se esperan nuevas pruebas"},"content":{"rendered":"\n<p>Este mi\u00e9rcoles se lleva a cabo en el Tribunal de Dolores la octava audiencia del juicio oral contra los ocho rugbiers, acusados del crimen de Fernando B\u00e1ez Sosa en enero de 2020 a la salida del boliche Le Brique en Villa Gesell.<\/p>\n\n\n\n<p>Para esta nueva jornada seguir\u00e1n con su declaraci\u00f3n peritos que tuvieron un rol importante con relaci\u00f3n al hallazgo y extracci\u00f3n de ADN en la ropa de los acusados y el cuerpo de Fernando, as\u00ed como tambi\u00e9n participan Polic\u00edas encargados de investigar los celulares de los rugbiers.<\/p>\n\n\n\n<p>\u201cEn el cuerpo de Fernando se encontr\u00f3 material gen\u00e9tico\u201d, confirm\u00f3 el Fiscal Juan Manuela D\u00e1vila durante su testimonio de todos los d\u00edas en la entrada del TOC 1.<\/p>\n\n\n\n<p>Adem\u00e1s, sostuvo que todas las jornadas que se realizaron \u201cfueron positivas\u201d y que con el paso de los d\u00edas se seguir\u00e1 evaluando el rol y actuaci\u00f3n de cada uno de los acusados en el crimen.<\/p>\n\n\n\n<p>En la previa del inicio de la octava audiencia, el abogado de la familia de la v\u00edctima Fernando Burlando, manifest\u00f3 a los medios que a Fernando \u201clo mataron en menos de un minuto\u00bb. A su vez se\u00f1al\u00f3 que con los archivos f\u00edlmicos obtenidos se pudo constatar que \u00abuna vez que tocan al l\u00edder del grupo (Thomsen), salen todos a la caza\u00bb y que cada uno tiene un rol ya asegurado.<\/p>\n\n\n\n<p>Qui\u00e9n tambi\u00e9n declar\u00f3 a los medios en la entrada del Tribunal fue el abogado defensor de los agresores, Hugo Tomei, quien se mostr\u00f3 en desacuerdo con hablar fuera del debate: \u201cNo me gusta, siento que la dignidad y el respeto humano es m\u00e1s importante\u201d.<\/p>\n\n\n\n<p>Luego de dicha declaraci\u00f3n decidi\u00f3 ingresar al TOC 1 pero asegur\u00f3 que continuar\u00e1 \u201crepresentando a los ocho acusados\u201d.<\/p>\n\n\n\n<p>Durante la s\u00e9ptima jornada desfilaron por el Tribunal de Dolores Pablo Laborde, secretario del Ministerio P\u00fablico Fiscal, quien tuvo en su poder la reconstrucci\u00f3n del ataque y asesinato a trav\u00e9s de los chats que tuvieron los acusados.<\/p>\n\n\n\n<p>Continu\u00f3 Mar\u00eda Eugenia Cariac, criminalista, que confirm\u00f3 que la huella en la cara de Fernando pertenec\u00eda a la zapatilla que utiliz\u00f3 M\u00e1ximo Thomsen.<\/p>\n\n\n\n<p>Luego siguieron con su testimonio Mar\u00eda Luj\u00e1n Elvira Molina, quien intervino en las pericias para establecer las medidas de los pies de los imputados y Hayde\u00e9 Almir\u00f3n, para brindar informaci\u00f3n sobre la pericia scopom\u00e9trica.<\/p>\n\n\n\n<p>Por \u00faltimo, fueron seleccionados Sandra Ana Moreno Rodr\u00edguez, quien estuvo presente en una incautaci\u00f3n realizada en la comisar\u00eda de Villa Gesell y David Larrosa que presenci\u00f3 la toma de la impresi\u00f3n plantar de los acusados.<\/p>\n<div class=\"sharedaddy sd-sharing-enabled\"><div class=\"robots-nocontent sd-block sd-social sd-social-icon sd-sharing\"><h3 class=\"sd-title\">Comparte esto:<\/h3><div class=\"sd-content\"><ul><li class=\"share-twitter\"><a rel=\"nofollow noopener noreferrer\" data-shared=\"sharing-twitter-35183\" class=\"share-twitter sd-button share-icon no-text\" href=\"http:\/\/www.rtvnoticias.com.ar\/?p=35183&amp;share=twitter\" target=\"_blank\" title=\"Haz clic para compartir en Twitter\"><span><\/span><span class=\"sharing-screen-reader-text\">Haz clic para compartir en Twitter (Se abre en una ventana nueva)<\/span><\/a><\/li><li class=\"share-facebook\"><a rel=\"nofollow noopener noreferrer\" data-shared=\"sharing-facebook-35183\" class=\"share-facebook sd-button share-icon no-text\" href=\"http:\/\/www.rtvnoticias.com.ar\/?p=35183&amp;share=facebook\" target=\"_blank\" title=\"Haz clic para compartir en Facebook\"><span><\/span><span class=\"sharing-screen-reader-text\">Haz clic para compartir en Facebook (Se abre en una ventana nueva)<\/span><\/a><\/li><li class=\"share-jetpack-whatsapp\"><a rel=\"nofollow noopener noreferrer\" data-shared=\"\" class=\"share-jetpack-whatsapp sd-button share-icon no-text\" href=\"http:\/\/www.rtvnoticias.com.ar\/?p=35183&amp;share=jetpack-whatsapp\" target=\"_blank\" title=\"Haz clic para compartir en WhatsApp\"><span><\/span><span class=\"sharing-screen-reader-text\">Haz clic para compartir en WhatsApp (Se abre en una ventana nueva)<\/span><\/a><\/li><li class=\"share-telegram\"><a rel=\"nofollow noopener noreferrer\" data-shared=\"\" class=\"share-telegram sd-button share-icon no-text\" href=\"http:\/\/www.rtvnoticias.com.ar\/?p=35183&amp;share=telegram\" target=\"_blank\" title=\"Haz clic para compartir en Telegram\"><span><\/span><span class=\"sharing-screen-reader-text\">Haz clic para compartir en Telegram (Se abre en una ventana nueva)<\/span><\/a><\/li><li class=\"share-end\"><\/li><\/ul><\/div><\/div><\/div>","protected":false},"excerpt":{"rendered":"<p>Este mi\u00e9rcoles se lleva a cabo en el Tribunal de Dolores la octava audiencia del juicio oral contra los ocho rugbiers, acusados del crimen de<\/p>\n<div class=\"sharedaddy sd-sharing-enabled\"><div class=\"robots-nocontent sd-block sd-social sd-social-icon sd-sharing\"><h3 class=\"sd-title\">Comparte esto:<\/h3><div class=\"sd-content\"><ul><li class=\"share-twitter\"><a rel=\"nofollow noopener noreferrer\" data-shared=\"sharing-twitter-35183\" class=\"share-twitter sd-button share-icon no-text\" href=\"http:\/\/www.rtvnoticias.com.ar\/?p=35183&amp;share=twitter\" target=\"_blank\" title=\"Haz clic para compartir en Twitter\"><span><\/span><span class=\"sharing-screen-reader-text\">Haz clic para compartir en Twitter (Se abre en una ventana nueva)<\/span><\/a><\/li><li class=\"share-facebook\"><a rel=\"nofollow noopener noreferrer\" data-shared=\"sharing-facebook-35183\" class=\"share-facebook sd-button share-icon no-text\" href=\"http:\/\/www.rtvnoticias.com.ar\/?p=35183&amp;share=facebook\" target=\"_blank\" title=\"Haz clic para compartir en Facebook\"><span><\/span><span class=\"sharing-screen-reader-text\">Haz clic para compartir en Facebook (Se abre en una ventana nueva)<\/span><\/a><\/li><li class=\"share-jetpack-whatsapp\"><a rel=\"nofollow noopener noreferrer\" data-shared=\"\" class=\"share-jetpack-whatsapp sd-button share-icon no-text\" href=\"http:\/\/www.rtvnoticias.com.ar\/?p=35183&amp;share=jetpack-whatsapp\" target=\"_blank\" title=\"Haz clic para compartir en WhatsApp\"><span><\/span><span class=\"sharing-screen-reader-text\">Haz clic para compartir en WhatsApp (Se abre en una ventana nueva)<\/span><\/a><\/li><li class=\"share-telegram\"><a rel=\"nofollow noopener noreferrer\" data-shared=\"\" class=\"share-telegram sd-button share-icon no-text\" href=\"http:\/\/www.rtvnoticias.com.ar\/?p=35183&amp;share=telegram\" target=\"_blank\" title=\"Haz clic para compartir en Telegram\"><span><\/span><span class=\"sharing-screen-reader-text\">Haz clic para compartir en Telegram (Se abre en una ventana nueva)<\/span><\/a><\/li><li class=\"share-end\"><\/li><\/ul><\/div><\/div><\/div>","protected":false},"author":7,"featured_media":35184,"comment_status":"closed","ping_status":"closed","sticky":false,"template":"","format":"standard","meta":{"spay_email":"","jetpack_publicize_message":"","jetpack_is_tweetstorm":false,"jetpack_publicize_feature_enabled":true},"categories":[5],"tags":[],"jetpack_featured_media_url":"http:\/\/www.rtvnoticias.com.ar\/wp-content\/uploads\/2023\/01\/Juicio-por-el-crimen-de-Fernando-Baez-Sosa.jpg","jetpack_publicize_connections":[],"jetpack_sharing_enabled":true,"_links":{"self":[{"href":"http:\/\/www.rtvnoticias.com.ar\/index.php?rest_route=\/wp\/v2\/posts\/35183"}],"collection":[{"href":"http:\/\/www.rtvnoticias.com.ar\/index.php?rest_route=\/wp\/v2\/posts"}],"about":[{"href":"http:\/\/www.rtvnoticias.com.ar\/index.php?rest_route=\/wp\/v2\/types\/post"}],"author":[{"embeddable":true,"href":"http:\/\/www.rtvnoticias.com.ar\/index.php?rest_route=\/wp\/v2\/users\/7"}],"replies":[{"embeddable":true,"href":"http:\/\/www.rtvnoticias.com.ar\/index.php?rest_route=%2Fwp%2Fv2%2Fcomments&post=35183"}],"version-history":[{"count":1,"href":"http:\/\/www.rtvnoticias.com.ar\/index.php?rest_route=\/wp\/v2\/posts\/35183\/revisions"}],"predecessor-version":[{"id":35185,"href":"http:\/\/www.rtvnoticias.com.ar\/index.php?rest_route=\/wp\/v2\/posts\/35183\/revisions\/35185"}],"wp:featuredmedia":[{"embeddable":true,"href":"http:\/\/www.rtvnoticias.com.ar\/index.php?rest_route=\/wp\/v2\/media\/35184"}],"wp:attachment":[{"href":"http:\/\/www.rtvnoticias.com.ar\/index.php?rest_route=%2Fwp%2Fv2%2Fmedia&parent=35183"}],"wp:term":[{"taxonomy":"category","embeddable":true,"href":"http:\/\/www.rtvnoticias.com.ar\/index.php?rest_route=%2Fwp%2Fv2%2Fcategories&post=35183"},{"taxonomy":"post_tag","embeddable":true,"href":"http:\/\/www.rtvnoticias.com.ar\/index.php?rest_route=%2Fwp%2Fv2%2Ftags&post=35183"}],"curies":[{"name":"wp","href":"https:\/\/api.w.org\/{rel}","templated":true}]}}