{"id":35201,"date":"2023-01-11T11:46:49","date_gmt":"2023-01-11T14:46:49","guid":{"rendered":"http:\/\/www.rtvnoticias.com.ar\/?p=35201"},"modified":"2023-01-11T11:46:52","modified_gmt":"2023-01-11T14:46:52","slug":"video-general-villegas-una-salvaje-golpiza-que-pudo-terminar-en-un-crimen-como-el-de-fernando-baez-sosa","status":"publish","type":"post","link":"http:\/\/www.rtvnoticias.com.ar\/?p=35201","title":{"rendered":"(Video) General Villegas: una salvaje golpiza que pudo terminar en un crimen como el de Fernando B\u00e1ez Sosa"},"content":{"rendered":"\n<p><strong>Un chico fue agredido de manera brutal tras salir de una fiesta por un grupo de j\u00f3venes. Todo qued\u00f3 registrado en un video.<\/strong><\/p>\n\n\n\n<p>Mientras avanza el juicio por el crimen de Fernando B\u00e1ez Sosa, la violencia en patota no cesa. Ahora se conoci\u00f3 un video en el que qued\u00f3 registrada la feroz golpiza que recibi\u00f3 un chico a la salida de una fiesta en General Villegas.<\/p>\n\n\n\n<iframe loading=\"lazy\" src=\"https:\/\/api.vodgc.net\/player\/v2\/embed\/playerId\/E3R8AO1500998464\/contentId\/1385095\" frameborder=\"0\" allowfullscreen width=\"650\" height=\"390\" scrolling=\"no\"><\/iframe>\n\n\n\n<p>La v\u00edctima fue salvajemente golpeada por un grupo de j\u00f3venes y una persona lo grab\u00f3 todo con su celular. En un video de 22 segundos se puede ver c\u00f3mo el chico tirado en el suelo recibe la agresi\u00f3n reiterada de los violentos.<\/p>\n\n\n\n<p>Tambi\u00e9n se ve c\u00f3mo un chico intenta frenar el ataque, pero tambi\u00e9n fue golpeado por un acompa\u00f1ante del agresor principal. Quien quiso intervenir para frenar la escalada violenta tambi\u00e9n qued\u00f3 tirado inconsciente en el suelo.<\/p>\n\n\n\n<p>Seg\u00fan el medio local Distrito Interior, tras el episodio dos personas de 20 a\u00f1os fueron detenidas bajo el cargo \u201cdesorden en la v\u00eda p\u00fablica\u201d. No obtante, los detenidos no estar\u00edan vinculados al ataque. Sucede que pese a la violencia del hecho la v\u00edctima no denunci\u00f3 en la comisar\u00eda lo ocurrido.<\/p>\n\n\n\n<p><strong>\u00bfQu\u00e9 dijeron los organizadores del evento?<br><\/strong>Luego de conocerse lo sucedido, la empresa organizadora de la multitudinaria fiesta public\u00f3 en sus redes sociales un comunicado en el que \u201clament\u00f3 el hecho\u201d. Sin embargo, aclararon que el episodio ocurri\u00f3 fuera del predio, por lo que no tendr\u00edan responsabilidad.<\/p>\n\n\n\n<p>\u201cLamentamos lo sucedido esta madrugada en General Villegas, m\u00e1s all\u00e1 de que no haya sido en nuestras instalaciones, repudiamos totalmente lo sucedido y nos ponemos totalmente a disposici\u00f3n de la familia en lo que necesiten\u201d, escribieron desde el evento llamado Five Stars.<\/p>\n<div class=\"sharedaddy sd-sharing-enabled\"><div class=\"robots-nocontent sd-block sd-social sd-social-icon sd-sharing\"><h3 class=\"sd-title\">Comparte esto:<\/h3><div class=\"sd-content\"><ul><li class=\"share-twitter\"><a rel=\"nofollow noopener noreferrer\" data-shared=\"sharing-twitter-35201\" class=\"share-twitter sd-button share-icon no-text\" href=\"http:\/\/www.rtvnoticias.com.ar\/?p=35201&amp;share=twitter\" target=\"_blank\" title=\"Haz clic para compartir en Twitter\"><span><\/span><span class=\"sharing-screen-reader-text\">Haz clic para compartir en Twitter (Se abre en una ventana nueva)<\/span><\/a><\/li><li class=\"share-facebook\"><a rel=\"nofollow noopener noreferrer\" data-shared=\"sharing-facebook-35201\" class=\"share-facebook sd-button share-icon no-text\" href=\"http:\/\/www.rtvnoticias.com.ar\/?p=35201&amp;share=facebook\" target=\"_blank\" title=\"Haz clic para compartir en Facebook\"><span><\/span><span class=\"sharing-screen-reader-text\">Haz clic para compartir en Facebook (Se abre en una ventana nueva)<\/span><\/a><\/li><li class=\"share-jetpack-whatsapp\"><a rel=\"nofollow noopener noreferrer\" data-shared=\"\" class=\"share-jetpack-whatsapp sd-button share-icon no-text\" href=\"http:\/\/www.rtvnoticias.com.ar\/?p=35201&amp;share=jetpack-whatsapp\" target=\"_blank\" title=\"Haz clic para compartir en WhatsApp\"><span><\/span><span class=\"sharing-screen-reader-text\">Haz clic para compartir en WhatsApp (Se abre en una ventana nueva)<\/span><\/a><\/li><li class=\"share-telegram\"><a rel=\"nofollow noopener noreferrer\" data-shared=\"\" class=\"share-telegram sd-button share-icon no-text\" href=\"http:\/\/www.rtvnoticias.com.ar\/?p=35201&amp;share=telegram\" target=\"_blank\" title=\"Haz clic para compartir en Telegram\"><span><\/span><span class=\"sharing-screen-reader-text\">Haz clic para compartir en Telegram (Se abre en una ventana nueva)<\/span><\/a><\/li><li class=\"share-end\"><\/li><\/ul><\/div><\/div><\/div>","protected":false},"excerpt":{"rendered":"<p>Un chico fue agredido de manera brutal tras salir de una fiesta por un grupo de j\u00f3venes. Todo qued\u00f3 registrado en un video. Mientras avanza<\/p>\n<div class=\"sharedaddy sd-sharing-enabled\"><div class=\"robots-nocontent sd-block sd-social sd-social-icon sd-sharing\"><h3 class=\"sd-title\">Comparte esto:<\/h3><div class=\"sd-content\"><ul><li class=\"share-twitter\"><a rel=\"nofollow noopener noreferrer\" data-shared=\"sharing-twitter-35201\" class=\"share-twitter sd-button share-icon no-text\" href=\"http:\/\/www.rtvnoticias.com.ar\/?p=35201&amp;share=twitter\" target=\"_blank\" title=\"Haz clic para compartir en Twitter\"><span><\/span><span class=\"sharing-screen-reader-text\">Haz clic para compartir en Twitter (Se abre en una ventana nueva)<\/span><\/a><\/li><li class=\"share-facebook\"><a rel=\"nofollow noopener noreferrer\" data-shared=\"sharing-facebook-35201\" class=\"share-facebook sd-button share-icon no-text\" href=\"http:\/\/www.rtvnoticias.com.ar\/?p=35201&amp;share=facebook\" target=\"_blank\" title=\"Haz clic para compartir en Facebook\"><span><\/span><span class=\"sharing-screen-reader-text\">Haz clic para compartir en Facebook (Se abre en una ventana nueva)<\/span><\/a><\/li><li class=\"share-jetpack-whatsapp\"><a rel=\"nofollow noopener noreferrer\" data-shared=\"\" class=\"share-jetpack-whatsapp sd-button share-icon no-text\" href=\"http:\/\/www.rtvnoticias.com.ar\/?p=35201&amp;share=jetpack-whatsapp\" target=\"_blank\" title=\"Haz clic para compartir en WhatsApp\"><span><\/span><span class=\"sharing-screen-reader-text\">Haz clic para compartir en WhatsApp (Se abre en una ventana nueva)<\/span><\/a><\/li><li class=\"share-telegram\"><a rel=\"nofollow noopener noreferrer\" data-shared=\"\" class=\"share-telegram sd-button share-icon no-text\" href=\"http:\/\/www.rtvnoticias.com.ar\/?p=35201&amp;share=telegram\" target=\"_blank\" title=\"Haz clic para compartir en Telegram\"><span><\/span><span class=\"sharing-screen-reader-text\">Haz clic para compartir en Telegram (Se abre en una ventana nueva)<\/span><\/a><\/li><li class=\"share-end\"><\/li><\/ul><\/div><\/div><\/div>","protected":false},"author":7,"featured_media":35202,"comment_status":"closed","ping_status":"closed","sticky":false,"template":"","format":"standard","meta":{"spay_email":"","jetpack_publicize_message":"","jetpack_is_tweetstorm":false,"jetpack_publicize_feature_enabled":true},"categories":[5],"tags":[],"jetpack_featured_media_url":"http:\/\/www.rtvnoticias.com.ar\/wp-content\/uploads\/2023\/01\/golpiza-villegas.jpg","jetpack_publicize_connections":[],"jetpack_sharing_enabled":true,"_links":{"self":[{"href":"http:\/\/www.rtvnoticias.com.ar\/index.php?rest_route=\/wp\/v2\/posts\/35201"}],"collection":[{"href":"http:\/\/www.rtvnoticias.com.ar\/index.php?rest_route=\/wp\/v2\/posts"}],"about":[{"href":"http:\/\/www.rtvnoticias.com.ar\/index.php?rest_route=\/wp\/v2\/types\/post"}],"author":[{"embeddable":true,"href":"http:\/\/www.rtvnoticias.com.ar\/index.php?rest_route=\/wp\/v2\/users\/7"}],"replies":[{"embeddable":true,"href":"http:\/\/www.rtvnoticias.com.ar\/index.php?rest_route=%2Fwp%2Fv2%2Fcomments&post=35201"}],"version-history":[{"count":1,"href":"http:\/\/www.rtvnoticias.com.ar\/index.php?rest_route=\/wp\/v2\/posts\/35201\/revisions"}],"predecessor-version":[{"id":35203,"href":"http:\/\/www.rtvnoticias.com.ar\/index.php?rest_route=\/wp\/v2\/posts\/35201\/revisions\/35203"}],"wp:featuredmedia":[{"embeddable":true,"href":"http:\/\/www.rtvnoticias.com.ar\/index.php?rest_route=\/wp\/v2\/media\/35202"}],"wp:attachment":[{"href":"http:\/\/www.rtvnoticias.com.ar\/index.php?rest_route=%2Fwp%2Fv2%2Fmedia&parent=35201"}],"wp:term":[{"taxonomy":"category","embeddable":true,"href":"http:\/\/www.rtvnoticias.com.ar\/index.php?rest_route=%2Fwp%2Fv2%2Fcategories&post=35201"},{"taxonomy":"post_tag","embeddable":true,"href":"http:\/\/www.rtvnoticias.com.ar\/index.php?rest_route=%2Fwp%2Fv2%2Ftags&post=35201"}],"curies":[{"name":"wp","href":"https:\/\/api.w.org\/{rel}","templated":true}]}}