{"id":35373,"date":"2023-01-26T20:25:50","date_gmt":"2023-01-26T23:25:50","guid":{"rendered":"http:\/\/www.rtvnoticias.com.ar\/?p=35373"},"modified":"2023-01-26T20:25:53","modified_gmt":"2023-01-26T23:25:53","slug":"los-rugbiers-pidieron-disculpas-y-se-mostraron-arrepentidos","status":"publish","type":"post","link":"http:\/\/www.rtvnoticias.com.ar\/?p=35373","title":{"rendered":"Los rugbiers pidieron disculpas y se mostraron arrepentidos"},"content":{"rendered":"\n<p>Tras la \u00faltima jornada del juicio por el crimen de Fernando B\u00e1ez Sosa y las palabras de los ocho imputados, Graciela Sosa, la mam\u00e1 de la v\u00edctima, dijo a la salida de los Tribunales de Dolores: \u00abEs tarde para pedir disculpas\u00bb.<\/p>\n\n\n\n<p>Lo hizo en referencia al mensaje que dieron los rugbiers cuando hablaron ante los jueces, algunos se inclinaron por un pedido de perd\u00f3n generalizo, otros, en cambio, les hablaron a los padres del estudiante de abogac\u00eda asesinado en 2020.<\/p>\n\n\n\n<p>Sobre las palabras de los rugbiers y el ofrecimiento de disculpas, la mam\u00e1 de Fernando dijo que le resultaban \u00abindiferente\u00bb. Y agreg\u00f3 en relaci\u00f3n a Thomsen, quien se quebr\u00f3 en llanto: \u00abNinguno me mir\u00f3 a la cara, y que se pusiera a llorar no me conmovi\u00f3\u00bb.<\/p>\n\n\n\n<p>Luego, dijo: \u00abEsta vida que tengo ya no es vida. Me duele en el alma todo lo que le hicieron. La \u00fanica v\u00edctima es Fernando, lo mataron de la peor manera, con patadas, mientras mi hijo imploraba levantando la mano\u00bb.<\/p>\n\n\n\n<p>Tras las \u00faltimas palabras de los imputados, la presidenta del Tribunal Oral en lo Criminal N\u00b01 de Dolores fij\u00f3 la fecha de lectura del veredicto para el pr\u00f3ximo 6 de febrero a las 13.<\/p>\n\n\n\n<p>M\u00e1ximo Thomsen se quebr\u00f3 al hablar ante el tribunal. \u00abQuiero pedir perdon a las familias y a las peronas afectadas. Me lastima much\u00edsimo porque es un chico de nuestra edad. Ojal\u00e1 pudi\u00e9ramos volver el tiempo atr\u00e1s\u00bb, comenz\u00f3 y en llanto sigui\u00f3: \u00abEstoy muy arrepentido. Siempre vamos a acatar lo que ustedes decidan\u00bb.<\/p>\n\n\n\n<p>Enzo Comelli, que habl\u00f3 luego de Thomsen, ofreci\u00f3 sus \u00absinceras disculpas\u00bb; mientras que Luciano Pertossi se\u00f1al\u00f3: \u00abQuiero pedirles disculpas a los padres de Fernando B\u00e1ez Sosa. Nunca quise ni quer\u00eda participar en una pela donde fallezca una perona. Pido disuclpas por todo lo malo. Lo que decidan o digan va a ser lo correcto, y le pido a Dios que sea bueno para todos\u00bb.<\/p>\n\n\n\n<p>Blas Cinalli comenz\u00f3 ofreciendo disculpas \u00aba todas las personas acfectadas por todo lo que pas\u00f3\u00bb. Y continu\u00f3: \u00abEs muy triste, no hubo ning\u00fan plan ni nada de lo que se dice\u00bb.<\/p>\n\n\n\n<p>Matias Benicelli:, por su parte, al igual que otro de los imputados, le pidi\u00f3 \u00abperd\u00f3n a la familia de Fernando\u00bb. Y agreg\u00f3: \u00abNunca tuve ninguna intenci\u00f3n de matar a nadie\u00bb.<\/p>\n\n\n\n<p>Ciro Pertossi, por su parte, dijo: \u00abEstoy muy arrepentido de todo lo que pas\u00f3, perd\u00f3n a la familia\u00bb. Mientras que Ayrton Viollaz, se\u00f1al\u00f3: \u00abQuiero pedirle perd\u00f3n a la familia de Fernando. Jam\u00e1s pens\u00e9 que iba a pasar algo as\u00ed. Muchas gracias por el espacio. Qu\u00e9 Dios los bendiga\u00bb.<\/p>\n\n\n\n<p>Lucas Pertossi fue el primero en hablar ante los jueces en sus \u00faltimas palabras. Se par\u00f3, tom\u00f3 el micr\u00f3fono y dijo: \u00abLe pido disculpas a la familia de Fernando. Estoy muy mal desde ese d\u00eda hasta hoy. Nunca tuve intenci\u00f3n de matar a nadie\u00bb.<\/p>\n<div class=\"sharedaddy sd-sharing-enabled\"><div class=\"robots-nocontent sd-block sd-social sd-social-icon sd-sharing\"><h3 class=\"sd-title\">Comparte esto:<\/h3><div class=\"sd-content\"><ul><li class=\"share-twitter\"><a rel=\"nofollow noopener noreferrer\" data-shared=\"sharing-twitter-35373\" class=\"share-twitter sd-button share-icon no-text\" href=\"http:\/\/www.rtvnoticias.com.ar\/?p=35373&amp;share=twitter\" target=\"_blank\" title=\"Haz clic para compartir en Twitter\"><span><\/span><span class=\"sharing-screen-reader-text\">Haz clic para compartir en Twitter (Se abre en una ventana nueva)<\/span><\/a><\/li><li class=\"share-facebook\"><a rel=\"nofollow noopener noreferrer\" data-shared=\"sharing-facebook-35373\" class=\"share-facebook sd-button share-icon no-text\" href=\"http:\/\/www.rtvnoticias.com.ar\/?p=35373&amp;share=facebook\" target=\"_blank\" title=\"Haz clic para compartir en Facebook\"><span><\/span><span class=\"sharing-screen-reader-text\">Haz clic para compartir en Facebook (Se abre en una ventana nueva)<\/span><\/a><\/li><li class=\"share-jetpack-whatsapp\"><a rel=\"nofollow noopener noreferrer\" data-shared=\"\" class=\"share-jetpack-whatsapp sd-button share-icon no-text\" href=\"http:\/\/www.rtvnoticias.com.ar\/?p=35373&amp;share=jetpack-whatsapp\" target=\"_blank\" title=\"Haz clic para compartir en WhatsApp\"><span><\/span><span class=\"sharing-screen-reader-text\">Haz clic para compartir en WhatsApp (Se abre en una ventana nueva)<\/span><\/a><\/li><li class=\"share-telegram\"><a rel=\"nofollow noopener noreferrer\" data-shared=\"\" class=\"share-telegram sd-button share-icon no-text\" href=\"http:\/\/www.rtvnoticias.com.ar\/?p=35373&amp;share=telegram\" target=\"_blank\" title=\"Haz clic para compartir en Telegram\"><span><\/span><span class=\"sharing-screen-reader-text\">Haz clic para compartir en Telegram (Se abre en una ventana nueva)<\/span><\/a><\/li><li class=\"share-end\"><\/li><\/ul><\/div><\/div><\/div>","protected":false},"excerpt":{"rendered":"<p>Tras la \u00faltima jornada del juicio por el crimen de Fernando B\u00e1ez Sosa y las palabras de los ocho imputados, Graciela Sosa, la mam\u00e1 de<\/p>\n<div class=\"sharedaddy sd-sharing-enabled\"><div class=\"robots-nocontent sd-block sd-social sd-social-icon sd-sharing\"><h3 class=\"sd-title\">Comparte esto:<\/h3><div class=\"sd-content\"><ul><li class=\"share-twitter\"><a rel=\"nofollow noopener noreferrer\" data-shared=\"sharing-twitter-35373\" class=\"share-twitter sd-button share-icon no-text\" href=\"http:\/\/www.rtvnoticias.com.ar\/?p=35373&amp;share=twitter\" target=\"_blank\" title=\"Haz clic para compartir en Twitter\"><span><\/span><span class=\"sharing-screen-reader-text\">Haz clic para compartir en Twitter (Se abre en una ventana nueva)<\/span><\/a><\/li><li class=\"share-facebook\"><a rel=\"nofollow noopener noreferrer\" data-shared=\"sharing-facebook-35373\" class=\"share-facebook sd-button share-icon no-text\" href=\"http:\/\/www.rtvnoticias.com.ar\/?p=35373&amp;share=facebook\" target=\"_blank\" title=\"Haz clic para compartir en Facebook\"><span><\/span><span class=\"sharing-screen-reader-text\">Haz clic para compartir en Facebook (Se abre en una ventana nueva)<\/span><\/a><\/li><li class=\"share-jetpack-whatsapp\"><a rel=\"nofollow noopener noreferrer\" data-shared=\"\" class=\"share-jetpack-whatsapp sd-button share-icon no-text\" href=\"http:\/\/www.rtvnoticias.com.ar\/?p=35373&amp;share=jetpack-whatsapp\" target=\"_blank\" title=\"Haz clic para compartir en WhatsApp\"><span><\/span><span class=\"sharing-screen-reader-text\">Haz clic para compartir en WhatsApp (Se abre en una ventana nueva)<\/span><\/a><\/li><li class=\"share-telegram\"><a rel=\"nofollow noopener noreferrer\" data-shared=\"\" class=\"share-telegram sd-button share-icon no-text\" href=\"http:\/\/www.rtvnoticias.com.ar\/?p=35373&amp;share=telegram\" target=\"_blank\" title=\"Haz clic para compartir en Telegram\"><span><\/span><span class=\"sharing-screen-reader-text\">Haz clic para compartir en Telegram (Se abre en una ventana nueva)<\/span><\/a><\/li><li class=\"share-end\"><\/li><\/ul><\/div><\/div><\/div>","protected":false},"author":7,"featured_media":35375,"comment_status":"closed","ping_status":"closed","sticky":false,"template":"","format":"standard","meta":{"spay_email":"","jetpack_publicize_message":"","jetpack_is_tweetstorm":false,"jetpack_publicize_feature_enabled":true},"categories":[1],"tags":[],"jetpack_featured_media_url":"http:\/\/www.rtvnoticias.com.ar\/wp-content\/uploads\/2023\/01\/acusados.jpg","jetpack_publicize_connections":[],"jetpack_sharing_enabled":true,"_links":{"self":[{"href":"http:\/\/www.rtvnoticias.com.ar\/index.php?rest_route=\/wp\/v2\/posts\/35373"}],"collection":[{"href":"http:\/\/www.rtvnoticias.com.ar\/index.php?rest_route=\/wp\/v2\/posts"}],"about":[{"href":"http:\/\/www.rtvnoticias.com.ar\/index.php?rest_route=\/wp\/v2\/types\/post"}],"author":[{"embeddable":true,"href":"http:\/\/www.rtvnoticias.com.ar\/index.php?rest_route=\/wp\/v2\/users\/7"}],"replies":[{"embeddable":true,"href":"http:\/\/www.rtvnoticias.com.ar\/index.php?rest_route=%2Fwp%2Fv2%2Fcomments&post=35373"}],"version-history":[{"count":1,"href":"http:\/\/www.rtvnoticias.com.ar\/index.php?rest_route=\/wp\/v2\/posts\/35373\/revisions"}],"predecessor-version":[{"id":35376,"href":"http:\/\/www.rtvnoticias.com.ar\/index.php?rest_route=\/wp\/v2\/posts\/35373\/revisions\/35376"}],"wp:featuredmedia":[{"embeddable":true,"href":"http:\/\/www.rtvnoticias.com.ar\/index.php?rest_route=\/wp\/v2\/media\/35375"}],"wp:attachment":[{"href":"http:\/\/www.rtvnoticias.com.ar\/index.php?rest_route=%2Fwp%2Fv2%2Fmedia&parent=35373"}],"wp:term":[{"taxonomy":"category","embeddable":true,"href":"http:\/\/www.rtvnoticias.com.ar\/index.php?rest_route=%2Fwp%2Fv2%2Fcategories&post=35373"},{"taxonomy":"post_tag","embeddable":true,"href":"http:\/\/www.rtvnoticias.com.ar\/index.php?rest_route=%2Fwp%2Fv2%2Ftags&post=35373"}],"curies":[{"name":"wp","href":"https:\/\/api.w.org\/{rel}","templated":true}]}}