{"id":35377,"date":"2023-01-26T20:33:52","date_gmt":"2023-01-26T23:33:52","guid":{"rendered":"http:\/\/www.rtvnoticias.com.ar\/?p=35377"},"modified":"2023-01-26T20:33:55","modified_gmt":"2023-01-26T23:33:55","slug":"el-crudo-relato-de-la-mama-de-fernando-mi-hijo-imploraba-piedad-y-le-seguian-dando-patada-tras-patada","status":"publish","type":"post","link":"http:\/\/www.rtvnoticias.com.ar\/?p=35377","title":{"rendered":"El crudo relato de la mam\u00e1 de Fernando: \u00abMi hijo imploraba piedad y le segu\u00edan dando patada tras patada\u00bb"},"content":{"rendered":"\n<p>La madre de Fernando B\u00e1ez Sosa, Graciela Sosa, habl\u00f3 este jueves ante el Tribunal de Dolores minutos antes del alegato de Hugo Tomei, abogado de los ocho rugbiers imputados, y dijo que \u00abnunca\u00bb pens\u00f3 estar \u00aben este lugar\u00bb.<\/p>\n\n\n\n<p>\u00abNunca pens\u00e9 que estar\u00eda en este lugar. Siempre pens\u00e9 que alg\u00fan d\u00eda se recibir\u00eda y estar\u00eda viendo c\u00f3mo iba a defender a las personas y no estar ac\u00e1 por su asesinato\u00bb, expres\u00f3.<\/p>\n\n\n\n<p>Visiblemente conmocionada, Graciela dijo: \u00abMe cost\u00f3 mucho estar en este lugar. Cargu\u00e9 la valija para venir a Dolores y tuve que ver los videos reiteradas veces de c\u00f3mo asesinaron a mi hijo\u00bb, y agreg\u00f3: \u00abMe cost\u00f3 horrores ver c\u00f3mo asesinaron a mi hijo; es una angustia impresionante\u00bb, agreg\u00f3.<\/p>\n\n\n\n<p>Crimen en Villa Gesell<\/p>\n\n\n\n<p>Caso B\u00e1ez Sosa: los acusadores buscan refutar la estrategia de la defensa<br>La madre de Fernando dio sus \u00faltimas palabras mientras era abrazada fuertemente por Silvino, el padre de Fernando: \u00abNunca lo voy a poder olvidar cuando mi hijo levantaba la mano para implorar piedad y le segu\u00edan dando patadas. Como madre quer\u00eda tirarme encima de \u00e9l para que esas patadas fueran para m\u00ed\u00bb.<\/p>\n\n\n\n<p>Al finalizar su breve testimonio, expres\u00f3: \u00ab\u00c9l era decente, no hac\u00eda el mal. Siempre me dec\u00eda que no cre\u00eda en la maldad. Yo solo quiero justicia por mi hijo\u00bb.<\/p>\n\n\n\n<p>\u00abLa verdad que no me conmovieron, ninguno me mir\u00f3. Lo dejo pasar como algo desapercibido. No les creo nada, es tarde porque yo no voy a recuperar a mi hijo\u00bb, manifest\u00f3 Graciela despu\u00e9s del pedido de perd\u00f3n de los ocho rugbiers acusados del crimen.<\/p>\n\n\n\n<p>\u00abEstamos fuertes pero es muy dif\u00edcil creerles despu\u00e9s de lo que hicieron. Me descompuse y por eso no estuve en los alegatos\u00bb, indic\u00f3 Graciela, y luego sostuvo: \u00abLa \u00fanica v\u00edctima ac\u00e1 es Fernando, le destruyeron el cuerpo mientras imploraba\u00bb.<\/p>\n\n\n\n<p>\u00abEs medio fuerte que despu\u00e9s de matar a tu hijo te pidan perd\u00f3n. Creo que quer\u00edan modificar su situaci\u00f3n frente al Tribunal\u00bb, sentenci\u00f3 Silvino, padre de Fernando, en di\u00e1logo con la prensa.<\/p>\n<div class=\"sharedaddy sd-sharing-enabled\"><div class=\"robots-nocontent sd-block sd-social sd-social-icon sd-sharing\"><h3 class=\"sd-title\">Comparte esto:<\/h3><div class=\"sd-content\"><ul><li class=\"share-twitter\"><a rel=\"nofollow noopener noreferrer\" data-shared=\"sharing-twitter-35377\" class=\"share-twitter sd-button share-icon no-text\" href=\"http:\/\/www.rtvnoticias.com.ar\/?p=35377&amp;share=twitter\" target=\"_blank\" title=\"Haz clic para compartir en Twitter\"><span><\/span><span class=\"sharing-screen-reader-text\">Haz clic para compartir en Twitter (Se abre en una ventana nueva)<\/span><\/a><\/li><li class=\"share-facebook\"><a rel=\"nofollow noopener noreferrer\" data-shared=\"sharing-facebook-35377\" class=\"share-facebook sd-button share-icon no-text\" href=\"http:\/\/www.rtvnoticias.com.ar\/?p=35377&amp;share=facebook\" target=\"_blank\" title=\"Haz clic para compartir en Facebook\"><span><\/span><span class=\"sharing-screen-reader-text\">Haz clic para compartir en Facebook (Se abre en una ventana nueva)<\/span><\/a><\/li><li class=\"share-jetpack-whatsapp\"><a rel=\"nofollow noopener noreferrer\" data-shared=\"\" class=\"share-jetpack-whatsapp sd-button share-icon no-text\" href=\"http:\/\/www.rtvnoticias.com.ar\/?p=35377&amp;share=jetpack-whatsapp\" target=\"_blank\" title=\"Haz clic para compartir en WhatsApp\"><span><\/span><span class=\"sharing-screen-reader-text\">Haz clic para compartir en WhatsApp (Se abre en una ventana nueva)<\/span><\/a><\/li><li class=\"share-telegram\"><a rel=\"nofollow noopener noreferrer\" data-shared=\"\" class=\"share-telegram sd-button share-icon no-text\" href=\"http:\/\/www.rtvnoticias.com.ar\/?p=35377&amp;share=telegram\" target=\"_blank\" title=\"Haz clic para compartir en Telegram\"><span><\/span><span class=\"sharing-screen-reader-text\">Haz clic para compartir en Telegram (Se abre en una ventana nueva)<\/span><\/a><\/li><li class=\"share-end\"><\/li><\/ul><\/div><\/div><\/div>","protected":false},"excerpt":{"rendered":"<p>La madre de Fernando B\u00e1ez Sosa, Graciela Sosa, habl\u00f3 este jueves ante el Tribunal de Dolores minutos antes del alegato de Hugo Tomei, abogado de<\/p>\n<div class=\"sharedaddy sd-sharing-enabled\"><div class=\"robots-nocontent sd-block sd-social sd-social-icon sd-sharing\"><h3 class=\"sd-title\">Comparte esto:<\/h3><div class=\"sd-content\"><ul><li class=\"share-twitter\"><a rel=\"nofollow noopener noreferrer\" data-shared=\"sharing-twitter-35377\" class=\"share-twitter sd-button share-icon no-text\" href=\"http:\/\/www.rtvnoticias.com.ar\/?p=35377&amp;share=twitter\" target=\"_blank\" title=\"Haz clic para compartir en Twitter\"><span><\/span><span class=\"sharing-screen-reader-text\">Haz clic para compartir en Twitter (Se abre en una ventana nueva)<\/span><\/a><\/li><li class=\"share-facebook\"><a rel=\"nofollow noopener noreferrer\" data-shared=\"sharing-facebook-35377\" class=\"share-facebook sd-button share-icon no-text\" href=\"http:\/\/www.rtvnoticias.com.ar\/?p=35377&amp;share=facebook\" target=\"_blank\" title=\"Haz clic para compartir en Facebook\"><span><\/span><span class=\"sharing-screen-reader-text\">Haz clic para compartir en Facebook (Se abre en una ventana nueva)<\/span><\/a><\/li><li class=\"share-jetpack-whatsapp\"><a rel=\"nofollow noopener noreferrer\" data-shared=\"\" class=\"share-jetpack-whatsapp sd-button share-icon no-text\" href=\"http:\/\/www.rtvnoticias.com.ar\/?p=35377&amp;share=jetpack-whatsapp\" target=\"_blank\" title=\"Haz clic para compartir en WhatsApp\"><span><\/span><span class=\"sharing-screen-reader-text\">Haz clic para compartir en WhatsApp (Se abre en una ventana nueva)<\/span><\/a><\/li><li class=\"share-telegram\"><a rel=\"nofollow noopener noreferrer\" data-shared=\"\" class=\"share-telegram sd-button share-icon no-text\" href=\"http:\/\/www.rtvnoticias.com.ar\/?p=35377&amp;share=telegram\" target=\"_blank\" title=\"Haz clic para compartir en Telegram\"><span><\/span><span class=\"sharing-screen-reader-text\">Haz clic para compartir en Telegram (Se abre en una ventana nueva)<\/span><\/a><\/li><li class=\"share-end\"><\/li><\/ul><\/div><\/div><\/div>","protected":false},"author":7,"featured_media":35378,"comment_status":"closed","ping_status":"closed","sticky":false,"template":"","format":"standard","meta":{"spay_email":"","jetpack_publicize_message":"","jetpack_is_tweetstorm":false,"jetpack_publicize_feature_enabled":true},"categories":[5],"tags":[],"jetpack_featured_media_url":"http:\/\/www.rtvnoticias.com.ar\/wp-content\/uploads\/2023\/01\/graciela.jpg","jetpack_publicize_connections":[],"jetpack_sharing_enabled":true,"_links":{"self":[{"href":"http:\/\/www.rtvnoticias.com.ar\/index.php?rest_route=\/wp\/v2\/posts\/35377"}],"collection":[{"href":"http:\/\/www.rtvnoticias.com.ar\/index.php?rest_route=\/wp\/v2\/posts"}],"about":[{"href":"http:\/\/www.rtvnoticias.com.ar\/index.php?rest_route=\/wp\/v2\/types\/post"}],"author":[{"embeddable":true,"href":"http:\/\/www.rtvnoticias.com.ar\/index.php?rest_route=\/wp\/v2\/users\/7"}],"replies":[{"embeddable":true,"href":"http:\/\/www.rtvnoticias.com.ar\/index.php?rest_route=%2Fwp%2Fv2%2Fcomments&post=35377"}],"version-history":[{"count":1,"href":"http:\/\/www.rtvnoticias.com.ar\/index.php?rest_route=\/wp\/v2\/posts\/35377\/revisions"}],"predecessor-version":[{"id":35379,"href":"http:\/\/www.rtvnoticias.com.ar\/index.php?rest_route=\/wp\/v2\/posts\/35377\/revisions\/35379"}],"wp:featuredmedia":[{"embeddable":true,"href":"http:\/\/www.rtvnoticias.com.ar\/index.php?rest_route=\/wp\/v2\/media\/35378"}],"wp:attachment":[{"href":"http:\/\/www.rtvnoticias.com.ar\/index.php?rest_route=%2Fwp%2Fv2%2Fmedia&parent=35377"}],"wp:term":[{"taxonomy":"category","embeddable":true,"href":"http:\/\/www.rtvnoticias.com.ar\/index.php?rest_route=%2Fwp%2Fv2%2Fcategories&post=35377"},{"taxonomy":"post_tag","embeddable":true,"href":"http:\/\/www.rtvnoticias.com.ar\/index.php?rest_route=%2Fwp%2Fv2%2Ftags&post=35377"}],"curies":[{"name":"wp","href":"https:\/\/api.w.org\/{rel}","templated":true}]}}