{"id":35380,"date":"2023-01-28T14:30:15","date_gmt":"2023-01-28T17:30:15","guid":{"rendered":"http:\/\/www.rtvnoticias.com.ar\/?p=35380"},"modified":"2023-01-28T14:30:18","modified_gmt":"2023-01-28T17:30:18","slug":"martha-pelloni-confirmo-que-estara-en-la-sentencia-del-caso-lucio","status":"publish","type":"post","link":"http:\/\/www.rtvnoticias.com.ar\/?p=35380","title":{"rendered":"Martha Pelloni confirm\u00f3 que estar\u00e1 en la sentencia del caso Lucio"},"content":{"rendered":"\n<p>La hermana Martha Pelloni asegur\u00f3 que espera \u00abuna sentencia ejemplar\u00bb en el juicio por el crimen del ni\u00f1o Lucio Dupuy. \u00abNo queremos m\u00e1s mam\u00e1s que maten a sus hijos\u00bb, afirm\u00f3. Confirm\u00f3 que el pr\u00f3ximo jueves 2 de febrero estar\u00e1 en Santa Rosa cuando se lea la sentencia contra las imputadas Magdalena Esp\u00f3sito Valenti y Abigail P\u00e1ez, madre del menor y su pareja.<\/p>\n\n\n\n<p>\u00abEstaremos un rato antes. Han prometido que quiz\u00e1s nos van a acreditar para poder entrar en la sala de la audiencia como lo pude hacer en el caso de Fernando Baez. Es una forma de acompa\u00f1ar a la familia de Lucio y a toda la gente que est\u00e1 luchando por este crimen tan atroz\u00bb, dijo.<\/p>\n\n\n\n<p>La religiosa se permiti\u00f3 reflexionar sobre el hecho y lo atribuy\u00f3 a las \u00abadicciones\u00bb. \u00abEl consumo te lleva a una situaci\u00f3n de violencia personal. Llega un momento de enajenaci\u00f3n\u00bb, coment\u00f3.<\/p>\n\n\n\n<p>Agreg\u00f3 que \u00aben este caso, creo que el hecho de que la mam\u00e1 sea consumidora, se y tengo conocimiento que le encontraron plantaciones de marihuana en la casa, me coment\u00f3 el abuelo. La mam\u00e1 de Lucio ven\u00eda de un tema de adicci\u00f3n. Esto es lo que provoca\u2026 suma al furor de la violencia. La violencia se aprende, si le suma la violencia de las adicciones. Imag\u00ednense c\u00f3mo no va a ser un desastre con su vida y la de Lucio. Esperamos una sentencia ejemplar. No queremos m\u00e1s mam\u00e1s que maten a sus hijos\u00bb.<\/p>\n\n\n\n<p>Si bien dijo que hay una cadena de responsabilidades en la escuela y los centros de salud, asegur\u00f3 que \u00ablas que mataron a la criatura son estas dos mujeres\u00bb. \u00abTodo viene del maltrato. \u00bfCu\u00e1ntas veces estuvo internado Lucio? \u00bfQu\u00e9 pas\u00f3 en esas cl\u00ednicas que no denuncian el maltrato?. Los m\u00e9dicos tienen que saber de d\u00f3nde provienen esos golpes. Los m\u00e9dicos tienen que investigar de donde provienen los golpes\u00bb, dijo en declaraciones a LU100.<\/p>\n\n\n\n<p>Fuente: El Diario<\/p>\n<div class=\"sharedaddy sd-sharing-enabled\"><div class=\"robots-nocontent sd-block sd-social sd-social-icon sd-sharing\"><h3 class=\"sd-title\">Comparte esto:<\/h3><div class=\"sd-content\"><ul><li class=\"share-twitter\"><a rel=\"nofollow noopener noreferrer\" data-shared=\"sharing-twitter-35380\" class=\"share-twitter sd-button share-icon no-text\" href=\"http:\/\/www.rtvnoticias.com.ar\/?p=35380&amp;share=twitter\" target=\"_blank\" title=\"Haz clic para compartir en Twitter\"><span><\/span><span class=\"sharing-screen-reader-text\">Haz clic para compartir en Twitter (Se abre en una ventana nueva)<\/span><\/a><\/li><li class=\"share-facebook\"><a rel=\"nofollow noopener noreferrer\" data-shared=\"sharing-facebook-35380\" class=\"share-facebook sd-button share-icon no-text\" href=\"http:\/\/www.rtvnoticias.com.ar\/?p=35380&amp;share=facebook\" target=\"_blank\" title=\"Haz clic para compartir en Facebook\"><span><\/span><span class=\"sharing-screen-reader-text\">Haz clic para compartir en Facebook (Se abre en una ventana nueva)<\/span><\/a><\/li><li class=\"share-jetpack-whatsapp\"><a rel=\"nofollow noopener noreferrer\" data-shared=\"\" class=\"share-jetpack-whatsapp sd-button share-icon no-text\" href=\"http:\/\/www.rtvnoticias.com.ar\/?p=35380&amp;share=jetpack-whatsapp\" target=\"_blank\" title=\"Haz clic para compartir en WhatsApp\"><span><\/span><span class=\"sharing-screen-reader-text\">Haz clic para compartir en WhatsApp (Se abre en una ventana nueva)<\/span><\/a><\/li><li class=\"share-telegram\"><a rel=\"nofollow noopener noreferrer\" data-shared=\"\" class=\"share-telegram sd-button share-icon no-text\" href=\"http:\/\/www.rtvnoticias.com.ar\/?p=35380&amp;share=telegram\" target=\"_blank\" title=\"Haz clic para compartir en Telegram\"><span><\/span><span class=\"sharing-screen-reader-text\">Haz clic para compartir en Telegram (Se abre en una ventana nueva)<\/span><\/a><\/li><li class=\"share-end\"><\/li><\/ul><\/div><\/div><\/div>","protected":false},"excerpt":{"rendered":"<p>La hermana Martha Pelloni asegur\u00f3 que espera \u00abuna sentencia ejemplar\u00bb en el juicio por el crimen del ni\u00f1o Lucio Dupuy. \u00abNo queremos m\u00e1s mam\u00e1s que<\/p>\n<div class=\"sharedaddy sd-sharing-enabled\"><div class=\"robots-nocontent sd-block sd-social sd-social-icon sd-sharing\"><h3 class=\"sd-title\">Comparte esto:<\/h3><div class=\"sd-content\"><ul><li class=\"share-twitter\"><a rel=\"nofollow noopener noreferrer\" data-shared=\"sharing-twitter-35380\" class=\"share-twitter sd-button share-icon no-text\" href=\"http:\/\/www.rtvnoticias.com.ar\/?p=35380&amp;share=twitter\" target=\"_blank\" title=\"Haz clic para compartir en Twitter\"><span><\/span><span class=\"sharing-screen-reader-text\">Haz clic para compartir en Twitter (Se abre en una ventana nueva)<\/span><\/a><\/li><li class=\"share-facebook\"><a rel=\"nofollow noopener noreferrer\" data-shared=\"sharing-facebook-35380\" class=\"share-facebook sd-button share-icon no-text\" href=\"http:\/\/www.rtvnoticias.com.ar\/?p=35380&amp;share=facebook\" target=\"_blank\" title=\"Haz clic para compartir en Facebook\"><span><\/span><span class=\"sharing-screen-reader-text\">Haz clic para compartir en Facebook (Se abre en una ventana nueva)<\/span><\/a><\/li><li class=\"share-jetpack-whatsapp\"><a rel=\"nofollow noopener noreferrer\" data-shared=\"\" class=\"share-jetpack-whatsapp sd-button share-icon no-text\" href=\"http:\/\/www.rtvnoticias.com.ar\/?p=35380&amp;share=jetpack-whatsapp\" target=\"_blank\" title=\"Haz clic para compartir en WhatsApp\"><span><\/span><span class=\"sharing-screen-reader-text\">Haz clic para compartir en WhatsApp (Se abre en una ventana nueva)<\/span><\/a><\/li><li class=\"share-telegram\"><a rel=\"nofollow noopener noreferrer\" data-shared=\"\" class=\"share-telegram sd-button share-icon no-text\" href=\"http:\/\/www.rtvnoticias.com.ar\/?p=35380&amp;share=telegram\" target=\"_blank\" title=\"Haz clic para compartir en Telegram\"><span><\/span><span class=\"sharing-screen-reader-text\">Haz clic para compartir en Telegram (Se abre en una ventana nueva)<\/span><\/a><\/li><li class=\"share-end\"><\/li><\/ul><\/div><\/div><\/div>","protected":false},"author":7,"featured_media":35381,"comment_status":"closed","ping_status":"closed","sticky":false,"template":"","format":"standard","meta":{"spay_email":"","jetpack_publicize_message":"","jetpack_is_tweetstorm":false,"jetpack_publicize_feature_enabled":true},"categories":[1],"tags":[],"jetpack_featured_media_url":"http:\/\/www.rtvnoticias.com.ar\/wp-content\/uploads\/2023\/01\/pelloni.jpg","jetpack_publicize_connections":[],"jetpack_sharing_enabled":true,"_links":{"self":[{"href":"http:\/\/www.rtvnoticias.com.ar\/index.php?rest_route=\/wp\/v2\/posts\/35380"}],"collection":[{"href":"http:\/\/www.rtvnoticias.com.ar\/index.php?rest_route=\/wp\/v2\/posts"}],"about":[{"href":"http:\/\/www.rtvnoticias.com.ar\/index.php?rest_route=\/wp\/v2\/types\/post"}],"author":[{"embeddable":true,"href":"http:\/\/www.rtvnoticias.com.ar\/index.php?rest_route=\/wp\/v2\/users\/7"}],"replies":[{"embeddable":true,"href":"http:\/\/www.rtvnoticias.com.ar\/index.php?rest_route=%2Fwp%2Fv2%2Fcomments&post=35380"}],"version-history":[{"count":1,"href":"http:\/\/www.rtvnoticias.com.ar\/index.php?rest_route=\/wp\/v2\/posts\/35380\/revisions"}],"predecessor-version":[{"id":35382,"href":"http:\/\/www.rtvnoticias.com.ar\/index.php?rest_route=\/wp\/v2\/posts\/35380\/revisions\/35382"}],"wp:featuredmedia":[{"embeddable":true,"href":"http:\/\/www.rtvnoticias.com.ar\/index.php?rest_route=\/wp\/v2\/media\/35381"}],"wp:attachment":[{"href":"http:\/\/www.rtvnoticias.com.ar\/index.php?rest_route=%2Fwp%2Fv2%2Fmedia&parent=35380"}],"wp:term":[{"taxonomy":"category","embeddable":true,"href":"http:\/\/www.rtvnoticias.com.ar\/index.php?rest_route=%2Fwp%2Fv2%2Fcategories&post=35380"},{"taxonomy":"post_tag","embeddable":true,"href":"http:\/\/www.rtvnoticias.com.ar\/index.php?rest_route=%2Fwp%2Fv2%2Ftags&post=35380"}],"curies":[{"name":"wp","href":"https:\/\/api.w.org\/{rel}","templated":true}]}}