{"id":35391,"date":"2023-01-29T02:00:24","date_gmt":"2023-01-29T05:00:24","guid":{"rendered":"http:\/\/www.rtvnoticias.com.ar\/?p=35391"},"modified":"2023-01-29T02:00:27","modified_gmt":"2023-01-29T05:00:27","slug":"fallecio-una-persona-por-meningitis","status":"publish","type":"post","link":"http:\/\/www.rtvnoticias.com.ar\/?p=35391","title":{"rendered":"Falleci\u00f3 una persona por meningitis"},"content":{"rendered":"\n<p>El director del Hospital Gobernador Centeno, Esteban Vianello, confirm\u00f3 la muerte de una persona adulta por un caso de meningococcemia. El paciente estaba inmunosuprimido por su enfermedad de base y la muerte se produjo d\u00edas atr\u00e1s.<\/p>\n\n\n\n<p>Por ese motivo, la Direcci\u00f3n de Epidemiolog\u00eda provincial y el Comit\u00e9 de Epidemiolog\u00eda del Hospital Gobernador Centeno, advierten sobre esta enfermedad y solicitan que ante la presencia de s\u00edntomas compatibles con la misma, acercarse al centro de salud de su barrio o consultar con su m\u00e9dica o m\u00e9dico de cabecera.<\/p>\n\n\n\n<p>Los profesionales indicaron que la enfermedad meningoc\u00f3cica invasiva (EMI) es una infecci\u00f3n grave causada por la bacteria \u00abneisseria meningitidis\u00bb tambi\u00e9n conocida como meningococo.&nbsp;<\/p>\n\n\n\n<p>Si bien las formas m\u00e1s frecuentes de presentaci\u00f3n de la EMI son la meningitis y la meningococcemia o sepsis meningoc\u00f3cica, otros \u00f3rganos y sistemas pueden verse afectados contribuyendo a la carga de enfermedad invasiva por meningococo (ej.osteoartritis, neumon\u00eda, pericarditis, etc).<\/p>\n\n\n\n<p>Este pat\u00f3geno es exclusivo del ser humano, se puede portar en forma asintom\u00e1tica en la nasofaringe, fuente desde la cual se propaga el microorganismo.&nbsp;<\/p>\n\n\n\n<p>En general, la transmisi\u00f3n de estas bacterias es de persona a persona a trav\u00e9s de las secreciones respiratorias, lo que requiere de un contacto cercano o estrecho. El per\u00edodo de incubaci\u00f3n es en general, de 2 a 10 d\u00edas, en promedio de 3 a 4 d\u00edas<\/p>\n\n\n\n<p>Se solicita a las y los vecinos de General Pico que realicen una consulta m\u00e9dica ante la presencia de fiebre s\u00fabita mayor o igual de 38\u00b0 grados y cefalea asociados a uno o m\u00e1s de los siguientes signos y\/o s\u00edntomas: rigidez de nuca; alteraci\u00f3n de conciencia como somnolencia, confusi\u00f3n, letargia; manifestaciones de la piel: petequias, equimosis, rash maculopapular y\/o purp\u00farico;&nbsp; convulsiones; v\u00f3mitos incoercibles; fotofobia.<\/p>\n<div class=\"sharedaddy sd-sharing-enabled\"><div class=\"robots-nocontent sd-block sd-social sd-social-icon sd-sharing\"><h3 class=\"sd-title\">Comparte esto:<\/h3><div class=\"sd-content\"><ul><li class=\"share-twitter\"><a rel=\"nofollow noopener noreferrer\" data-shared=\"sharing-twitter-35391\" class=\"share-twitter sd-button share-icon no-text\" href=\"http:\/\/www.rtvnoticias.com.ar\/?p=35391&amp;share=twitter\" target=\"_blank\" title=\"Haz clic para compartir en Twitter\"><span><\/span><span class=\"sharing-screen-reader-text\">Haz clic para compartir en Twitter (Se abre en una ventana nueva)<\/span><\/a><\/li><li class=\"share-facebook\"><a rel=\"nofollow noopener noreferrer\" data-shared=\"sharing-facebook-35391\" class=\"share-facebook sd-button share-icon no-text\" href=\"http:\/\/www.rtvnoticias.com.ar\/?p=35391&amp;share=facebook\" target=\"_blank\" title=\"Haz clic para compartir en Facebook\"><span><\/span><span class=\"sharing-screen-reader-text\">Haz clic para compartir en Facebook (Se abre en una ventana nueva)<\/span><\/a><\/li><li class=\"share-jetpack-whatsapp\"><a rel=\"nofollow noopener noreferrer\" data-shared=\"\" class=\"share-jetpack-whatsapp sd-button share-icon no-text\" href=\"http:\/\/www.rtvnoticias.com.ar\/?p=35391&amp;share=jetpack-whatsapp\" target=\"_blank\" title=\"Haz clic para compartir en WhatsApp\"><span><\/span><span class=\"sharing-screen-reader-text\">Haz clic para compartir en WhatsApp (Se abre en una ventana nueva)<\/span><\/a><\/li><li class=\"share-telegram\"><a rel=\"nofollow noopener noreferrer\" data-shared=\"\" class=\"share-telegram sd-button share-icon no-text\" href=\"http:\/\/www.rtvnoticias.com.ar\/?p=35391&amp;share=telegram\" target=\"_blank\" title=\"Haz clic para compartir en Telegram\"><span><\/span><span class=\"sharing-screen-reader-text\">Haz clic para compartir en Telegram (Se abre en una ventana nueva)<\/span><\/a><\/li><li class=\"share-end\"><\/li><\/ul><\/div><\/div><\/div>","protected":false},"excerpt":{"rendered":"<p>El director del Hospital Gobernador Centeno, Esteban Vianello, confirm\u00f3 la muerte de una persona adulta por un caso de meningococcemia. El paciente estaba inmunosuprimido por<\/p>\n<div class=\"sharedaddy sd-sharing-enabled\"><div class=\"robots-nocontent sd-block sd-social sd-social-icon sd-sharing\"><h3 class=\"sd-title\">Comparte esto:<\/h3><div class=\"sd-content\"><ul><li class=\"share-twitter\"><a rel=\"nofollow noopener noreferrer\" data-shared=\"sharing-twitter-35391\" class=\"share-twitter sd-button share-icon no-text\" href=\"http:\/\/www.rtvnoticias.com.ar\/?p=35391&amp;share=twitter\" target=\"_blank\" title=\"Haz clic para compartir en Twitter\"><span><\/span><span class=\"sharing-screen-reader-text\">Haz clic para compartir en Twitter (Se abre en una ventana nueva)<\/span><\/a><\/li><li class=\"share-facebook\"><a rel=\"nofollow noopener noreferrer\" data-shared=\"sharing-facebook-35391\" class=\"share-facebook sd-button share-icon no-text\" href=\"http:\/\/www.rtvnoticias.com.ar\/?p=35391&amp;share=facebook\" target=\"_blank\" title=\"Haz clic para compartir en Facebook\"><span><\/span><span class=\"sharing-screen-reader-text\">Haz clic para compartir en Facebook (Se abre en una ventana nueva)<\/span><\/a><\/li><li class=\"share-jetpack-whatsapp\"><a rel=\"nofollow noopener noreferrer\" data-shared=\"\" class=\"share-jetpack-whatsapp sd-button share-icon no-text\" href=\"http:\/\/www.rtvnoticias.com.ar\/?p=35391&amp;share=jetpack-whatsapp\" target=\"_blank\" title=\"Haz clic para compartir en WhatsApp\"><span><\/span><span class=\"sharing-screen-reader-text\">Haz clic para compartir en WhatsApp (Se abre en una ventana nueva)<\/span><\/a><\/li><li class=\"share-telegram\"><a rel=\"nofollow noopener noreferrer\" data-shared=\"\" class=\"share-telegram sd-button share-icon no-text\" href=\"http:\/\/www.rtvnoticias.com.ar\/?p=35391&amp;share=telegram\" target=\"_blank\" title=\"Haz clic para compartir en Telegram\"><span><\/span><span class=\"sharing-screen-reader-text\">Haz clic para compartir en Telegram (Se abre en una ventana nueva)<\/span><\/a><\/li><li class=\"share-end\"><\/li><\/ul><\/div><\/div><\/div>","protected":false},"author":5,"featured_media":0,"comment_status":"closed","ping_status":"closed","sticky":false,"template":"","format":"standard","meta":{"spay_email":"","jetpack_publicize_message":"","jetpack_is_tweetstorm":false,"jetpack_publicize_feature_enabled":true},"categories":[1],"tags":[],"jetpack_featured_media_url":"","jetpack_publicize_connections":[],"jetpack_sharing_enabled":true,"_links":{"self":[{"href":"http:\/\/www.rtvnoticias.com.ar\/index.php?rest_route=\/wp\/v2\/posts\/35391"}],"collection":[{"href":"http:\/\/www.rtvnoticias.com.ar\/index.php?rest_route=\/wp\/v2\/posts"}],"about":[{"href":"http:\/\/www.rtvnoticias.com.ar\/index.php?rest_route=\/wp\/v2\/types\/post"}],"author":[{"embeddable":true,"href":"http:\/\/www.rtvnoticias.com.ar\/index.php?rest_route=\/wp\/v2\/users\/5"}],"replies":[{"embeddable":true,"href":"http:\/\/www.rtvnoticias.com.ar\/index.php?rest_route=%2Fwp%2Fv2%2Fcomments&post=35391"}],"version-history":[{"count":1,"href":"http:\/\/www.rtvnoticias.com.ar\/index.php?rest_route=\/wp\/v2\/posts\/35391\/revisions"}],"predecessor-version":[{"id":35392,"href":"http:\/\/www.rtvnoticias.com.ar\/index.php?rest_route=\/wp\/v2\/posts\/35391\/revisions\/35392"}],"wp:attachment":[{"href":"http:\/\/www.rtvnoticias.com.ar\/index.php?rest_route=%2Fwp%2Fv2%2Fmedia&parent=35391"}],"wp:term":[{"taxonomy":"category","embeddable":true,"href":"http:\/\/www.rtvnoticias.com.ar\/index.php?rest_route=%2Fwp%2Fv2%2Fcategories&post=35391"},{"taxonomy":"post_tag","embeddable":true,"href":"http:\/\/www.rtvnoticias.com.ar\/index.php?rest_route=%2Fwp%2Fv2%2Ftags&post=35391"}],"curies":[{"name":"wp","href":"https:\/\/api.w.org\/{rel}","templated":true}]}}