{"id":35399,"date":"2023-01-30T12:03:36","date_gmt":"2023-01-30T15:03:36","guid":{"rendered":"http:\/\/www.rtvnoticias.com.ar\/?p=35399"},"modified":"2023-01-30T12:03:39","modified_gmt":"2023-01-30T15:03:39","slug":"maquieyra-sobre-la-educacion-vamos-a-volver-a-darle-la-bandera-nacional-al-alumno-que-mas-se-esfuerce","status":"publish","type":"post","link":"http:\/\/www.rtvnoticias.com.ar\/?p=35399","title":{"rendered":"Maquieyra sobre la educaci\u00f3n: \u201cVamos a volver a darle la Bandera Nacional al alumno que m\u00e1s se esfuerce\u201d"},"content":{"rendered":"\n<p>El precandidato a gobernador por La Pampa, Martin Maquieyra, afirm\u00f3 que el eje principal en su campa\u00f1a es ocuparse en mejorar la calidad educativa de nuestra provincia. Asegur\u00f3 que hay que volver a premiar el esfuerzo y acompa\u00f1ar a los docentes.<\/p>\n\n\n\n<p>\u201cAntes ten\u00edamos altos niveles en educaci\u00f3n, lo sab\u00edamos y nos golpe\u00e1bamos el pecho con orgullo por ser lo mejores en educaci\u00f3n. Hoy esto se perdi\u00f3. 4 de cada 10 chicos no comprenden lo que leen y 6 de cada 10 no pueden realizar operaciones matem\u00e1ticas. La pandemia no ayud\u00f3 pero el gobierno provincial tampoco acompa\u00f1\u00f3 con medidas concretas a los docentes y a los chicos que lo \u00fanico que quieren es aprender\u201d, afirm\u00f3 Maquieyra.<\/p>\n\n\n\n<p>Como propuestas concretas plante\u00f3 la creaci\u00f3n de un observatorio de calidad educativa para acompa\u00f1ar a los docentes con nuevas herramientas para fortalecer y asegurar la capacitaci\u00f3n, actualizaci\u00f3n y formaci\u00f3n docente en todos los niveles.<\/p>\n\n\n\n<p>Adem\u00e1s, volver a premiar al alumno que se esfuerza estableciendo criterios claros y uniformes de acreditaci\u00f3n, evaluaci\u00f3n y promoci\u00f3n de los alumnos y utilizar un sistema de calificaciones que exprese claramente los logros de los alumnos. \u201cVolver a otorgar la Bandera Nacional al alumno con mejor rendimiento escolar\u201d.<\/p>\n\n\n\n<p>El eje de propuestas educativas tambi\u00e9n incluye en la estructura curricular la educaci\u00f3n financiera, un plan inteligente de inclusi\u00f3n en el mundo laboral con estrategias que faciliten la inserci\u00f3n (preparaci\u00f3n para una entrevista, el armado del CV) ya sea como pr\u00e1cticas de una carrera universitaria u oficios para darle oportunidades a nuestros j\u00f3venes.<\/p>\n\n\n\n<p>\u201cEstas son algunas de las propuestas que est\u00e1n dentro de nuestro plan de gobierno. Cada una de ellas nacieron de mi charla diaria con los pampeanos que vengo acompa\u00f1ando desde el d\u00eda uno en que soy diputado y del equipo de la Fundaci\u00f3n Pensar La Pampa. De las constantes recorridas por toda la provincia pudimos detectar los principales problemas tanto en educaci\u00f3n como en salud y trabajo. Esa es mi forma de trabajar y as\u00ed pensamos nuestra forma de gobernar\u201d, finaliz\u00f3 Maquieyra.<\/p>\n<div class=\"sharedaddy sd-sharing-enabled\"><div class=\"robots-nocontent sd-block sd-social sd-social-icon sd-sharing\"><h3 class=\"sd-title\">Comparte esto:<\/h3><div class=\"sd-content\"><ul><li class=\"share-twitter\"><a rel=\"nofollow noopener noreferrer\" data-shared=\"sharing-twitter-35399\" class=\"share-twitter sd-button share-icon no-text\" href=\"http:\/\/www.rtvnoticias.com.ar\/?p=35399&amp;share=twitter\" target=\"_blank\" title=\"Haz clic para compartir en Twitter\"><span><\/span><span class=\"sharing-screen-reader-text\">Haz clic para compartir en Twitter (Se abre en una ventana nueva)<\/span><\/a><\/li><li class=\"share-facebook\"><a rel=\"nofollow noopener noreferrer\" data-shared=\"sharing-facebook-35399\" class=\"share-facebook sd-button share-icon no-text\" href=\"http:\/\/www.rtvnoticias.com.ar\/?p=35399&amp;share=facebook\" target=\"_blank\" title=\"Haz clic para compartir en Facebook\"><span><\/span><span class=\"sharing-screen-reader-text\">Haz clic para compartir en Facebook (Se abre en una ventana nueva)<\/span><\/a><\/li><li class=\"share-jetpack-whatsapp\"><a rel=\"nofollow noopener noreferrer\" data-shared=\"\" class=\"share-jetpack-whatsapp sd-button share-icon no-text\" href=\"http:\/\/www.rtvnoticias.com.ar\/?p=35399&amp;share=jetpack-whatsapp\" target=\"_blank\" title=\"Haz clic para compartir en WhatsApp\"><span><\/span><span class=\"sharing-screen-reader-text\">Haz clic para compartir en WhatsApp (Se abre en una ventana nueva)<\/span><\/a><\/li><li class=\"share-telegram\"><a rel=\"nofollow noopener noreferrer\" data-shared=\"\" class=\"share-telegram sd-button share-icon no-text\" href=\"http:\/\/www.rtvnoticias.com.ar\/?p=35399&amp;share=telegram\" target=\"_blank\" title=\"Haz clic para compartir en Telegram\"><span><\/span><span class=\"sharing-screen-reader-text\">Haz clic para compartir en Telegram (Se abre en una ventana nueva)<\/span><\/a><\/li><li class=\"share-end\"><\/li><\/ul><\/div><\/div><\/div>","protected":false},"excerpt":{"rendered":"<p>El precandidato a gobernador por La Pampa, Martin Maquieyra, afirm\u00f3 que el eje principal en su campa\u00f1a es ocuparse en mejorar la calidad educativa de<\/p>\n<div class=\"sharedaddy sd-sharing-enabled\"><div class=\"robots-nocontent sd-block sd-social sd-social-icon sd-sharing\"><h3 class=\"sd-title\">Comparte esto:<\/h3><div class=\"sd-content\"><ul><li class=\"share-twitter\"><a rel=\"nofollow noopener noreferrer\" data-shared=\"sharing-twitter-35399\" class=\"share-twitter sd-button share-icon no-text\" href=\"http:\/\/www.rtvnoticias.com.ar\/?p=35399&amp;share=twitter\" target=\"_blank\" title=\"Haz clic para compartir en Twitter\"><span><\/span><span class=\"sharing-screen-reader-text\">Haz clic para compartir en Twitter (Se abre en una ventana nueva)<\/span><\/a><\/li><li class=\"share-facebook\"><a rel=\"nofollow noopener noreferrer\" data-shared=\"sharing-facebook-35399\" class=\"share-facebook sd-button share-icon no-text\" href=\"http:\/\/www.rtvnoticias.com.ar\/?p=35399&amp;share=facebook\" target=\"_blank\" title=\"Haz clic para compartir en Facebook\"><span><\/span><span class=\"sharing-screen-reader-text\">Haz clic para compartir en Facebook (Se abre en una ventana nueva)<\/span><\/a><\/li><li class=\"share-jetpack-whatsapp\"><a rel=\"nofollow noopener noreferrer\" data-shared=\"\" class=\"share-jetpack-whatsapp sd-button share-icon no-text\" href=\"http:\/\/www.rtvnoticias.com.ar\/?p=35399&amp;share=jetpack-whatsapp\" target=\"_blank\" title=\"Haz clic para compartir en WhatsApp\"><span><\/span><span class=\"sharing-screen-reader-text\">Haz clic para compartir en WhatsApp (Se abre en una ventana nueva)<\/span><\/a><\/li><li class=\"share-telegram\"><a rel=\"nofollow noopener noreferrer\" data-shared=\"\" class=\"share-telegram sd-button share-icon no-text\" href=\"http:\/\/www.rtvnoticias.com.ar\/?p=35399&amp;share=telegram\" target=\"_blank\" title=\"Haz clic para compartir en Telegram\"><span><\/span><span class=\"sharing-screen-reader-text\">Haz clic para compartir en Telegram (Se abre en una ventana nueva)<\/span><\/a><\/li><li class=\"share-end\"><\/li><\/ul><\/div><\/div><\/div>","protected":false},"author":7,"featured_media":35400,"comment_status":"closed","ping_status":"closed","sticky":false,"template":"","format":"standard","meta":{"spay_email":"","jetpack_publicize_message":"","jetpack_is_tweetstorm":false,"jetpack_publicize_feature_enabled":true},"categories":[1],"tags":[],"jetpack_featured_media_url":"http:\/\/www.rtvnoticias.com.ar\/wp-content\/uploads\/2023\/01\/2b9e4e50-f93b-4c3a-9dfc-0a43c87a4d34.jpeg","jetpack_publicize_connections":[],"jetpack_sharing_enabled":true,"_links":{"self":[{"href":"http:\/\/www.rtvnoticias.com.ar\/index.php?rest_route=\/wp\/v2\/posts\/35399"}],"collection":[{"href":"http:\/\/www.rtvnoticias.com.ar\/index.php?rest_route=\/wp\/v2\/posts"}],"about":[{"href":"http:\/\/www.rtvnoticias.com.ar\/index.php?rest_route=\/wp\/v2\/types\/post"}],"author":[{"embeddable":true,"href":"http:\/\/www.rtvnoticias.com.ar\/index.php?rest_route=\/wp\/v2\/users\/7"}],"replies":[{"embeddable":true,"href":"http:\/\/www.rtvnoticias.com.ar\/index.php?rest_route=%2Fwp%2Fv2%2Fcomments&post=35399"}],"version-history":[{"count":1,"href":"http:\/\/www.rtvnoticias.com.ar\/index.php?rest_route=\/wp\/v2\/posts\/35399\/revisions"}],"predecessor-version":[{"id":35401,"href":"http:\/\/www.rtvnoticias.com.ar\/index.php?rest_route=\/wp\/v2\/posts\/35399\/revisions\/35401"}],"wp:featuredmedia":[{"embeddable":true,"href":"http:\/\/www.rtvnoticias.com.ar\/index.php?rest_route=\/wp\/v2\/media\/35400"}],"wp:attachment":[{"href":"http:\/\/www.rtvnoticias.com.ar\/index.php?rest_route=%2Fwp%2Fv2%2Fmedia&parent=35399"}],"wp:term":[{"taxonomy":"category","embeddable":true,"href":"http:\/\/www.rtvnoticias.com.ar\/index.php?rest_route=%2Fwp%2Fv2%2Fcategories&post=35399"},{"taxonomy":"post_tag","embeddable":true,"href":"http:\/\/www.rtvnoticias.com.ar\/index.php?rest_route=%2Fwp%2Fv2%2Ftags&post=35399"}],"curies":[{"name":"wp","href":"https:\/\/api.w.org\/{rel}","templated":true}]}}